{"id":20368,"date":"2021-05-14T13:51:13","date_gmt":"2021-05-14T11:51:13","guid":{"rendered":"https:\/\/www.generationsanstabac.org\/actualites\/pakistan-la-hausse-des-prix-du-tabac-incite-a-arret\/"},"modified":"2021-05-14T13:51:13","modified_gmt":"2021-05-14T11:51:13","slug":"pakistan-la-hausse-des-prix-du-tabac-incite-a-arret","status":"publish","type":"actualites","link":"https:\/\/www.generationsanstabac.org\/fr\/actualites\/pakistan-la-hausse-des-prix-du-tabac-incite-a-arret\/","title":{"rendered":"Pakistan : la hausse des prix du tabac incite \u00e0 l\u2019arr\u00eat"},"content":{"rendered":"<p style=\"text-align: justify;\"><em>Une r\u00e9cente \u00e9tude r\u00e9alis\u00e9e par le Pakistan Institute of Development Economics (PIDE)<a href=\"#_ftn1\" name=\"_ftnref1\"><strong>[1]<\/strong><\/a> montre qu&rsquo;une majorit\u00e9 de fumeurs au Pakistan pr\u00e9f\u00e9reraient arr\u00eater de fumer au lieu de passer \u00e0 d&rsquo;autres marques si les prix du tabac augmentaient de mani\u00e8re significative. <\/em><\/p>\n<p style=\"text-align: justify;\">L&rsquo;\u00e9tude, intitul\u00e9e Changer, r\u00e9duire ou arr\u00eater : comment les fumeurs r\u00e9agissent-ils aux augmentations de taxes sur le tabac au Pakistan, sugg\u00e8re qu&rsquo;une augmentation de 50% du prix des cigarettes entra\u00eenerait une forte r\u00e9duction de la demande de cigarettes au Pakistan.<\/p>\n<p style=\"text-align: justify;\">L\u2019\u00e9tude s\u2019appuie sur les donn\u00e9es d\u2019une l&rsquo;enqu\u00eate portant sur le poids du tabac dans la consommation au Pakistan<a href=\"#_ftn2\" name=\"_ftnref2\">[2]<\/a>. Cette enqu\u00eate a \u00e9t\u00e9 r\u00e9alis\u00e9e aupr\u00e8s d\u2019un \u00e9chantillon repr\u00e9sentatif de 12 140 m\u00e9nages, \u00e0 l&rsquo;\u00e9chelle nationale.<\/p>\n<h2 style=\"text-align: justify;\">Une relation forte entre hausse des prix et intention d\u2019arr\u00eat<\/h2>\n<p style=\"text-align: justify;\">Dans cette enqu\u00eate, les fumeurs \u00e9taient interrog\u00e9s \u00e0 propos de divers sc\u00e9narios d&rsquo;augmentation de prix (+20%, +30%, +40% et +50 %) concernant leur marque de cigarettes pr\u00e9f\u00e9r\u00e9e. Pour chaque variation de prix, il leur \u00e9t\u00e9 demand\u00e9 s&rsquo;ils continueraient \u00e0 consommer cette marque et les changements \u00e9ventuels associ\u00e9s. Les r\u00e9sultats montrent une corr\u00e9lation entre la hausse des prix et le nombre de fumeurs qui d\u00e9clarent opter pour l\u2019arr\u00eat. Avec une hausse de 20% des prix, environ 15% des fumeurs interrog\u00e9s arr\u00eateraient de consommer leur marque. Pour une hausse de 30%, un peu plus de 20% des sond\u00e9s arr\u00eateraient, avec 40% de hausse, 35% des fumeurs indiquaient arr\u00eater et la moiti\u00e9 d\u2019entre eux d\u00e9clarent vouloir arr\u00eater en cas de hausse de 50% des prix.<\/p>\n<h2 style=\"text-align: justify;\">Les fumeurs tr\u00e8s loyaux \u00e0 leur marque de cigarettes<\/h2>\n<p style=\"text-align: justify;\">L&rsquo;\u00e9tude montre que seulement 9% des consommateurs de cigarettes d\u00e9claraient vouloir changer de produits en cas d&rsquo;augmentation du prix de leurs cigarettes tandis que 52,5% d\u00e9clarent qu\u2019ils arr\u00eateraient de fumer et 38% qu\u2019ils r\u00e9duiraient leur consommation. Parmi ces 9%, environ 42% choisiraient une autre marque de cigarettes plus abordable, le reste passerait \u00e0 d\u2019autres produits du tabac et de la nicotine (tabac \u00e0 m\u00e2cher, cigarette \u00e9lectronique\u2026).<\/p>\n<p style=\"text-align: justify;\">Interrog\u00e9s sur leurs habitudes de consommation, seuls 2,6% des fumeurs ont d\u00e9clar\u00e9 \u00eatre pass\u00e9s \u00e0 d&rsquo;autres marques ou \u00e0 d&rsquo;autres produits du tabac depuis qu\u2019ils ont commenc\u00e9 \u00e0 fumer. Cette tr\u00e8s faible proportion souligne la fid\u00e9lit\u00e9 du consommateur \u00e0 la marque ou au produit. Cette fid\u00e9lit\u00e9 est une des caract\u00e9ristiques de la consommation de produits du tabac et constitue l\u2019un des enjeux pour les fabricants dans leur strat\u00e9gie de marketing et de ciblage des jeunes.<\/p>\n<h2 style=\"text-align: justify;\">Des politiques fiscales efficaces pour r\u00e9duire l\u2019initiation et encourager l\u2019arr\u00eat<\/h2>\n<p style=\"text-align: justify;\">De nombreuses \u00e9tudes soulignent que la hausse des taxes sur le tabac est le moyen le plus efficace de r\u00e9duire la consommation, notamment chez les jeunes. Des prix \u00e9lev\u00e9s dissuadent les jeunes de commencer \u00e0 fumer et\/ou les incitent \u00e0 l\u2019arr\u00eat. Cette sensibilit\u00e9 au prix est encore plus forte dans les pays \u00e0 revenu faible ou interm\u00e9diaire. Selon les r\u00e9sultats de l\u2019\u00e9tude, environ 85% des fumeurs ont d\u00e9clar\u00e9 avoir commenc\u00e9 \u00e0 fumer avant l\u2019\u00e2ge de 25 ans au Pakistan et la majorit\u00e9 des fumeurs interrog\u00e9s (65%) ont d\u00e9clar\u00e9 consommer les marques les moins ch\u00e8res.<\/p>\n<p style=\"text-align: justify;\">Ces r\u00e9sultats valident une nouvelle fois le fait que des produits du tabac financi\u00e8rement abordables sont un facteur majeur de la consommation et qu\u2019<em>a contrario<\/em> une politique fiscale forte participe directement \u00e0 la r\u00e9duction de la consommation de tabac en incitant un grand nombre de fumeurs \u00e0 envisager l\u2019arr\u00eat.<\/p>\n<p style=\"text-align: justify;\"> Au Pakistan, les droits d&rsquo;accise sur le tabac sont bien inf\u00e9rieurs au seuil de 70% pr\u00e9conis\u00e9s par l&rsquo;OMS. Pour les auteurs de l\u2019\u00e9tude, les taxes devraient \u00eatre port\u00e9es \u00e0 ce seuil pour avoir un impact significatif sur la r\u00e9duction de la consommation de cigarettes.<\/p>\n<p style=\"text-align: justify;\"><strong>Mots cl\u00e9s : Pakistan, Taxes, Marques, Tabac, Prix<\/strong><\/p>\n<p><strong><a href=\"https:\/\/www.generationsanstabac.org\/\">\u00a9G\u00e9n\u00e9ration Sans Tabac<\/a><\/strong><\/p>\n<hr \/>\n<p><a href=\"#_ftnref1\" name=\"_ftn1\">[1]<\/a> Durre Nayab, Muhammad Nasir, Junaid Alam Memon, Omer Siddique, Switch, Reduce or Quit : How do Smokers respond to tobacco taxes increase in Pakistan ? Pakistan Institute of Development Economics, avril 2021, <a href=\"https:\/\/tobacconomics.org\/files\/research\/681\/pide-rp-switching-final.pdf\" target=\"_blank\" rel=\"noopener\">https:\/\/tobacconomics.org\/files\/research\/681\/pide-rp-switching-final.pdf<\/a><\/p>\n<p><a href=\"#_ftnref2\" name=\"_ftn2\">[2]<\/a> Saqib MAN, Rafique I, Qureshi H, Munir MA, Bashir R, Arif BW, Bhatti K, Ahmed SAK, Bhatti L. Burden of Tobacco in Pakistan: Findings From Global Adult Tobacco Survey 2014. <i data-stringify-type=\"italic\">Nicotine Tob Res.<\/i> 2018 Aug 14;20(9):1138-1143. doi: <a class=\"c-link\" href=\"https:\/\/doi.org\/10.1093\/ntr\/ntx179\" target=\"_blank\" rel=\"noopener noreferrer\" data-stringify-link=\"https:\/\/doi.org\/10.1093\/ntr\/ntx179\" data-sk=\"tooltip_parent\">10.1093\/ntr\/ntx179<\/a>. Erratum in: <i data-stringify-type=\"italic\">Nicotine Tob Res<\/i>. 2019 Jan 1;21(1):136. PMID: 29059338.<\/p>\n<p><span style=\"color: #999999;\"><strong><a style=\"color: #999999;\" href=\"http:\/\/www.cnct.fr\/\" target=\"_blank\" rel=\"noopener noreferrer\">Comit\u00e9 National Contre le Tabagisme |<\/a><\/strong><\/span><\/p>\n","protected":false},"excerpt":{"rendered":"<p>Une r\u00e9cente \u00e9tude r\u00e9alis\u00e9e par le Pakistan Institute of Development Economics (PIDE) montre qu&rsquo;une majorit\u00e9 de fumeurs au Pakistan pr\u00e9f\u00e9reraient arr\u00eater de fumer au lieu de passer \u00e0 d&rsquo;autres marques si les prix du tabac augmentaient de mani\u00e8re significative.<\/p>\n","protected":false},"featured_media":20031,"template":"","tags":[],"thematique":[491,474],"class_list":["post-20368","actualites","type-actualites","status-publish","has-post-thumbnail","hentry","thematique-politiques-publiques","thematique-sante"],"acf":[],"_links":{"self":[{"href":"https:\/\/www.generationsanstabac.org\/fr\/wp-json\/wp\/v2\/actualites\/20368","targetHints":{"allow":["GET"]}}],"collection":[{"href":"https:\/\/www.generationsanstabac.org\/fr\/wp-json\/wp\/v2\/actualites"}],"about":[{"href":"https:\/\/www.generationsanstabac.org\/fr\/wp-json\/wp\/v2\/types\/actualites"}],"version-history":[{"count":0,"href":"https:\/\/www.generationsanstabac.org\/fr\/wp-json\/wp\/v2\/actualites\/20368\/revisions"}],"wp:featuredmedia":[{"embeddable":true,"href":"https:\/\/www.generationsanstabac.org\/fr\/wp-json\/wp\/v2\/media\/20031"}],"wp:attachment":[{"href":"https:\/\/www.generationsanstabac.org\/fr\/wp-json\/wp\/v2\/media?parent=20368"}],"wp:term":[{"taxonomy":"post_tag","embeddable":true,"href":"https:\/\/www.generationsanstabac.org\/fr\/wp-json\/wp\/v2\/tags?post=20368"},{"taxonomy":"thematique","embeddable":true,"href":"https:\/\/www.generationsanstabac.org\/fr\/wp-json\/wp\/v2\/thematique?post=20368"}],"curies":[{"name":"wp","href":"https:\/\/api.w.org\/{rel}","templated":true}]}}