{"id":20354,"date":"2021-04-29T08:00:34","date_gmt":"2021-04-29T06:00:34","guid":{"rendered":"https:\/\/www.generationsanstabac.org\/actualites\/le-tabagisme-passif-augmente-le-risque-de-cancer-de-la-bouche\/"},"modified":"2021-04-29T08:00:34","modified_gmt":"2021-04-29T06:00:34","slug":"le-tabagisme-passif-augmente-le-risque-de-cancer-de-la-bouche","status":"publish","type":"actualites","link":"https:\/\/www.generationsanstabac.org\/fr\/actualites\/le-tabagisme-passif-augmente-le-risque-de-cancer-de-la-bouche\/","title":{"rendered":"Le tabagisme passif augmente le risque de cancer de la bouche"},"content":{"rendered":"<p style=\"text-align: justify;\"><em>Une \u00e9tude publi\u00e9e dans la revue Tobacco Control<a href=\"#_ftn1\" name=\"_ftnref1\"><strong>[1]<\/strong><\/a> r\u00e9v\u00e8le que les personnes expos\u00e9es \u00e0 la fum\u00e9e secondaire \u00e9taient 51% plus susceptibles de d\u00e9velopper un cancer de la bouche, qui affecte principalement les l\u00e8vres, la langue, le palais, les gencives ou l&rsquo;int\u00e9rieur des joues.<\/em><\/p>\n<p style=\"text-align: justify;\">Le tabagisme actif est une cause bien connue de cancer de la bouche, cependant, il n&rsquo;avait pas encore \u00e9t\u00e9 \u00e9tabli si le tabagisme passif provoque \u00e9galement ce type de cancer. Le but de cette \u00e9tude \u00e9tait d&rsquo;\u00e9valuer l&rsquo;association potentielle entre l&rsquo;exposition \u00e0 la fum\u00e9e secondaire et le risque de cancer de la bouche.<\/p>\n<p style=\"text-align: justify;\">L&rsquo;\u00e9tude a examin\u00e9 et analys\u00e9 cinq publications portant sur 6 977 personnes, dont 3 452 \u00e9taient expos\u00e9es \u00e0 la fum\u00e9e secondaire et 3 525 ne l&rsquo;\u00e9taient pas. Ces \u00e9tudes avaient \u00e9t\u00e9 men\u00e9es en Asie, en Europe, en Am\u00e9rique du Nord et en Am\u00e9rique latine.<\/p>\n<h2 style=\"text-align: justify;\">Des r\u00e9sultats qui confirment une nouvelle fois la dangerosit\u00e9 du tabagisme passif<\/h2>\n<p style=\"text-align: justify;\">Les cancers buccaux repr\u00e9sentent pr\u00e8s de 450 000 nouveaux cas de cancer et 230 000 d\u00e9c\u00e8s chaque ann\u00e9e dans le monde<a href=\"#_ftn2\" name=\"_ftnref2\">[2]<\/a>. Les facteurs de risque importants de ces formes de cancer comprennent le tabagisme actif, l&rsquo;usage de tabac \u00e0 m\u00e2cher\/chiquer ou la consommation d&rsquo;alcool. Les cancers de la bouche sont six fois plus fr\u00e9quents parmi les fumeurs ou ex-fumeurs que parmi les non-fumeurs<a href=\"#_ftn3\" name=\"_ftnref3\">[3]<\/a>. Les r\u00e9sultats de cette analyse ont montr\u00e9 que les personnes expos\u00e9es \u00e0 la fum\u00e9e secondaire avaient un risque 51% plus \u00e9lev\u00e9 de d\u00e9velopper un cancer de la bouche que les non-fumeurs non expos\u00e9s au tabagisme passif. De plus, lorsque la dur\u00e9e d&rsquo;exposition au tabagisme passif d\u00e9passe 10\/15 ans, le risque de cancer de la bouche pour les personnes non-fumeurs expos\u00e9es fait plus que doubler par rapport aux personnes non expos\u00e9es.<\/p>\n<p style=\"text-align: justify;\">En outre, une association positive a \u00e9t\u00e9 rapport\u00e9e entre l&rsquo;exposition \u00e0 la fum\u00e9e de tabac secondaire et les cancers du larynx et du pharynx<a href=\"#_ftn4\" name=\"_ftnref4\">[4]<\/a>. Ce risque de survenue d\u2019un cancer chez les non-fumeurs expos\u00e9s est augment\u00e9 d\u2019environ 25 % par rapport aux non-fumeurs non expos\u00e9s<a href=\"#_ftn5\" name=\"_ftnref5\">[5]<\/a>.<\/p>\n<p style=\"text-align: justify;\">Il est prouv\u00e9 par ailleurs que la fum\u00e9e secondaire augmente le risque cardio-vasculaire, provoque ou aggrave les maladies respiratoires et augmente le risque de d\u00e9c\u00e8s d&rsquo;au moins 30%<a href=\"#_ftn6\" name=\"_ftnref6\">[6]<\/a>. Chez les femmes enceintes, l&rsquo;exposition \u00e0 la fum\u00e9e secondaire peut entra\u00eener un faible poids de l\u2019enfant \u00e0 la naissance, un accouchement pr\u00e9matur\u00e9, et provoquer le syndrome de mort subite du nourrisson. Selon l\u2019\u00e9tude, dans le monde un tiers (33%) des hommes, 35% des femmes et deux enfants sur cinq (40%) subissent une exposition passive, bien qu&rsquo;ils ne fument pas eux-m\u00eames.<\/p>\n<p style=\"text-align: justify;\">Les auteurs rappellent que l&rsquo;identification de ces effets nocifs doit venir en appui des actions des professionnels de la sant\u00e9 publique mais aussi orienter les d\u00e9cideurs dans les politiques publiques. Ceci concerne en particulier les politiques de pr\u00e9vention et d\u2019application des interdictions de fumer pour lesquelles de bonnes pratiques ont \u00e9t\u00e9 d\u00e9finies dans les <a href=\"https:\/\/www.who.int\/fctc\/cop\/art%208%20guidelines_french.pdf?ua=1\">lignes directrices de l&rsquo;article 8 de la Convention-cadre de l&rsquo;OMS<\/a>.<\/p>\n<p style=\"text-align: justify;\"><strong>Mots cl\u00e9s : Tabagisme passif, sant\u00e9, Cancer, Cancer de la bouche<\/strong><\/p>\n<p style=\"text-align: justify;\"><strong><a href=\"https:\/\/www.generationsanstabac.org\/\">\u00a9G\u00e9n\u00e9ration Sans Tabac<\/a><\/strong><\/p>\n<hr \/>\n<p><a href=\"#_ftnref1\" name=\"_ftn1\">[1]<\/a> Mariano LC, Warnakulasuryia S, Straif K, et al. Secondhand smoke exposure and oral cancer risk: a<\/p>\n<p>systematic review and meta-analysis, Tob Control Epub ahead of print: [28\/04\/2021]. <a href=\"https:\/\/tobaccocontrol.bmj.com\/content\/tobaccocontrol\/early\/2021\/03\/18\/tobaccocontrol-2020-056393.full.pdf\">doi:10.1136\/tobaccocontrol-2020-056393<\/a><\/p>\n<p><a href=\"#_ftnref2\" name=\"_ftn2\">[2]<\/a> Ferlay J, Colombet M, Soerjomataram I, et al. Estimating the global cancer incidence and mortality in 2018: GLOBOCAN sources and methods. Int J Cancer 2019;144:1941\u201353<\/p>\n<p><a href=\"#_ftnref3\" name=\"_ftn3\">[3]<\/a> <a href=\"https:\/\/www.cancer-environnement.fr\/614-Cancer-de-la-cavite-buccale-orale.ce.aspx\">Cancer de la cavit\u00e9 buccale (orale),<\/a> Cancer Environnement, mis \u00e0 jour le 8 f\u00e9vrier 2021, consult\u00e9 le 22 avril 2021<\/p>\n<p><a href=\"#_ftnref4\" name=\"_ftn4\">[4]<\/a> IARC Working Group on the Evaluation of Carcinogenic Risks to Humans. Personal habits and indoor combustions. volume 100 E. A review of human carcinogens. IARC Monogr Eval Carcinog Risks Hum 2012;100:1\u2013538<\/p>\n<p><a href=\"#_ftnref5\" name=\"_ftn5\">[5]<\/a> Stayner L, Bena J, Sasco AJ, Smith R, Steenland K, Kreuzer M, et al. Lung cancer risk and workplace exposure to environmental tobacco smoke. Am J Public Health. 2007;97(3):545-51.<\/p>\n<p><a href=\"#_ftnref6\" name=\"_ftn6\">[6]<\/a> CNCT, <a href=\"https:\/\/cnct.fr\/le-tabagisme-passif-un-risque-mortel\/\">Le tabagisme passif, un risque mortel<\/a><\/p>\n<p><span style=\"color: #999999;\"><strong><a style=\"color: #999999;\" href=\"http:\/\/www.cnct.fr\/\" target=\"_blank\" rel=\"noopener noreferrer\">Comit\u00e9 National Contre le Tabagisme |<\/a><\/strong><\/span><\/p>\n","protected":false},"excerpt":{"rendered":"<p>Une \u00e9tude publi\u00e9e dans la revue Tobacco Control r\u00e9v\u00e8le que les personnes expos\u00e9es \u00e0 la fum\u00e9e secondaire \u00e9taient 51% plus susceptibles de d\u00e9velopper un cancer de la bouche, qui affecte principalement les l\u00e8vres, la langue, le palais, les gencives ou l&rsquo;int\u00e9rieur des joues.<\/p>\n","protected":false},"featured_media":19812,"template":"","tags":[],"thematique":[474],"class_list":["post-20354","actualites","type-actualites","status-publish","has-post-thumbnail","hentry","thematique-sante"],"acf":[],"_links":{"self":[{"href":"https:\/\/www.generationsanstabac.org\/fr\/wp-json\/wp\/v2\/actualites\/20354","targetHints":{"allow":["GET"]}}],"collection":[{"href":"https:\/\/www.generationsanstabac.org\/fr\/wp-json\/wp\/v2\/actualites"}],"about":[{"href":"https:\/\/www.generationsanstabac.org\/fr\/wp-json\/wp\/v2\/types\/actualites"}],"version-history":[{"count":0,"href":"https:\/\/www.generationsanstabac.org\/fr\/wp-json\/wp\/v2\/actualites\/20354\/revisions"}],"wp:featuredmedia":[{"embeddable":true,"href":"https:\/\/www.generationsanstabac.org\/fr\/wp-json\/wp\/v2\/media\/19812"}],"wp:attachment":[{"href":"https:\/\/www.generationsanstabac.org\/fr\/wp-json\/wp\/v2\/media?parent=20354"}],"wp:term":[{"taxonomy":"post_tag","embeddable":true,"href":"https:\/\/www.generationsanstabac.org\/fr\/wp-json\/wp\/v2\/tags?post=20354"},{"taxonomy":"thematique","embeddable":true,"href":"https:\/\/www.generationsanstabac.org\/fr\/wp-json\/wp\/v2\/thematique?post=20354"}],"curies":[{"name":"wp","href":"https:\/\/api.w.org\/{rel}","templated":true}]}}