{"id":20351,"date":"2021-04-28T09:38:19","date_gmt":"2021-04-28T07:38:19","guid":{"rendered":"https:\/\/www.generationsanstabac.org\/actualites\/retrait-invalidite-article-scientifique-fumeurs-moins-atteints-covid-19\/"},"modified":"2021-04-28T09:38:19","modified_gmt":"2021-04-28T07:38:19","slug":"retrait-invalidite-article-scientifique-fumeurs-moins-atteints-covid-19","status":"publish","type":"actualites","link":"https:\/\/www.generationsanstabac.org\/fr\/actualites\/retrait-invalidite-article-scientifique-fumeurs-moins-atteints-covid-19\/","title":{"rendered":"Nicotine et Covid : un conflit d&rsquo;int\u00e9r\u00eat non d\u00e9clar\u00e9 invalide une \u00e9tude"},"content":{"rendered":"<p style=\"text-align: justify;\"><em>Un article de l\u2019European Respiratory Journal, publi\u00e9 en juillet 2020, vient d\u2019\u00eatre retir\u00e9 de publication apr\u00e8s la r\u00e9v\u00e9lation des liens de ses auteurs avec l\u2019industrie du tabac. <\/em><\/p>\n<p style=\"text-align: justify;\">De fa\u00e7on g\u00e9n\u00e9rale, fumer du tabac alt\u00e8re la fonction respiratoire et rend les fumeurs plus susceptibles de d\u00e9velopper des sympt\u00f4mes s\u00e9v\u00e8res en cas d\u2019infection respiratoire. Les coronavirus sont pr\u00e9cis\u00e9ment des virus qui s\u2019attaquent aux poumons et \u00e0 la fonction respiratoire. Malgr\u00e9 quelques \u00e9tudes contradictoires sur ce th\u00e8me, une majorit\u00e9 d\u2019\u00e9tudes montre que les fumeurs ont tendance \u00e0 d\u00e9velopper des formes plus s\u00e9v\u00e8res de la COVID-19 que les non-fumeurs.<\/p>\n<h2 style=\"text-align: justify;\">Des conflits d\u2019int\u00e9r\u00eats non d\u00e9clar\u00e9s<\/h2>\n<p style=\"text-align: justify;\">Une \u00e9tude publi\u00e9e en juillet 2020 dans l\u2019European Respiratory Journal indiquait pourtant que les fumeurs seraient moins susceptibles, \u00e0 hauteur de 23%, de contracter la COVID-19. Cette \u00e9tude vient d\u2019\u00eatre retir\u00e9e de publication le 22 avril 2021, suite \u00e0 la r\u00e9v\u00e9lation par l\u2019Organisation Mondiale de la Sant\u00e9 (OMS) des liens financiers qui unissent les auteurs de l\u2019\u00e9tude \u00e0 l\u2019industrie du tabac. Ces auteurs avaient pourtant signal\u00e9 n\u2019avoir aucun conflit d\u2019int\u00e9r\u00eats, sans quoi les \u00e9diteurs de la revue scientifique \u00ab n\u2019auraient pas donn\u00e9 leur accord pour la publication de cet article \u00bb [1].<\/p>\n<p style=\"text-align: justify;\">Deux auteurs de cette \u00e9tude sont mis en cause : Jos\u00e9 M. Mier, qui continue de remplir des missions de consultant pour l\u2019industrie du tabac sur la r\u00e9duction des risques, et Konstantinos Poulas, l\u2019un des principaux chercheurs \u0153uvrant pour l\u2019institut grec NOSMOKE, lequel a re\u00e7u des fonds de la Fondation pour un monde sans fum\u00e9e, financ\u00e9e par Philip Morris International. Dans un <a href=\"https:\/\/www.lemonde.fr\/planete\/article\/2020\/12\/19\/petites-ficelles-et-grandes-man-uvres-de-l-industrie-du-tabac-pour-rehabiliter-la-nicotine_6063922_3244.html\">article du Monde<\/a> paru en d\u00e9cembre 2020, la journaliste St\u00e9phane Horel pointait du doigt l&rsquo;affiliation de Konstantinos Poulas au laboratoire de biologie mol\u00e9culaire, ayant b\u00e9n\u00e9fici\u00e9 de financements de la soci\u00e9t\u00e9 Nobacco, devenue le distributeur unique de Vype et de Glo en 2018 \u00e0 la suite d&rsquo;un accord avec British American Tobacco.<\/p>\n<p style=\"text-align: justify;\">Au-del\u00e0 de ces liens avec l\u2019industrie du tabac, la pertinence des r\u00e9sultats de cette \u00e9tude a \u00e9t\u00e9 \u00e9valu\u00e9e. De nombreux biais entourent en effet les \u00e9chantillons de malades \u00e9tudi\u00e9s : le statut des fumeurs et ex-fumeurs n\u2019\u00e9tait pas toujours renseign\u00e9, tout comme l\u2019intensit\u00e9 et la dur\u00e9e de leur tabagisme, laissant croire qu\u2019ils \u00e9taient moins pr\u00e9sents parmi les cas de formes s\u00e9v\u00e8res de la maladie [2]. L\u2019hypoth\u00e8se d\u2019un \u00ab paradoxe du fumeur \u00bb face \u00e0 la COVID-19 est ainsi entretenue.<\/p>\n<h2 style=\"text-align: justify;\">L\u2019industrie du tabac aux aguets<\/h2>\n<p style=\"text-align: justify;\">Depuis mars 2020, la crise sanitaire li\u00e9e \u00e0 la COVID-19 a donn\u00e9 lieu \u00e0 une intense activit\u00e9 de l\u2019industrie du tabac. Elle a par exemple \u00e9t\u00e9 l\u2019occasion pour cette industrie de d\u00e9ployer d\u2019importants efforts dans de nombreux pays pour perp\u00e9tuer les ventes et l\u2019approvisionnement de tabac, pour promouvoir ses nouveaux produits ainsi que pour contrer les mesures de restriction de vente de tabac (en Afrique du Sud, en particulier). L\u2019industrie du tabac a aussi profit\u00e9 de cette crise pour d\u00e9velopper sa strat\u00e9gie de responsabilit\u00e9 sociale, destin\u00e9e \u00e0 redorer son image en Europe comme dans les pays \u00e9mergents et en d\u00e9veloppement [3].<\/p>\n<p style=\"text-align: justify;\">La crise sanitaire a par ailleurs donn\u00e9 lieu \u00e0 une bataille d\u2019\u00e9tudes scientifiques, permettant \u00e0 l\u2019industrie du tabac d\u2019alimenter sa strat\u00e9gie du doute. Les quelques \u00e9tudes pr\u00eatant des vertus protectrices \u00e0 la nicotine ont \u00e9t\u00e9 largement relay\u00e9es par les m\u00e9dias mais sont toujours en attente de confirmation et le \u00ab paradoxe du fumeur \u00bb semble le plus souvent li\u00e9 \u00e0 un manque de donn\u00e9es m\u00e9dicales sur l\u2019historique tabagique des personnes intub\u00e9es [4]. Si ce \u00ab paradoxe \u00bb reste donc \u00e0 d\u00e9montrer, de nombreuses observations semblent en revanche indiquer que le tabagisme est bien \u00ab un facteur de gravit\u00e9 et d\u2019\u00e9volution d\u00e9favorable de la COVID-19 \u00bb [5]. Les cons\u00e9quences du tabagisme en termes de mortalit\u00e9 et de morbidit\u00e9 sont quant \u00e0 elles abondamment document\u00e9es et conduisent \u00e0 rappeler l\u2019urgence d\u2019arr\u00eater de fumer le plus vite possible.<\/p>\n<p style=\"text-align: justify;\"><strong>Mots-cl\u00e9s : COVID-19, Conflits d\u2019int\u00e9r\u00eats, Nicotine, RSE, Ing\u00e9rence<\/strong><\/p>\n<p style=\"text-align: justify;\"><strong><a href=\"https:\/\/www.generationsanstabac.org\/\">\u00a9G\u00e9n\u00e9ration Sans Tabac<\/a><\/strong><\/p>\n<hr \/>\n<p style=\"text-align: justify;\">[1] Bogart N, <a href=\"https:\/\/www.ctvnews.ca\/health\/coronavirus\/scientific-paper-claiming-smokers-less-likely-to-contract-covid-19-retracted-over-tobacco-industry-links-1.5398483\"><em>Scientific paper claiming smokers less likely to contract COVID-19 retracted over tobacco industry links<\/em><\/a>, CTVNews<em>.<\/em> Publi\u00e9 le 22 avril 2021, consult\u00e9 le 26 avril 2021.<\/p>\n<p style=\"text-align: justify;\">[2] Davey M, <a href=\"https:\/\/www.theguardian.com\/science\/2021\/apr\/22\/scientific-paper-claiming-smokers-less-likely-to-acquire-covid-retracted-over-tobacco-industry-links\"><em>Scientific paper claiming smokers less likely to acquire Covid retracted over tobacco industry links<\/em><\/a>, The Guardian. Publi\u00e9 le 22 avril 2021, consult\u00e9 le 26 avril 2021.<\/p>\n<p style=\"text-align: justify;\">[3] G\u00e9n\u00e9ration Sans Tabac. <a href=\"https:\/\/www.generationsanstabac.org\/actualites\/europe-lindustrie-du-tabac-instrumentalise-la-pandemie-de-covid19\/\"><em>Europe, l\u2019industrie du tabac instrumentalise la pand\u00e9mie de Covid19<\/em><\/a>. Publi\u00e9 le 15 octobre 2020, consult\u00e9 le 26 avril 2021.<\/p>\n<p style=\"text-align: justify;\">[4] Thomas D, Berlin I, <a href=\"https:\/\/www.ncbi.nlm.nih.gov\/pmc\/articles\/PMC7709785\/\"><em>Covid-19 et tabagisme<\/em>, Archives des Maladies du C\u0153ur et des  Vaisseaux &#8211; Pratique<\/a>. 2021 Jan; 2021(294): 26\u201329. Publi\u00e9 en ligne le 2 d\u00e9cembre 2020, consult\u00e9 le 26 avril 2020.<\/p>\n<p style=\"text-align: justify;\">[5] Haut Conseil de Sant\u00e9 Publique,<a href=\"https:\/\/www.hcsp.fr\/explore.cgi\/avisrapportsdomaine?clefr=818\"> <em>Avis relatif au lien entre le tabagisme et la Covid-19<\/em><\/a>. Consult\u00e9 le 26 avril 2021.<\/p>\n<p style=\"text-align: justify;\"><span style=\"color: #999999;\"><strong><a style=\"color: #999999;\" href=\"http:\/\/www.cnct.fr\/\" target=\"_blank\" rel=\"noopener noreferrer\">Comit\u00e9 National Contre le Tabagisme |<\/a><\/strong><\/span><\/p>\n","protected":false},"excerpt":{"rendered":"<p>Un article de l\u2019European Respiratory Journal, publi\u00e9 en juillet 2020, vient d\u2019\u00eatre retir\u00e9 de publication apr\u00e8s la r\u00e9v\u00e9lation des liens de ses auteurs avec l\u2019industrie du tabac.<\/p>\n","protected":false},"featured_media":20352,"template":"","tags":[],"thematique":[499,474],"class_list":["post-20351","actualites","type-actualites","status-publish","has-post-thumbnail","hentry","thematique-lobby","thematique-sante"],"acf":[],"_links":{"self":[{"href":"https:\/\/www.generationsanstabac.org\/fr\/wp-json\/wp\/v2\/actualites\/20351","targetHints":{"allow":["GET"]}}],"collection":[{"href":"https:\/\/www.generationsanstabac.org\/fr\/wp-json\/wp\/v2\/actualites"}],"about":[{"href":"https:\/\/www.generationsanstabac.org\/fr\/wp-json\/wp\/v2\/types\/actualites"}],"version-history":[{"count":0,"href":"https:\/\/www.generationsanstabac.org\/fr\/wp-json\/wp\/v2\/actualites\/20351\/revisions"}],"wp:featuredmedia":[{"embeddable":true,"href":"https:\/\/www.generationsanstabac.org\/fr\/wp-json\/wp\/v2\/media\/20352"}],"wp:attachment":[{"href":"https:\/\/www.generationsanstabac.org\/fr\/wp-json\/wp\/v2\/media?parent=20351"}],"wp:term":[{"taxonomy":"post_tag","embeddable":true,"href":"https:\/\/www.generationsanstabac.org\/fr\/wp-json\/wp\/v2\/tags?post=20351"},{"taxonomy":"thematique","embeddable":true,"href":"https:\/\/www.generationsanstabac.org\/fr\/wp-json\/wp\/v2\/thematique?post=20351"}],"curies":[{"name":"wp","href":"https:\/\/api.w.org\/{rel}","templated":true}]}}