{"id":20345,"date":"2021-04-27T07:21:18","date_gmt":"2021-04-27T05:21:18","guid":{"rendered":"https:\/\/www.generationsanstabac.org\/actualites\/appel-associations-nations-unies-menthol-droits-humains\/"},"modified":"2021-04-27T07:21:18","modified_gmt":"2021-04-27T05:21:18","slug":"appel-associations-nations-unies-menthol-droits-humains","status":"publish","type":"actualites","link":"https:\/\/www.generationsanstabac.org\/fr\/actualites\/appel-associations-nations-unies-menthol-droits-humains\/","title":{"rendered":"Des associations appellent les Nations-Unies \u00e0 se pencher sur la question du menthol"},"content":{"rendered":"<p style=\"text-align: justify;\"><em>Pr\u00e8s de 100 organismes \u00e0 travers le monde demandent aux Nations Unies de se pencher sur les effets n\u00e9fastes des cigarettes au menthol sur la sant\u00e9 des Afro-Am\u00e9ricains en tant que question de droits humains, une mesure qui intensifie la pression sur le gouvernement am\u00e9ricain pour qu&rsquo;il interdise les produits du tabac aromatis\u00e9s au menthol.<\/em><\/p>\n<p style=\"text-align: justify;\">Plusieurs dizaines d\u2019associations en sant\u00e9 publique se sont unies pour soumettre un <a href=\"https:\/\/2bark924ef5o2dk1z21reqtf-wpengine.netdna-ssl.com\/wp-content\/uploads\/2021\/04\/CERD-Report-w-signatories-FINAL-1.pdf\">rapport<\/a> au CERD<a href=\"#_ftn1\" name=\"_ftnref1\">[1]<\/a>, un organisme international des droits de l&rsquo;homme compos\u00e9 d&rsquo;experts ind\u00e9pendants, charg\u00e9 de surveiller la mise en \u0153uvre de la <a href=\"https:\/\/www.ohchr.org\/fr\/professionalinterest\/pages\/cerd.aspx\">Convention internationale sur l&rsquo;\u00e9limination de toutes les formes de discrimination raciale<\/a> (ICERD). <a href=\"https:\/\/ash.org\/cerd2021\/\">Action on Smoking and Health<\/a> (ASH) conduit les 97 organisations du monde entier dans cet appel de sant\u00e9 publique pour mettre fin \u00e0 la discrimination raciale.<\/p>\n<p style=\"text-align: justify;\">Ces groupes souhaitent que le comit\u00e9 demande aux \u00c9tats-Unis d&rsquo;interdire les cigarettes au menthol sur l\u2019ensemble du territoire. Le rapport rappelle que les \u00c9tats-Unis ont ratifi\u00e9 la Convention en 1994 et ont depuis soumis plusieurs rapports p\u00e9riodiques au comit\u00e9. Cependant, le dernier rapport date de 2013 et le pays devait pr\u00e9senter un nouveau rapport en novembre 2017, mais le gouvernement f\u00e9d\u00e9ral n&rsquo;a pas encore soumis son rapport.<\/p>\n<h2 style=\"text-align: justify;\">Un contexte social qui pourrait acc\u00e9l\u00e9rer l\u2019interdiction du menthol<\/h2>\n<p style=\"text-align: justify;\">Ce retard dans la soumission du rapport par le gouvernement des \u00c9tats-Unis est particuli\u00e8rement inqui\u00e9tant \u00e0 un moment o\u00f9 la discrimination raciale est au c\u0153ur de l\u2019actualit\u00e9 et continue d&rsquo;avoir un impact n\u00e9gatif sur les communaut\u00e9s de couleur. Les in\u00e9galit\u00e9s en mati\u00e8re de sant\u00e9 auxquelles sont confront\u00e9es les minorit\u00e9s raciales ont \u00e9t\u00e9 encore exacerb\u00e9es par la pand\u00e9mie COVID-19 et le fl\u00e9au de la consommation des cigarettes au menthol par les Afro-Am\u00e9ricains. La pand\u00e9mie et le mouvement Black Lives Matter ont exerc\u00e9 de nouvelles pressions sur le Congr\u00e8s et la Maison Blanche pour r\u00e9duire ces disparit\u00e9s raciales en mati\u00e8re de sant\u00e9.<\/p>\n<p style=\"text-align: justify;\">Il est essentiel que le gouvernement am\u00e9ricain remplisse ses obligations en mati\u00e8re de droits humains et soumette son rapport au CERD car le menthol, en particulier la publicit\u00e9 cibl\u00e9e sur les cigarettes au menthol, est un obstacle au droit \u00e0 la sant\u00e9 des Afro-Am\u00e9ricains. Selon Laurent Huber, directeur g\u00e9n\u00e9ral d&rsquo;ASH, \u00ab <em>en continuant \u00e0 autoriser la vente de cigarettes menthol\u00e9es, les \u00c9tats-Unis ne parviennent pas \u00e0 prot\u00e9ger la sant\u00e9 des Afro-Am\u00e9ricains. Il est du devoir du gouvernement de prot\u00e9ger les droits humains de ses citoyens. Le comit\u00e9 du CERD peut et doit implorer le gouvernement am\u00e9ricain de s&rsquo;acquitter de cette obligation en mettant fin \u00e0 la vente de cigarettes menthol\u00e9es<\/em> \u00bb. Par cette Convention, les \u00c9tats-Unis sont l\u00e9galement tenus de faire respecter les droits humains, \u00e0 savoir que chacun, sans distinction de sexe, de couleur, d&rsquo;origine, etc., a droit \u00e0 la sant\u00e9 publique.<\/p>\n<h2 style=\"text-align: justify;\">Le fardeau sanitaire du menthol chez les afro-am\u00e9ricains<\/h2>\n<p style=\"text-align: justify;\">Le tabagisme affecte de mani\u00e8re disproportionn\u00e9e de nombreuses populations marginalis\u00e9es &#8211; y compris les personnes des communaut\u00e9s \u00e0 faible revenu, les minorit\u00e9s raciales et ethniques, les personnes LGBT et les personnes atteintes de maladie mentale &#8211; qui ont une longue histoire document\u00e9e d&rsquo;\u00eatre agressivement cibl\u00e9es par l&rsquo;industrie du tabac. L&rsquo;usage du tabac affecte donc directement le droit de ces groupes \u00e0 b\u00e9n\u00e9ficier de mani\u00e8re \u00e9gale et \u00e9quitable au plus haut niveau de sant\u00e9.<\/p>\n<p style=\"text-align: justify;\">Le tabagisme est responsable de plus de 480 000 d\u00e9c\u00e8s par an aux \u00c9tats-Unis et plus de 16 millions d&rsquo;Am\u00e9ricains vivent avec une maladie caus\u00e9e par le tabagisme. Environ 16 000 afro-am\u00e9ricains meurent d&rsquo;un cancer du poumon chaque ann\u00e9e, et les d\u00e9c\u00e8s dus au tabagisme sont environ 18% plus \u00e9lev\u00e9s chez les afro-am\u00e9ricains que chez les blancs. Selon le rapport, pr\u00e8s de 9 Afro-Am\u00e9ricains sur 10 (88,5%) \u00e2g\u00e9s de 12 ans et plus qui fument utilisent des cigarettes au menthol et 67% des disparit\u00e9s globales de sant\u00e9 en mati\u00e8re de mortalit\u00e9 chez les hommes afro-am\u00e9ricains sont li\u00e9es \u00e0 leur forte pr\u00e9valence du tabagisme. Les recherchent montrent que si les cigarettes au menthol \u00e9taient interdites \u00e0 l&rsquo;\u00e9chelle nationale, 44,5% des Afro-am\u00e9ricains qui fument des cigarettes au menthol essaieraient d&rsquo;arr\u00eater.<\/p>\n<h2 style=\"text-align: justify;\">L\u2019interdiction des produits menthol\u00e9s affaiblie par l\u2019opposition de l\u2019industrie du tabac<\/h2>\n<p style=\"text-align: justify;\">Les produits menthol\u00e9s repr\u00e9sentent donc un march\u00e9 juteux pour l\u2019industrie du tabac qui met tout en \u0153uvre pour pr\u00e9server sa client\u00e8le. Le menthol a \u00e9t\u00e9 \u00e0 plusieurs reprises exempt\u00e9 de la l\u00e9gislation sur le tabac aromatis\u00e9 en raison des efforts massifs de lobbying de l&rsquo;industrie du tabac. Pendant des d\u00e9cennies, les compagnies de tabac ont apport\u00e9 des contributions financi\u00e8res strat\u00e9giques et ont travaill\u00e9 pour s&rsquo;aligner sur les dirigeants, politiciens et les m\u00e9dias ax\u00e9s sur la communaut\u00e9 afro-am\u00e9ricaine organisant d&rsquo;\u00e9normes campagnes d&rsquo;opposition contre les efforts politiques pour prot\u00e9ger la sant\u00e9 des Afro-Am\u00e9ricains. En 2020, l\u2019industrie du tabac a d\u00e9multipli\u00e9 les recours en justice pour s\u2019opposer \u00e0 l\u2019interdiction des produits du tabac aromatis\u00e9s \u00e0 l\u2019\u00e9chelle locale aux \u00c9tats-Unis<a href=\"#_ftn2\" name=\"_ftnref2\">[2]<\/a>&#8211;<a href=\"#_ftn3\" name=\"_ftnref3\">[3]<\/a>.<\/p>\n<p style=\"text-align: justify;\">La US Food and Drug Administration (FDA), qui a le pouvoir de r\u00e9guler la vente des produits du tabac, devrait se prononcer sur les cigarettes au menthol d&rsquo;ici le 29 avril dans le cadre d&rsquo;un proc\u00e8s intent\u00e9 par l&rsquo;African American Tobacco Control Leadership Council, ou AATCLC. Le groupe a poursuivi la FDA pour avoir omis de r\u00e9glementer le menthol malgr\u00e9 la demande du Congr\u00e8s de le faire en 2009<a href=\"#_ftn4\" name=\"_ftnref4\">[4]<\/a>. Dans un article paru le 19 avril, l\u2019administration Biden envisagerait \u00e9galement de limiter la quantit\u00e9 de nicotine autoris\u00e9e dans les produits du tabac pour en diminuer l\u2019addiction et interdire la vente des cigarettes menthol\u00e9es au niveau f\u00e9d\u00e9ral<a href=\"#_ftn5\" name=\"_ftnref5\">[5]<\/a>.<\/p>\n<p><strong>Mots cl\u00e9s : Menthol, Droits humains, Nations Unis, Sant\u00e9, \u00c9tats-Unis<\/strong><\/p>\n<p><strong><a href=\"https:\/\/www.generationsanstabac.org\/\">\u00a9G\u00e9n\u00e9ration Sans Tabac<\/a><\/strong><\/p>\n<hr \/>\n<p><a href=\"#_ftnref1\" name=\"_ftn1\"><\/a><a href=\"https:\/\/ash.org\/cerd2021\/\"><sup><u>[1]<\/u><\/sup> 97 organizations agree, UN Human Rights committee must address menthol<\/a>, Action for Smoking and Health, 21 avril 2021, consult\u00e9 le 26 avril 2021<\/p>\n<p><a href=\"#_ftnref2\" name=\"_ftn2\">[2]<\/a> G\u00e9n\u00e9ration Sans Tabac, <a href=\"https:\/\/www.generationsanstabac.org\/actualites\/californie-atteindre-equite-en-matiere-de-sante-par-la-lutte-antitabac\/\">Californie : atteindre l\u2019\u00e9quit\u00e9 en mati\u00e8re de sant\u00e9 par la lutte antitabac<\/a>, 2 avril 2021, consult\u00e9 le 26 avril 2021<\/p>\n<p><a href=\"#_ftnref3\" name=\"_ftn3\">[3]<\/a> G\u00e9n\u00e9ration Sans Tabac<a href=\"https:\/\/www.generationsanstabac.org\/actualites\/californie-interdiction-aromes-reportee-recours-industrie-tabac\/\">, Californie : l\u2019interdiction des ar\u00f4mes report\u00e9e suite au recours de l\u2019industrie du tabac<\/a>, 28 janvier 2021, consult\u00e9 le 26 avril 2021<\/p>\n<p><a href=\"#_ftnref4\" name=\"_ftn4\">[4]<\/a> G\u00e9n\u00e9ration Sans Tabac, <a href=\"https:\/\/www.generationsanstabac.org\/actualites\/etats-unis-fda-interpelee-inaction-menthol\/\">\u00c9tats-Unis : La FDA interpel\u00e9e pour son inaction \u00e0 l\u2019\u00e9gard du menthol<\/a>, 3 mars 2021, consult\u00e9 le 26 avril 2021<\/p>\n<p><a href=\"#_ftnref5\" name=\"_ftn5\">[5]<\/a> G\u00e9n\u00e9ration Sans Tabac, <a href=\"https:\/\/www.generationsanstabac.org\/actualites\/biden-pourrait-interdire-le-menthol-et-reduire-les-niveaux-de-nicotine\/\">Biden pourrait interdire le menthol et r\u00e9duire les niveaux de nicotine<\/a>, 21 avril 2021, consult\u00e9 le 26 avril 2021<\/p>\n<p><span style=\"color: #808080;\"><strong><a style=\"color: #808080;\" href=\"http:\/\/www.cnct.fr\/\" target=\"_blank\" rel=\"noopener noreferrer\">Comit\u00e9 National Contre le Tabagisme |<\/a><\/strong><\/span><\/p>\n","protected":false},"excerpt":{"rendered":"<p>Pr\u00e8s de 100 organismes \u00e0 travers le monde demandent aux Nations Unies de se pencher sur les effets n\u00e9fastes des cigarettes au menthol sur la sant\u00e9 des Afro-Am\u00e9ricains en tant que question de droits humains, une mesure qui intensifie la pression sur le gouvernement am\u00e9ricain pour qu&rsquo;il interdise les produits du tabac aromatis\u00e9s au menthol.<\/p>\n","protected":false},"featured_media":10468,"template":"","tags":[],"thematique":[502,474],"class_list":["post-20345","actualites","type-actualites","status-publish","has-post-thumbnail","hentry","thematique-justice","thematique-sante"],"acf":[],"_links":{"self":[{"href":"https:\/\/www.generationsanstabac.org\/fr\/wp-json\/wp\/v2\/actualites\/20345","targetHints":{"allow":["GET"]}}],"collection":[{"href":"https:\/\/www.generationsanstabac.org\/fr\/wp-json\/wp\/v2\/actualites"}],"about":[{"href":"https:\/\/www.generationsanstabac.org\/fr\/wp-json\/wp\/v2\/types\/actualites"}],"version-history":[{"count":0,"href":"https:\/\/www.generationsanstabac.org\/fr\/wp-json\/wp\/v2\/actualites\/20345\/revisions"}],"wp:featuredmedia":[{"embeddable":true,"href":"https:\/\/www.generationsanstabac.org\/fr\/wp-json\/wp\/v2\/media\/10468"}],"wp:attachment":[{"href":"https:\/\/www.generationsanstabac.org\/fr\/wp-json\/wp\/v2\/media?parent=20345"}],"wp:term":[{"taxonomy":"post_tag","embeddable":true,"href":"https:\/\/www.generationsanstabac.org\/fr\/wp-json\/wp\/v2\/tags?post=20345"},{"taxonomy":"thematique","embeddable":true,"href":"https:\/\/www.generationsanstabac.org\/fr\/wp-json\/wp\/v2\/thematique?post=20345"}],"curies":[{"name":"wp","href":"https:\/\/api.w.org\/{rel}","templated":true}]}}