{"id":20339,"date":"2021-04-20T07:39:15","date_gmt":"2021-04-20T05:39:15","guid":{"rendered":"https:\/\/www.generationsanstabac.org\/actualites\/combat-philip-morris-sante-publique\/"},"modified":"2021-04-20T07:39:15","modified_gmt":"2021-04-20T05:39:15","slug":"combat-philip-morris-sante-publique","status":"publish","type":"actualites","link":"https:\/\/www.generationsanstabac.org\/fr\/actualites\/combat-philip-morris-sante-publique\/","title":{"rendered":"Le combat de Philip Morris contre la sant\u00e9 publique"},"content":{"rendered":"<p style=\"text-align: justify;\"><em>Une enqu\u00eate parue dans le journal Le Monde le 14 avril 2021<a href=\"#_ftn1\" name=\"_ftnref1\"><strong>[1]<\/strong><\/a> d\u00e9nonce les efforts du cigarettier Philip Morris international (PMI) dans sa \u00ab guerre \u00bb contre l\u2019Organisation Mondiale de la Sant\u00e9 (OMS) et les experts de la lutte antitabac.<\/em><\/p>\n<p style=\"text-align: justify;\">Les journalistes de cette enqu\u00eate rappellent l\u2019existence de deux documents internes du cigarettier rendus publics par une pr\u00e9c\u00e9dente enqu\u00eate de leurs conf\u00e8res de l\u2019agence Reuters en 2017 et qui \u00ab d\u00e9peignaient une firme en qu\u00eate d\u2019outils pour lutter contre sa \u00ab d\u00e9normalisation\u00bb et sa \u00abdiabolisation \u00bb. Parmi eux figurent les produits \u00e0 \u00ab risques r\u00e9duits \u00bb que le cigarettier veut utiliser pour se positionner \u00ab comme un indispensable partenaire de confiance, \u00e0 la t\u00eate de son secteur, qui apporte des solutions \u00bb. Mais pour y parvenir, il lui faudrait \u00ab \u00eatre \u201cpour\u201d quelque chose \u00bb et \u00ab \u00e9tablir une plateforme positive et proactive \u00bb.<\/p>\n<p style=\"text-align: justify;\">Ainsi en recherche de cr\u00e9dibilit\u00e9 et validation scientifique, Philip Morris s\u2019emploie \u00e0 communiquer \u00e0 travers des personnalit\u00e9s comme Derek Yach, et David Khayat<a href=\"#_ftn2\" name=\"_ftnref2\">[2]<\/a>&#8211;<a href=\"#_ftn3\" name=\"_ftnref3\">[3]<\/a> pour apporter une caution scientifique \u00e0 la promotion de ses nouveaux produits et a recours \u00e0 une fondation : la fondation pour un monde sans fum\u00e9e.<\/p>\n<p style=\"text-align: justify;\">Derek Yach, actuel pr\u00e9sident de la fondation pour un monde sans fum\u00e9e, est l\u2019ancien directeur ex\u00e9cutif charg\u00e9 des maladies non transmissibles et de la sant\u00e9 mentale de l\u2019Initiative pour un monde sans tabac de l\u2019OMS. Expert en sant\u00e9 publique mondialement reconnu et l\u2019un des contributeurs de la <a href=\"https:\/\/www.who.int\/fctc\/text_download\/fr\/\">Convention-Cadre pour la lutte antitabac de l\u2019OMS (CCLAT)<\/a>, Derek Yach, qui avait quitt\u00e9 l\u2019OMS pour rejoindre PepsiCola, a \u00e9t\u00e9 recrut\u00e9 par PMI en 2015 pour devenir le nouveau visage du \u00ab monde sans fum\u00e9e \u00bb du cigarettier.<\/p>\n<h2 style=\"text-align: justify;\"><strong>La Fondation pour un monde sans fum\u00e9e, le faux-nez de Philip Morris International <\/strong><\/h2>\n<p style=\"text-align: justify;\">La Fondation pour un monde sans fum\u00e9e se d\u00e9crit comme \u00ab une organisation ind\u00e9pendante \u00e0 but non lucratif \u00bb cr\u00e9\u00e9e et \u00ab g\u00e9r\u00e9e sans le contr\u00f4le ou l&rsquo;influence de tout tiers \u00bb. Elle affirme qu\u2019elle \u00ab accorde des subventions et soutient les activit\u00e9s m\u00e9dicales, agricoles et la recherche scientifique pour mettre fin au tabagisme et \u00e0 ses effets sur la sant\u00e9. En r\u00e9alit\u00e9, la Fondation a \u00e9t\u00e9 cr\u00e9\u00e9e gr\u00e2ce au financement de PMI qui s\u2019est engag\u00e9 \u00e0 contribuer \u00e0 hauteur de $80 millions par an pour les douze prochaines ann\u00e9es \u00e0 partir de 2018, avec des contributions sp\u00e9cifiques en fonction des \u00ab besoins et op\u00e9rations \u00bb de la Fondation. Le cigarettier reste \u00e0 ce jour l\u2019unique financeur de la Fondation. De plus, l&rsquo;analyse des d\u00e9clarations de revenus de la Fondation r\u00e9v\u00e8le que les subventions et contributions ne sont pas principalement ax\u00e9es sur le financement de la recherche scientifique, mais semblent plut\u00f4t \u00eatre d\u00e9di\u00e9es aux strat\u00e9gies de relations publiques au plaidoyer.<\/p>\n<h2 style=\"text-align: justify;\"><strong>Un discours sur la r\u00e9duction des risques qui sert les int\u00e9r\u00eats de l\u2019industrie<\/strong><\/h2>\n<p style=\"text-align: justify;\">Les ventes globales de cigarettes manufactur\u00e9es ont baiss\u00e9 de 20 % dans les pays \u00e0 hauts revenus, principal march\u00e9 de l\u2019industrie du tabac sur le plan financier. Pour compenser ces pertes, l\u2019industrie a massivement investi dans de \u00ab nouveaux \u00bb produits et sa strat\u00e9gie de \u00ab r\u00e9duction des risques \u00bb. Depuis maintenant sept ans, PMI mise sur son dispositif de tabac chauff\u00e9 pr\u00e9sent\u00e9, par l\u2019industrie elle-m\u00eame, comme \u00e9tant 90 % \u00e0 95 % moins nocif que la cigarette traditionnelle. \u00c0 ce jour, aucune \u00e9tude ind\u00e9pendante n\u2019est pourtant parvenue \u00e0 d\u00e9montrer que la consommation de tabac chauff\u00e9 s\u2019accompagnait d\u2019une r\u00e9duction des risques. L\u2019industrie fait de l\u2019appellation \u00ab r\u00e9duction des risques \u00bb son principal argument marketing et tente de restaurer sa r\u00e9putation afin de pouvoir influencer les politiques de sant\u00e9 publique.<\/p>\n<h2 style=\"text-align: justify;\"><strong>Ouvrir une br\u00e8che dans la Convention-Cadre de l\u2019OMS<\/strong><\/h2>\n<p style=\"text-align: justify;\">Cette initiative de PMI \u00e0 travers la fondation Smokefree world que le cigarettier finance s\u2019inscrit dans une strat\u00e9gie d\u2019ensemble destin\u00e9e \u00e0 contourner les dispositions mises en place par les pays dans le cadre du trait\u00e9 de l\u2019OMS, la CCLAT. Cette derni\u00e8re pr\u00e9voit en effet dans son article 5.3 que les pouvoirs publics, dans leur ensemble, prot\u00e8gent les politiques publiques de toute interf\u00e9rence de l\u2019industrie du tabac. L\u2019objectif recherch\u00e9 par PMI est \u00e9galement de mettre \u00e0 mal l\u2019application du trait\u00e9, en particulier \u00e0 travers les programmes de recherche controvers\u00e9s de la Fondation. \u00c0 l\u2019occasion du Forum \u00e9conomique mondial de Davos, Derek Yach a demand\u00e9 un passe-droit \u00e0 l\u2019OMS, demandant une r\u00e9vision de l\u2019article 5.3 de la Convention qui d\u00e9conseille aux chercheurs et aux gouvernements de collaborer avec eux. En s\u2019attaquant directement \u00e0 l\u2019article 5.3, l\u2019industrie du tabac cherche \u00e0 retrouver son si\u00e8ge \u00e0 la table des n\u00e9gociations pour se positionner comme un acteur cr\u00e9dible en sant\u00e9 publique et appara\u00eetre en force de propositions et de \u00ab solution \u00bb pour lutter contre l\u2019\u00e9pid\u00e9mie tabagique dont elle est \u00e0 l\u2019origine.<\/p>\n<p><strong>Mots cl\u00e9s : Derek Yach, Fondation pour un monde sans fum\u00e9e, Philip Morris, Nouveaux produits, OMS, Sant\u00e9 publique<\/strong><\/p>\n<p><strong><a href=\"https:\/\/www.generationsanstabac.org\/\">\u00a9G\u00e9n\u00e9ration Sans Tabac<\/a><\/strong><\/p>\n<hr \/>\n<p style=\"text-align: justify;\"><a href=\"#_ftnref1\" name=\"_ftn1\">[1]<\/a> St\u00e9phane Horel, <a href=\"https:\/\/www.lemonde.fr\/planete\/article\/2021\/04\/14\/un-avenir-sans-fumee-la-guerre-secrete-de-philip-morris-contre-l-oms_6076704_3244.html\">La guerre secr\u00e8te de Philip Morris contre l\u2019OMS et les experts de la lutte antitabac<\/a>, Le Monde, 14 avril 2021, consult\u00e9 le 15 avril 2021<\/p>\n<p style=\"text-align: justify;\"><a href=\"#_ftnref2\" name=\"_ftn2\">[2]<\/a> G\u00e9n\u00e9ration Sans Tabac, <a href=\"https:\/\/www.generationsanstabac.org\/actualites\/david-khayat-ancien-monsieur-cancer-industrie-tabac\/\">David Khayat, ancien Monsieur cancer au service de l\u2019industrie du tabac<\/a>, 15 avril 2021, consult\u00e9 le jour-m\u00eame<\/p>\n<p style=\"text-align: justify;\"><a href=\"#_ftnref3\" name=\"_ftn3\">[3]<\/a> St\u00e9phane Horel, <a href=\"https:\/\/www.lemonde.fr\/societe\/article\/2021\/04\/14\/david-khayat-un-monsieur-cancer-en-vrp-de-l-industrie-du-tabac_6076758_3224.html\">David Khayat, un \u00ab Monsieur cancer \u00bb en VRP de l\u2019industrie du tabac<\/a>, Le Monde, 14 avril 2021, consult\u00e9 le 15 avril 2021<\/p>\n<p><span style=\"color: #999999;\"><strong><a style=\"color: #999999;\" href=\"http:\/\/www.cnct.fr\/\" target=\"_blank\" rel=\"noopener noreferrer\">Comit\u00e9 National Contre le Tabagisme |<\/a><\/strong><\/span><\/p>\n","protected":false},"excerpt":{"rendered":"<p>Une enqu\u00eate parue dans le journal Le Monde le 14 avril 2021 d\u00e9nonce les efforts du cigarettier Philip Morris international (PMI) dans sa \u00ab guerre \u00bb contre l\u2019Organisation Mondiale de la Sant\u00e9 (OMS) et les experts de la lutte antitabac.<\/p>\n","protected":false},"featured_media":15108,"template":"","tags":[],"thematique":[499,516],"class_list":["post-20339","actualites","type-actualites","status-publish","has-post-thumbnail","hentry","thematique-lobby","thematique-nouveaux-produits"],"acf":[],"_links":{"self":[{"href":"https:\/\/www.generationsanstabac.org\/fr\/wp-json\/wp\/v2\/actualites\/20339","targetHints":{"allow":["GET"]}}],"collection":[{"href":"https:\/\/www.generationsanstabac.org\/fr\/wp-json\/wp\/v2\/actualites"}],"about":[{"href":"https:\/\/www.generationsanstabac.org\/fr\/wp-json\/wp\/v2\/types\/actualites"}],"version-history":[{"count":0,"href":"https:\/\/www.generationsanstabac.org\/fr\/wp-json\/wp\/v2\/actualites\/20339\/revisions"}],"wp:featuredmedia":[{"embeddable":true,"href":"https:\/\/www.generationsanstabac.org\/fr\/wp-json\/wp\/v2\/media\/15108"}],"wp:attachment":[{"href":"https:\/\/www.generationsanstabac.org\/fr\/wp-json\/wp\/v2\/media?parent=20339"}],"wp:term":[{"taxonomy":"post_tag","embeddable":true,"href":"https:\/\/www.generationsanstabac.org\/fr\/wp-json\/wp\/v2\/tags?post=20339"},{"taxonomy":"thematique","embeddable":true,"href":"https:\/\/www.generationsanstabac.org\/fr\/wp-json\/wp\/v2\/thematique?post=20339"}],"curies":[{"name":"wp","href":"https:\/\/api.w.org\/{rel}","templated":true}]}}