{"id":20311,"date":"2021-03-23T08:42:46","date_gmt":"2021-03-23T07:42:46","guid":{"rendered":"https:\/\/www.generationsanstabac.org\/actualites\/bientot-la-fin-du-menthol-aux-etats-unis\/"},"modified":"2021-03-23T08:42:46","modified_gmt":"2021-03-23T07:42:46","slug":"bientot-la-fin-du-menthol-aux-etats-unis","status":"publish","type":"actualites","link":"https:\/\/www.generationsanstabac.org\/fr\/actualites\/bientot-la-fin-du-menthol-aux-etats-unis\/","title":{"rendered":"Bient\u00f4t la fin du menthol aux Etats-Unis ?"},"content":{"rendered":"<p style=\"text-align: justify;\"><em>Aux Etats-Unis, la pand\u00e9mie de Covid-19 et le mouvement Black Lives Matter ont mis la question des in\u00e9galit\u00e9s sanitaires au premier plan. Selon le New York Times, la mobilisation de la soci\u00e9t\u00e9 civile en faveur de la lutte contre le tabagisme pourrait bient\u00f4t se concr\u00e9tiser par l\u2019interdiction du <a href=\"https:\/\/www.generationsanstabac.org\/article\/strategie-cigarettiers-menthol-interdiction-mai-2020\/\">menthol<\/a> pour les produits du tabac.<a href=\"#_ftn1\" name=\"_ftnref1\"><strong>[1]<\/strong><\/a>. <\/em><\/p>\n<p style=\"text-align: justify;\">Outre-Atlantique, la consommation de produits du tabac menthol\u00e9s est un v\u00e9ritable marqueur ethnique. Depuis les ann\u00e9es 60, l\u2019industrie du tabac cible la communaut\u00e9 Noire \u00e0 travers des campagnes marketing particuli\u00e8rement agressives et efficaces. Encore aujourd\u2019hui, alors que moins de 30% des fumeurs blancs sont fumeurs de menthol\u00e9es, cette proportion atteint 85 \u00e0 90% chez les fumeurs afro-am\u00e9ricains.<\/p>\n<h2 style=\"text-align: justify;\"><strong>Une soci\u00e9t\u00e9 civile de plus en plus mobilis\u00e9e <\/strong><\/h2>\n<p style=\"text-align: justify;\">Selon le New-York Times, on observe une pression de plus en plus forte en faveur de la r\u00e9glementation des produits du tabac et de la nicotine, au niveau local comme au niveau f\u00e9d\u00e9ral. Le d\u00e9veloppement exponentiel de la consommation de cigarettes \u00e9lectroniques aromatis\u00e9es chez les jeunes a permis de remettre sur la table la question de l\u2019interdiction du menthol, qui trouve un nouvel \u00e9cho aupr\u00e8s des familles blanches. D\u2019ici la fin du mois d\u2019avril 2021, la Food and Drug Administration am\u00e9ricaine (FDA) devra r\u00e9pondre \u00e0 une p\u00e9tition citoyenne visant \u00e0 en interdire la vente.<\/p>\n<h2 style=\"text-align: justify;\"><strong>Des signes encourageants apr\u00e8s l\u2019\u00e9lection de Joe Biden <\/strong><\/h2>\n<p style=\"text-align: justify;\">Si le porte-parole de la Maison Blanche Kevin Munoz a refus\u00e9 d\u2019indiquer si Joe Biden \u00e9tait en faveur de l\u2019interdiction du menthol, les d\u00e9fenseurs de la sant\u00e9 publique formulent l\u2019espoir d\u2019une prochaine \u00e9volution r\u00e9glementaire, compte-tenu du soutien du nouveau pr\u00e9sident aux pr\u00e9c\u00e9dentes mesures de lutte contre le tabagisme. Par ailleurs, la nomination de Xavier Becerra, ancien procureur g\u00e9n\u00e9ral de la Californie, au poste de secr\u00e9taire \u00e0 la sant\u00e9 et aux services sociaux, tend \u00e0 rassurer les organisations de sant\u00e9 sur ce point. En effet, Xavier Becerra s\u2019est distingu\u00e9 par la mise en place de mesures ambitieuses : en ao\u00fbt 2020, la Californie \u00e9tait le deuxi\u00e8me Etat des Etats-Unis \u00e0 interdire la vente de tout produit du tabac aromatis\u00e9.<\/p>\n<h2 style=\"text-align: justify;\"><strong>Multiplier les soutiens pour maintenir le menthol <\/strong><\/h2>\n<p style=\"text-align: justify;\">L\u2019interdiction du menthol rencontre une forte opposition de l\u2019industrie du tabac. En 2018, le Dr Scott Gottlieb, premier commissaire de la <a href=\"https:\/\/www.generationsanstabac.org\/actualites\/etats-unis-fda-interpelee-inaction-menthol\/\">FDA<\/a> de l&rsquo;administration Trump, a annonc\u00e9 que l&rsquo;agence interdirait les cigarettes au menthol. Cette annonce a imm\u00e9diatement \u00e9t\u00e9 contest\u00e9e par Richard Burr, s\u00e9nateur r\u00e9publicain de la Caroline du Nord, et dont deux enfants occupent des postes de lobbyistes aupr\u00e8s de deux multinationales de tabac. L\u2019opposition de Burr \u00e0 l\u2019interdiction du menthol a pouss\u00e9 l\u2019administration Trump \u00e0 abandonner la mesure. Autant que possible, l\u2019industrie du tabac a multipli\u00e9 les soutiens politiques, notamment aupr\u00e8s de la communaut\u00e9 afro-am\u00e9ricaine. Ainsi, les cigarettiers se sont par exemple associ\u00e9s \u00e0 certains militants des droits civiques, arguant que l\u2019interdiction du menthol servirait d\u2019alibi \u00e0 la police pour interpeller et fouiller davantage d\u2019individus afro-am\u00e9ricains.<\/p>\n<p><strong>Mots cl\u00e9s : Menthol, Interdiction, Etats-Unis, Biden, FDA<br \/>\n<\/strong><\/p>\n<p>Cr\u00e9dit photo : <a href=\"https:\/\/www.nytimes.com\/2021\/03\/22\/health\/methol-smoking-ban.html\" target=\"_blank\" rel=\"noopener\">\u00a9Bryan Thomas \/ New York Times<\/a><\/p>\n<p><strong><a href=\"https:\/\/www.generationsanstabac.org\/\">\u00a9G\u00e9n\u00e9ration Sans Tabac<\/a><\/strong><\/p>\n<hr \/>\n<p style=\"text-align: justify;\"><a href=\"#_ftnref1\" name=\"_ftn1\">[1]<\/a> New York Times, <a href=\"https:\/\/www.nytimes.com\/2021\/03\/22\/health\/methol-smoking-ban.html\">Cigarette taxes as cigarette policy Free<\/a>, 22 mars 2021 (consult\u00e9 le jour m\u00eame)<\/p>\n<p style=\"text-align: justify;\"><span style=\"color: #999999;\"><strong><a style=\"color: #999999;\" href=\"http:\/\/www.cnct.fr\/\" target=\"_blank\" rel=\"noopener noreferrer\">Comit\u00e9 National Contre le Tabagisme |<\/a><\/strong><\/span><\/p>\n","protected":false},"excerpt":{"rendered":"<p>Aux Etats-Unis, la pand\u00e9mie de Covid-19 et le mouvement Black Lives Matter ont mis la question des in\u00e9galit\u00e9s sanitaires au premier plan. Selon le New York Times, la mobilisation de la soci\u00e9t\u00e9 civile en faveur de la lutte contre le tabagisme pourrait bient\u00f4t se concr\u00e9tiser par l\u2019interdiction du menthol pour les produits du tabac.<\/p>\n","protected":false},"featured_media":10418,"template":"","tags":[],"thematique":[502],"class_list":["post-20311","actualites","type-actualites","status-publish","has-post-thumbnail","hentry","thematique-justice"],"acf":[],"_links":{"self":[{"href":"https:\/\/www.generationsanstabac.org\/fr\/wp-json\/wp\/v2\/actualites\/20311","targetHints":{"allow":["GET"]}}],"collection":[{"href":"https:\/\/www.generationsanstabac.org\/fr\/wp-json\/wp\/v2\/actualites"}],"about":[{"href":"https:\/\/www.generationsanstabac.org\/fr\/wp-json\/wp\/v2\/types\/actualites"}],"version-history":[{"count":0,"href":"https:\/\/www.generationsanstabac.org\/fr\/wp-json\/wp\/v2\/actualites\/20311\/revisions"}],"wp:featuredmedia":[{"embeddable":true,"href":"https:\/\/www.generationsanstabac.org\/fr\/wp-json\/wp\/v2\/media\/10418"}],"wp:attachment":[{"href":"https:\/\/www.generationsanstabac.org\/fr\/wp-json\/wp\/v2\/media?parent=20311"}],"wp:term":[{"taxonomy":"post_tag","embeddable":true,"href":"https:\/\/www.generationsanstabac.org\/fr\/wp-json\/wp\/v2\/tags?post=20311"},{"taxonomy":"thematique","embeddable":true,"href":"https:\/\/www.generationsanstabac.org\/fr\/wp-json\/wp\/v2\/thematique?post=20311"}],"curies":[{"name":"wp","href":"https:\/\/api.w.org\/{rel}","templated":true}]}}