{"id":20302,"date":"2021-03-08T16:10:13","date_gmt":"2021-03-08T15:10:13","guid":{"rendered":"https:\/\/www.generationsanstabac.org\/actualites\/interdiction-afrique-du-sud-hopitaux\/"},"modified":"2021-03-08T16:10:13","modified_gmt":"2021-03-08T15:10:13","slug":"interdiction-afrique-du-sud-hopitaux","status":"publish","type":"actualites","link":"https:\/\/www.generationsanstabac.org\/fr\/actualites\/interdiction-afrique-du-sud-hopitaux\/","title":{"rendered":"En Afrique du Sud, l\u2019interdiction du tabac soulage les h\u00f4pitaux"},"content":{"rendered":"<p style=\"text-align: justify;\"><em>L\u2019interdiction de vente de produits du tabac pendant cinq mois en Afrique du Sud a permis de r\u00e9duire d\u2019environ 70% la pression li\u00e9e aux bronchopneumopathies chroniques obstructives (BPCO) sur le service d\u2019urgence d\u2019un h\u00f4pital r\u00e9gional, selon une \u00e9tude publi\u00e9e dans l\u2019African Journal of Primary Health Care &amp; Family Medicine<a href=\"#_ftn1\" name=\"_ftnref1\"><strong>[1]<\/strong><\/a>.<\/em><\/p>\n<p style=\"text-align: justify;\">Cette \u00e9tude est la premi\u00e8re \u00e0 s\u2019int\u00e9resser \u00e0 l&rsquo;impact de <a href=\"https:\/\/www.generationsanstabac.org\/actualites\/interdiction-tabac-afrique-sud-lecons\/\">l\u2019interdiction de vente de tabac<\/a> sur la sant\u00e9. Pour les chercheurs, l\u2019objectif gouvernemental de protection de la sant\u00e9 et de r\u00e9duction de la pression sur les services de sant\u00e9 en p\u00e9riode de pand\u00e9mie a \u00e9t\u00e9 pleinement r\u00e9alis\u00e9.<\/p>\n<h2 style=\"text-align: justify;\"><strong>Un fort impact sur les BPCO<\/strong><\/h2>\n<p style=\"text-align: justify;\">Entre janvier et ao\u00fbt 2020, le nombre de recours pour bronchopneumopathies chroniques obstructives au centre d&rsquo;urgence de l\u2019h\u00f4pital r\u00e9gional George a chut\u00e9 de 70% par rapport \u00e0 la m\u00eame p\u00e9riode en 2019. Les BPCO sont des maladies chroniques et invalidantes, pr\u00e9alablement connues sous les termes de bronchites chroniques et emphys\u00e8mes. Ces maladies se caract\u00e9risent par une aggravation progressive conduisant vers l\u2019insuffisance respiratoire pouvant entra\u00eener la mort. Or, la consommation de tabac de tr\u00e8s loin la plus fr\u00e9quente cause de BPCO, et son arr\u00eat complet est la seule mesure capable d\u2019arr\u00eater l\u2019\u00e9volution de la maladie. Par ailleurs, les personnes atteintes de BPCO pr\u00e9sentent un risque plus \u00e9lev\u00e9 de contracter une forme grave et mortelle de COVID-19.<\/p>\n<h2 style=\"text-align: justify;\"><strong>Une interdiction doublement b\u00e9n\u00e9fique <\/strong><\/h2>\n<p style=\"text-align: justify;\">Afin de pouvoir prendre en compte une \u00e9ventuelle autre cause \u00e0 la d\u00e9saffection des urgences par les patients porteurs d\u2019une BPCO, les chercheurs ont \u00e9valu\u00e9 l\u2019\u00e9volution sur les m\u00eames p\u00e9riodes des recours pour une autre pathologie : les infections des voies urinaires qui ont \u00e9galement diminu\u00e9, mais de seulement 30 %, entre 2019 et 2020.  Ainsi, les chercheurs concluent que l\u2019interdiction de la vente de tabac explique en grande partie cette baisse de venue \u00e0 l\u2019h\u00f4pital des patients porteurs d\u2019une BPCO, contribuant \u00e0 r\u00e9duire la pression sur les urgences li\u00e9e \u00e0 la pand\u00e9mie.<\/p>\n<h2 style=\"text-align: justify;\"><strong>Limites de l\u2019\u00e9tude<\/strong><\/h2>\n<p style=\"text-align: justify;\">Cette \u00e9tude, qui souligne le r\u00f4le positif vraisemblable de l\u2019interdiction de vente du tabac sur la fr\u00e9quentation des h\u00f4pitaux pour BPCO, m\u00e9ritera d\u2019\u00eatre confort\u00e9e par d\u2019autres observations, compte-tenu de la crainte possible de certains patients de ne pas venir \u00e0 l\u2019h\u00f4pital et de l\u2019affluence soudaine de patients atteints par la Covid-19, ayant pu \u00eatre consid\u00e9r\u00e9s comme prioritaires par rapport \u00e0 d\u2019autres pathologies pour une hospitalisation.<\/p>\n<p style=\"text-align: justify;\"><strong><a href=\"https:\/\/www.generationsanstabac.org\/\">\u00a9G\u00e9n\u00e9ration Sans Tabac<\/a><\/strong><\/p>\n<hr \/>\n<p style=\"text-align: justify;\"><a href=\"#_ftnref1\" name=\"_ftn1\">[1]<\/a> Saieva P, Jenkins LS. When people do not \u2018Zol\u2019: Reduced emergency centre attendance of patients with chronic obstructive pulmonary disease during coronavirus disease 2019 lockdown with the accompanying tobacco sales ban in South Africa. Afr J Prm Health Care Fam Med. 2021;13(1), a2750. https:\/\/doi.org\/10.4102\/phcfm.v13i1.2750<\/p>\n<p style=\"text-align: justify;\">Cr\u00e9dit photo : \u00a9NIC BOTHMA\/EFE\/Newscom\/MaxPPP<\/p>\n<p><span style=\"color: #999999;\"><strong><a style=\"color: #999999;\" href=\"http:\/\/www.cnct.fr\/\" target=\"_blank\" rel=\"noopener noreferrer\">Comit\u00e9 National Contre le Tabagisme |<\/a><\/strong><\/span><\/p>\n","protected":false},"excerpt":{"rendered":"<p>L\u2019interdiction de vente de produits du tabac pendant cinq mois en Afrique du Sud a permis de r\u00e9duire d\u2019environ 70% la pression li\u00e9e aux bronchopneumopathies chroniques obstructives (BPCO) sur le service d\u2019urgence d\u2019un h\u00f4pital r\u00e9gional, selon une \u00e9tude publi\u00e9e dans l\u2019African Journal of Primary Health Care &#038; Family Medicine.<\/p>\n","protected":false},"featured_media":20303,"template":"","tags":[],"thematique":[474],"class_list":["post-20302","actualites","type-actualites","status-publish","has-post-thumbnail","hentry","thematique-sante"],"acf":[],"_links":{"self":[{"href":"https:\/\/www.generationsanstabac.org\/fr\/wp-json\/wp\/v2\/actualites\/20302","targetHints":{"allow":["GET"]}}],"collection":[{"href":"https:\/\/www.generationsanstabac.org\/fr\/wp-json\/wp\/v2\/actualites"}],"about":[{"href":"https:\/\/www.generationsanstabac.org\/fr\/wp-json\/wp\/v2\/types\/actualites"}],"version-history":[{"count":0,"href":"https:\/\/www.generationsanstabac.org\/fr\/wp-json\/wp\/v2\/actualites\/20302\/revisions"}],"wp:featuredmedia":[{"embeddable":true,"href":"https:\/\/www.generationsanstabac.org\/fr\/wp-json\/wp\/v2\/media\/20303"}],"wp:attachment":[{"href":"https:\/\/www.generationsanstabac.org\/fr\/wp-json\/wp\/v2\/media?parent=20302"}],"wp:term":[{"taxonomy":"post_tag","embeddable":true,"href":"https:\/\/www.generationsanstabac.org\/fr\/wp-json\/wp\/v2\/tags?post=20302"},{"taxonomy":"thematique","embeddable":true,"href":"https:\/\/www.generationsanstabac.org\/fr\/wp-json\/wp\/v2\/thematique?post=20302"}],"curies":[{"name":"wp","href":"https:\/\/api.w.org\/{rel}","templated":true}]}}