{"id":20259,"date":"2021-01-28T17:07:27","date_gmt":"2021-01-28T16:07:27","guid":{"rendered":"https:\/\/www.generationsanstabac.org\/actualites\/le-parlement-suisse-soppose-a-la-convention-cadre-de-loms-pour-la-lutte-antitabac\/"},"modified":"2021-01-28T17:07:27","modified_gmt":"2021-01-28T16:07:27","slug":"le-parlement-suisse-soppose-a-la-convention-cadre-de-loms-pour-la-lutte-antitabac","status":"publish","type":"actualites","link":"https:\/\/www.generationsanstabac.org\/fr\/actualites\/le-parlement-suisse-soppose-a-la-convention-cadre-de-loms-pour-la-lutte-antitabac\/","title":{"rendered":"Le Parlement suisse s\u2019oppose \u00e0 la Convention-cadre de l\u2019OMS pour la lutte antitabac"},"content":{"rendered":"<p style=\"text-align: justify;\"><em>Le projet de loi sur les produits du tabac (LPTab), transmis au Parlement f\u00e9d\u00e9ral suisse en 2015 et en cours de discussion au Parlement, n\u2019est pas conforme aux exigences de la Convention-cadre de l\u2019Organisation mondiale de la sant\u00e9 pour la lutte antitabac (CCLAT). C\u2019est ce que conclut un avis de droit r\u00e9dig\u00e9 \u00e0 la demande d\u2019organisations helv\u00e8tes de sant\u00e9<a href=\"#_ftn1\" name=\"_ftnref1\"><strong>[1]<\/strong><\/a>. <\/em><\/p>\n<p style=\"text-align: justify;\">Si la nouvelle loi devrait permettre d\u2019interdire la vente de produits du tabac aux mineurs de moins de 18 ans dans l\u2019ensemble du pays, elle se r\u00e9v\u00e8le cependant insuffisante sur la question de la publicit\u00e9. Selon cinq organisations antitabac et de sant\u00e9 publique, cette lacune r\u00e9glementaire s\u2019explique par une volont\u00e9 politique de \u00ab ne pas porter atteinte aux int\u00e9r\u00eats de l\u2019industrie du tabac \u00bb<a href=\"#_ftn2\" name=\"_ftnref2\">[2]<\/a>.<\/p>\n<h2 style=\"text-align: justify;\"><strong>La Suisse, signataire de la CCLAT depuis 2004<\/strong><\/h2>\n<p style=\"text-align: justify;\">Dans son article 13, la <a href=\"https:\/\/apps.who.int\/iris\/bitstream\/handle\/10665\/42812\/9242591017.pdf;jsessionid=39575C69517CF55A904AABA984602716?sequence=1\">CCLAT<\/a> exige de ses Parties d\u2019instaurer <em>\u00ab une interdiction globale de toute publicit\u00e9 en faveur du tabac, de toute promotion et de tout parrainage \u00bb.<\/em> Si la Suisse a sign\u00e9 le Trait\u00e9 d\u00e8s 2004, elle demeure un des derniers pays du monde \u00e0 ne pas l\u2019avoir encore ratifi\u00e9. La pierre d\u2019achoppement est la non-conformit\u00e9 de sa loi avec cet article 13. La Suisse a une pratique \u00e9tablie de ne pas ratifier une convention qu\u2019apr\u00e8s avoir adapt\u00e9 sa l\u00e9gislation nationale.  Le projet de loi en cours d\u2019\u00e9laboration ne permettra qu\u2019une restriction partielle, laissant la publicit\u00e9, la promotion et le parrainage encore possibles, et visibles pour les enfants et adolescents, et ne sera donc pas conforme aux dispositions de la CCLAT, emp\u00eachant la Suisse de la ratifier.<\/p>\n<h2 style=\"text-align: justify;\"><strong>La proximit\u00e9 entre d\u00e9cideurs et fabricants <\/strong><\/h2>\n<p style=\"text-align: justify;\">Alors que l\u2019interdiction g\u00e9n\u00e9rale de la publicit\u00e9 est soutenue par la grande majorit\u00e9 de la population, elle se heurte \u00e0 l\u2019opposition d\u2019une partie des d\u00e9cideurs politiques. Dans un article publi\u00e9 par Le Temps en d\u00e9cembre 2020<a href=\"#_ftn3\" name=\"_ftnref3\">[3]<\/a>, Philippe Nantermod, membre de la commission du Conseil national s\u2019occupant de la sant\u00e9 publique (CSSS), indiquait n\u2019\u00eatre \u00ab personnellement pas favorable \u00e0 l\u2019interdiction de la publicit\u00e9 pour le tabac \u00bb, pointant le caract\u00e8re \u00ab hypocrite \u00bb d\u2019une telle mesure, qui emp\u00eacherait le financement de \u00ab beaucoup de grandes manifestations \u00bb. Les d\u00e9tracteurs de l\u2019interdiction g\u00e9n\u00e9rale, majoritairement d\u2019ob\u00e9dience lib\u00e9rale, \u00e9voquent l\u2019atteinte potentielle d\u2019une telle mesure \u00e0 certains droits fondamentaux, comme la libert\u00e9 \u00e9conomique, ou la libert\u00e9 d\u2019opinion et d\u2019information. Toutefois, comme le rappelle l\u2019avis de droit, les \u00ab limitations du droit de faire de la publicit\u00e9 pour certains produits [sont] conformes \u00e0 la Constitution \u00bb, et d\u00e9j\u00e0 en vigueur, notamment vis-\u00e0-vis des m\u00e9dicaments sur ordonnance et des m\u00e9dicaments pouvant \u00eatre achet\u00e9s sans ordonnance \u00ab qui peuvent engendrer une accoutumance ou une d\u00e9pendance \u00bb<a href=\"#_ftn4\" name=\"_ftnref4\">[4]<\/a>.<\/p>\n<h2 style=\"text-align: justify;\"><strong>\u00ab Une place attractive pour l\u2019industrie du tabac \u00bb<\/strong><\/h2>\n<p style=\"text-align: justify;\">La Suisse est aujourd\u2019hui le pays le plus laxiste en mati\u00e8re de lutte contre le tabagisme. Par sa structure f\u00e9d\u00e9rale, elle attire les multinationales du tabac, dont deux des plus grandes (PMI et JTI) y ont install\u00e9 leur si\u00e8ge social. Le pays, accordant un fort pouvoir d\u00e9cisionnaire \u00e0 de petites entit\u00e9s politiques (les cantons) facilite ainsi les strat\u00e9gies d\u2019ing\u00e9rence et de lobbying des fabricants de tabac. Par ailleurs, en 2003, le Conseil f\u00e9d\u00e9ral r\u00e9p\u00e9tait son ambition de faire de la Suisse une \u00ab place attractive pour l\u2019industrie du tabac \u00bb<a href=\"#_ftn5\" name=\"_ftnref5\">[5]<\/a>.<\/p>\n<h2 style=\"text-align: justify;\"><strong>Un enjeu majeur de sant\u00e9 publique en Suisse<br \/>\n<\/strong><\/h2>\n<p style=\"text-align: justify;\">Au-del\u00e0 de la question publicitaire, les organisations de sant\u00e9 pointent la n\u00e9cessit\u00e9 de la mise en \u0153uvre de mesures suppl\u00e9mentaires, comme l\u2019instauration du paquet neutre, ou l\u2019augmentation des taxes. En effet, depuis 2017, la d\u00e9cision de la hausse de la fiscalit\u00e9 sur les produits du tabac ne rel\u00e8ve plus de la comp\u00e9tence du Conseil f\u00e9d\u00e9ral helv\u00e8te. Celles-ci n\u2019ont d\u2019ailleurs pas \u00e9volu\u00e9 depuis 2013. Avec 27% de fumeurs, la Suisse n\u2019a pas enregistr\u00e9 de baisse de sa pr\u00e9valence tabagique en une d\u00e9cennie<a href=\"#_ftn6\" name=\"_ftnref6\">[6]<\/a>. Cette forte influence des cigarettiers dans la vie politique se paye au prix fort : le tabagisme est le responsable direct de 9 500 morts chaque ann\u00e9e en Suisse.<\/p>\n<p><strong>Mots cl\u00e9s : Suisse, CCLAT, publicit\u00e9, lobbying<br \/>\n<\/strong><\/p>\n<p><strong><a href=\"https:\/\/www.generationsanstabac.org\/\">\u00a9G\u00e9n\u00e9ration Sans Tabac<\/a><\/strong><\/p>\n<hr \/>\n<p style=\"text-align: justify;\"><a href=\"#_ftnref1\" name=\"_ftn1\">[1]<\/a> R&amp;Associ\u00e9s avocats, <a href=\"https:\/\/portal.at-schweiz.ch\/images\/pdf\/medien\/20201216-cereghetti-petermann-avis-de-droit.pdf\">Avis de droit. Conformit\u00e9 du projet de loi f\u00e9d\u00e9rale sur les produits du tabac au droit sup\u00e9rieur<\/a>, 16 d\u00e9cembre 2020<\/p>\n<p style=\"text-align: justify;\"><a href=\"#_ftnref2\" name=\"_ftn2\">[2]<\/a> Association suisse pour la pr\u00e9vention du tabagisme, <a href=\"https:\/\/portal.at-schweiz.ch\/fr\/tabakwerbung-aktuell-home-fr-it\/701-le-parlement-planche-sur-un-projet-de-loi-non-conforme-a-la-convention-cadre-de-l-oms-pour-la-lutte-antitabac\">Le parlement planche sur un projet de loi non conforme \u00e0 la Convention-cadre de l&rsquo;OMS pour la lutte antitabac<\/a>, 25 janvier 2021 (consult\u00e9 le 27\/01\/2021)<\/p>\n<p style=\"text-align: justify;\"><a href=\"#_ftnref3\" name=\"_ftn3\">[3]<\/a> Le Temps, <a href=\"https:\/\/www.letemps.ch\/suisse\/suisse-face-reglementation-tabac\">La Suisse face \u00e0 sa r\u00e9glementation sur le tabac<\/a>, 6 d\u00e9cembre 2020, (consult\u00e9 le 27 janvier 2020)<\/p>\n<p style=\"text-align: justify;\"><a href=\"#_ftnref4\" name=\"_ftn4\">[4]<\/a> Conf\u00e9d\u00e9ration suisse. <a href=\"https:\/\/www.fedlex.admin.ch\/eli\/cc\/2001\/422\/fr\">Loi f\u00e9d\u00e9rale sur les m\u00e9dicaments et les dispositifs m\u00e9dicaux (LPTh)<\/a>. 812.21, article 32<\/p>\n<p style=\"text-align: justify;\"><a href=\"#_ftnref5\" name=\"_ftn5\">[5]<\/a> Temps Pr\u00e9sent, <a href=\"https:\/\/www.youtube.com\/watch?v=Rco-BDgJWww\">Attention, ce parlement peut nuire \u00e0 votre sant\u00e9<\/a>, 7 septembre 2018 (Vid\u00e9o)<\/p>\n<p style=\"text-align: justify;\"><a href=\"#_ftnref6\" name=\"_ftn6\">[6]<\/a> <a href=\"https:\/\/www.tobaccocontrolscale.org\/TCS2019.pdf\">The Tobacco control scale 2019 in Europe<\/a>, 19 f\u00e9vrier 2020<\/p>\n<p><span style=\"color: #999999;\"><strong><a style=\"color: #999999;\" href=\"http:\/\/www.cnct.fr\/\" target=\"_blank\" rel=\"noopener noreferrer\">Comit\u00e9 National Contre le Tabagisme |<\/a><\/strong><\/span><\/p>\n","protected":false},"excerpt":{"rendered":"<p>Le projet de loi sur les produits du tabac (LPTab), transmis au Parlement f\u00e9d\u00e9ral suisse en 2015 et en cours de discussion au Parlement, n\u2019est pas conforme aux exigences de la Convention-cadre de l\u2019Organisation mondiale de la sant\u00e9 pour la lutte antitabac (CCLAT). C\u2019est ce que conclut un avis de droit r\u00e9dig\u00e9 \u00e0 la demande d\u2019organisations helv\u00e8tes de sant\u00e9.<\/p>\n","protected":false},"featured_media":20260,"template":"","tags":[],"thematique":[499,491],"class_list":["post-20259","actualites","type-actualites","status-publish","has-post-thumbnail","hentry","thematique-lobby","thematique-politiques-publiques"],"acf":[],"_links":{"self":[{"href":"https:\/\/www.generationsanstabac.org\/fr\/wp-json\/wp\/v2\/actualites\/20259","targetHints":{"allow":["GET"]}}],"collection":[{"href":"https:\/\/www.generationsanstabac.org\/fr\/wp-json\/wp\/v2\/actualites"}],"about":[{"href":"https:\/\/www.generationsanstabac.org\/fr\/wp-json\/wp\/v2\/types\/actualites"}],"version-history":[{"count":0,"href":"https:\/\/www.generationsanstabac.org\/fr\/wp-json\/wp\/v2\/actualites\/20259\/revisions"}],"wp:featuredmedia":[{"embeddable":true,"href":"https:\/\/www.generationsanstabac.org\/fr\/wp-json\/wp\/v2\/media\/20260"}],"wp:attachment":[{"href":"https:\/\/www.generationsanstabac.org\/fr\/wp-json\/wp\/v2\/media?parent=20259"}],"wp:term":[{"taxonomy":"post_tag","embeddable":true,"href":"https:\/\/www.generationsanstabac.org\/fr\/wp-json\/wp\/v2\/tags?post=20259"},{"taxonomy":"thematique","embeddable":true,"href":"https:\/\/www.generationsanstabac.org\/fr\/wp-json\/wp\/v2\/thematique?post=20259"}],"curies":[{"name":"wp","href":"https:\/\/api.w.org\/{rel}","templated":true}]}}