{"id":20244,"date":"2021-01-20T09:00:54","date_gmt":"2021-01-20T08:00:54","guid":{"rendered":"https:\/\/www.generationsanstabac.org\/actualites\/plastique-filtre\/"},"modified":"2021-01-20T09:00:54","modified_gmt":"2021-01-20T08:00:54","slug":"plastique-filtre","status":"publish","type":"actualites","link":"https:\/\/www.generationsanstabac.org\/fr\/actualites\/plastique-filtre\/","title":{"rendered":"Plastique dans les filtres : la nouvelle r\u00e9glementation europ\u00e9enne"},"content":{"rendered":"<p style=\"text-align: justify;\"><em>Fin d\u00e9cembre 2020, la directive europ\u00e9enne portant sur la r\u00e9duction de l\u2019impact environnemental de certains composants plastiques a \u00e9t\u00e9 adopt\u00e9e dans l\u2019Union europ\u00e9enne. Ce r\u00e8glement oblige \u00e0 l\u2019apposition d\u2019avertissements sur les produits plastiques, dont les produits du tabac contenant un filtre<a href=\"#_ftn1\" name=\"_ftnref1\"><strong>[1]<\/strong><\/a>. <\/em><\/p>\n<p style=\"text-align: justify;\">Appliqu\u00e9e \u00e0 partir du 3 juillet 2021, chaque paquet devra comprendre l\u2019avertissement ci-dessous. Ce dernier devra \u00eatre visible, son message clairement lisible et ind\u00e9l\u00e9bile (\u00ab <em>Le filtre contient du plastique<\/em> \u00bb), dans la langue ou les langues officielles de l\u2019Etat membre dans lequel le paquet est mis en vente. Toutefois, cette obligation de marquage ne devra pas se faire au d\u00e9triment de la bonne lisibilit\u00e9 des avertissements sanitaires, qui couvrent en Union europ\u00e9enne 65% de la surface des deux principales faces du paquet. Les fabricants auront cependant la possibilit\u00e9 d\u2019apposer jusqu\u2019au 4 juillet 2022 un autocollant, afin d\u2019avoir le temps de se conformer aux exigences de cette nouvelle directive.<\/p>\n<p style=\"text-align: justify;\"><img decoding=\"async\" class=\" wp-image-3417 aligncenter\" src=\"https:\/\/www.generationsanstabac.org\/wp-content\/uploads\/2024\/07\/2-300x156.png\" alt=\"\" width=\"277\" height=\"144\" \/><\/p>\n<h2 style=\"text-align: justify;\"><strong>Le filtre, un d\u00e9s<\/strong><strong>astr<\/strong><strong>e environnemental et sanitaire<\/strong><\/h2>\n<p style=\"text-align: justify;\">Chaque ann\u00e9e, on estime que 6000 milliards de cigarettes sont mises sur le march\u00e9 \u00e0 travers le monde, dont la moiti\u00e9 est jet\u00e9e dans la nature apr\u00e8s consommation. Or, la plupart des cigarettes contiennent un filtre compos\u00e9 d\u2019ac\u00e9tate de cellulose qui prend des ann\u00e9es \u00e0 se d\u00e9composer. De cette fa\u00e7on, le filtre constitue l\u2019un des <a href=\"https:\/\/www.generationsanstabac.org\/article\/fiche-dinformations-environnement-et-tabac\/\">principaux d\u00e9chets<\/a> recens\u00e9s dans la nature. Ainsi, par exemple, les m\u00e9gots et filtres de cigarettes constituent pas moins de 40% des d\u00e9chets de la mer M\u00e9diterran\u00e9e.  Cette donn\u00e9e est d\u2019autant plus probl\u00e9matique que le filtre ne poss\u00e8de en r\u00e9alit\u00e9 aucune justification du point de vue de la sant\u00e9 publique. Ce dernier est une solution mise au point par l\u2019industrie du tabac pour r\u00e9pondre aux premi\u00e8res inqui\u00e9tudes des consommateurs sur les risques potentiels du tabagisme sur leur sant\u00e9. Cependant, loin de r\u00e9duire les dangers de la consommation, le filtre permet au fumeur de prendre de plus grandes bouff\u00e9es, plus prolong\u00e9es, accroissant la toxicit\u00e9 et l\u2019addictivit\u00e9 du produit.<\/p>\n<h2 style=\"text-align: justify;\"><strong>Une mesure de d\u00e9normalisation du tabagisme et de son industrie<\/strong><\/h2>\n<p style=\"text-align: justify;\">Cette nouvelle r\u00e9glementation s\u2019inscrit en conformit\u00e9 avec les exigences de la Convention-cadre de l\u2019Organisation mondiale de la sant\u00e9 pour la lutte antitabac (CCLAT), soulignant la n\u00e9cessit\u00e9 pour les Parties d\u2019informer les citoyens de l\u2019impact sanitaire, social, \u00e9conomique et environnemental de la production et de la consommation de tabac.<\/p>\n<p><strong>Mots cl\u00e9s : Filtre, Plastique, Directive, Union europ\u00e9enne<br \/>\n<\/strong><\/p>\n<p><strong><a href=\"https:\/\/www.generationsanstabac.org\/\">\u00a9G\u00e9n\u00e9ration Sans Tabac<\/a><\/strong><\/p>\n<hr \/>\n<p style=\"text-align: justify;\"><a href=\"#_ftnref1\" name=\"_ftn1\">[1]<\/a> FCTC, <a href=\"https:\/\/untobaccocontrol.org\/impldb\/new-marking-on-tobacco-products-filters-containing-plastic-in-the-european-union\/\">New mar<\/a><a href=\"https:\/\/untobaccocontrol.org\/impldb\/new-marking-on-tobacco-products-filters-containing-plastic-in-the-european-union\/\">king on tobacco products filters containing plastic in the European Union<\/a>, consult\u00e9 le 19\/01\/2021<\/p>\n<p><strong><a href=\"http:\/\/www.cnct.fr\/\" target=\"_blank\" rel=\"noopener noreferrer\"><span style=\"color: #999999;\">Comit\u00e9 National Contre le Tabagisme |<\/span><\/a><\/strong><\/p>\n","protected":false},"excerpt":{"rendered":"<p>Fin d\u00e9cembre 2020, la directive europ\u00e9enne portant sur la r\u00e9duction de l\u2019impact environnemental de certains composants plastiques a \u00e9t\u00e9 adopt\u00e9e dans l\u2019Union europ\u00e9enne. Ce r\u00e8glement oblige \u00e0 l\u2019apposition d\u2019avertissements sur les produits plastiques, dont les produits du tabac contenant un filtre.<\/p>\n","protected":false},"featured_media":20246,"template":"","tags":[],"thematique":[480],"class_list":["post-20244","actualites","type-actualites","status-publish","has-post-thumbnail","hentry","thematique-environnement"],"acf":[],"_links":{"self":[{"href":"https:\/\/www.generationsanstabac.org\/fr\/wp-json\/wp\/v2\/actualites\/20244","targetHints":{"allow":["GET"]}}],"collection":[{"href":"https:\/\/www.generationsanstabac.org\/fr\/wp-json\/wp\/v2\/actualites"}],"about":[{"href":"https:\/\/www.generationsanstabac.org\/fr\/wp-json\/wp\/v2\/types\/actualites"}],"version-history":[{"count":0,"href":"https:\/\/www.generationsanstabac.org\/fr\/wp-json\/wp\/v2\/actualites\/20244\/revisions"}],"wp:featuredmedia":[{"embeddable":true,"href":"https:\/\/www.generationsanstabac.org\/fr\/wp-json\/wp\/v2\/media\/20246"}],"wp:attachment":[{"href":"https:\/\/www.generationsanstabac.org\/fr\/wp-json\/wp\/v2\/media?parent=20244"}],"wp:term":[{"taxonomy":"post_tag","embeddable":true,"href":"https:\/\/www.generationsanstabac.org\/fr\/wp-json\/wp\/v2\/tags?post=20244"},{"taxonomy":"thematique","embeddable":true,"href":"https:\/\/www.generationsanstabac.org\/fr\/wp-json\/wp\/v2\/thematique?post=20244"}],"curies":[{"name":"wp","href":"https:\/\/api.w.org\/{rel}","templated":true}]}}