{"id":20243,"date":"2021-01-19T08:44:53","date_gmt":"2021-01-19T07:44:53","guid":{"rendered":"https:\/\/www.generationsanstabac.org\/actualites\/revers-fondation-monde-sans-fumee\/"},"modified":"2021-01-19T08:44:53","modified_gmt":"2021-01-19T07:44:53","slug":"revers-fondation-monde-sans-fumee","status":"publish","type":"actualites","link":"https:\/\/www.generationsanstabac.org\/fr\/actualites\/revers-fondation-monde-sans-fumee\/","title":{"rendered":"Nouveau revers pour la Fondation pour un monde sans fum\u00e9e"},"content":{"rendered":"<p style=\"text-align: justify;\"><em>La Fondation pour un monde sans fum\u00e9e, se pr\u00e9sentant comme une organisation scientifique ind\u00e9pendante destin\u00e9e \u00e0 \u00ab faire progresser l\u2019arr\u00eat du tabac et la r\u00e9duction de ses m\u00e9faits \u00e0 l\u2019\u00e9chelle mondiale \u00bb, <\/em><a href=\"https:\/\/www.generationsanstabac.org\/actualites\/la-fondation-pour-un-monde-sans-fumee-de-philip-morris-bat-de-laile\/\"><em>multiplie les d\u00e9boires<\/em><\/a><em>. L\u2019organisme, exclusivement financ\u00e9 par Philip Morris, est d\u00e9sormais poursuivi en justice par l\u2019une de ses anciennes employ\u00e9es, qui l\u2019accuse de profiter de son statut de fondation pour faire la promotion de produits d\u00e9velopp\u00e9s par l\u2019industrie du tabac et de la nicotine, et de b\u00e9n\u00e9ficier d\u2019exon\u00e9rations fiscales<a href=\"#_ftn1\" name=\"_ftnref1\"><strong>[1]<\/strong><\/a>.  <\/em><\/p>\n<p style=\"text-align: justify;\">Le 13 janvier 2021, Lourdes Liz, ex-directrice des m\u00e9dias num\u00e9riques et sociaux de la Fondation sans Fum\u00e9e, a d\u00e9pos\u00e9 une plainte contre son ancien employeur devant le tribunal de Manhattan. L\u2019organisme est en particulier accus\u00e9 de minimiser les risques sanitaires associ\u00e9s \u00e0 la consommation de cigarettes \u00e9lectroniques.<\/p>\n<h2 style=\"text-align: justify;\"><strong>La Fondation, vitrine promotionnelle de l\u2019industrie du tabac et de la nicotine<\/strong><\/h2>\n<p style=\"text-align: justify;\">Selon la plaignante, la Fondation est m\u00eame all\u00e9e jusqu\u2019\u00e0 faire la promotion de ces nouveaux produits aupr\u00e8s des adolescents. Derek Yach, pr\u00e9sident de la Fondation, et l\u2019agence de publicit\u00e9 de cette derni\u00e8re sont notamment point\u00e9s du doigt pour avoir propos\u00e9 une strat\u00e9gie marketing sur les r\u00e9seaux sociaux avec mobilisation des influenceurs de la plateforme Instagram, expliquant par exemple comment r\u00e9aliser des ronds de vapeur. Cette promotion des produits de l\u2019industrie est d\u2019autant plus probl\u00e9matique qu\u2019elle est interdite par la loi.<\/p>\n<h2 style=\"text-align: justify;\"><strong>Une relation partenariale avec Philip Morris et Altria<\/strong><\/h2>\n<p style=\"text-align: justify;\">Loin d\u2019\u00eatre un organisme scientifique ind\u00e9pendant, la Fondation pour un monde sans fum\u00e9e est accus\u00e9e d\u2019\u00eatre un groupe de fa\u00e7ade travaillant directement en faveur de la promotion des int\u00e9r\u00eats de Philip Morris International (PMI), ainsi que de son ancienne maison-m\u00e8re, Altria, qui commercialise les marques Marlboro et IQOS aux USA et est l&rsquo;un des propri\u00e9taires du leader mondial de la cigarette \u00e9lectronique, Juul Labs. Cette relation, contraire \u00e0 l\u2019esprit d\u2019ind\u00e9pendance vant\u00e9 par la Fondation, est affirm\u00e9e par un mail de Derek Yach. Dans celui-ci, il stipule \u00e0 Lourdes Liz<em> \u00ab organiser des s\u00e9ances strat\u00e9giques avec l\u2019industrie du tabac<\/em> \u00bb en tant que pr\u00e9sident de la Fondation, et souligne sa volont\u00e9 de suivre les directives de celle-ci en mati\u00e8res de budget, ou de messages \u00e0 relayer.  De cette fa\u00e7on, par son travail de collaboration avec l\u2019industrie du tabac et de la nicotine, l\u2019organisme enfreindrait les conditions pour lesquelles l\u2019organisme, en tant que fondation, b\u00e9n\u00e9ficie d\u2019exon\u00e9rations fiscales.<\/p>\n<h2 style=\"text-align: justify;\"><strong>Une cr\u00e9dibilit\u00e9 mise \u00e0 mal<\/strong><\/h2>\n<p style=\"text-align: justify;\">Cette plainte, si elle aboutit, corroborera les nombreuses mises en garde de la part de la communaut\u00e9 scientifique et des associations de lutte contre le tabagisme. En octobre 2020, la Stopping Tobacco Organizations and Products (STOP) r\u00e9v\u00e9lait que la Fondation n\u2019avait pas r\u00e9ussi \u00e0 trouver d\u2019autres bailleurs de fonds que Philip Morris. En trois ans, l\u2019organisme \u00ab scientifique \u00bb avait par ailleurs d\u00e9pens\u00e9 pas moins de 240 millions d\u2019euros, investissant davantage dans les postes de communication et de relations publiques que de recherche.  Selon l&rsquo;ONG am\u00e9ricaine <a href=\"https:\/\/www.tobaccofreekids.org\/press-releases\/2021_01_15_pmi\">Tobacco Free Kids<\/a>, \u00ab des centaines d\u2019organisations de sant\u00e9 publique \u00e0 travers le monde, notamment des universit\u00e9s, des organisations de la soci\u00e9t\u00e9 civile, des instituts de recherche et des revues scientifiques, ont d\u00e9j\u00e0 rejet\u00e9 la Fondation et sa science en raison de ses liens financiers avec PMI \u00bb<em><a href=\"#_ftn1\" name=\"_ftnref1\"><strong>[2]<\/strong><\/a><\/em>.<\/p>\n<p><strong>Mots cl\u00e9s : Fondation, Front group, PMI, Altria, Juul<br \/>\n<\/strong><\/p>\n<p><strong><a href=\"https:\/\/www.generationsanstabac.org\/\">\u00a9G\u00e9n\u00e9ration Sans Tabac<\/a><\/strong><\/p>\n<hr \/>\n<p style=\"text-align: justify;\"><a href=\"#_ftnref1\" name=\"_ftn1\">[1]<\/a> Campaign for Tobacco Free Kids, Lawsuit Alleges Collaboration Between Philip Morris International and the Supposedly Independent Foundation for a Smoke-Free World, 15\/01\/2021, (consult\u00e9 le 18\/01\/2021)<\/p>\n<p><a href=\"#_ftnref1\" name=\"_ftn1\">[2]<\/a> <a href=\"https:\/\/exposetobacco.org\/news\/failing-front-group\/\">3 Years In: FSFW is a Failing \u201cFront Group\u201d<\/a>. STOP, 27 octobre 2020<span style=\"color: #000000;\"><a style=\"color: #000000;\" href=\"#_ftnref1\" name=\"_ftn1\"><\/a> <\/span><\/p>\n<p style=\"text-align: justify;\"><strong><a href=\"http:\/\/www.cnct.fr\/\" target=\"_blank\" rel=\"noopener noreferrer\"><span style=\"color: #999999;\">Comit\u00e9 National Contre le Tabagisme |<\/span><\/a><\/strong><\/p>\n","protected":false},"excerpt":{"rendered":"<p>La Fondation pour un monde sans fum\u00e9e, se pr\u00e9sentant comme une organisation scientifique ind\u00e9pendante destin\u00e9e \u00e0 \u00ab faire progresser l\u2019arr\u00eat du tabac et la r\u00e9duction de ses m\u00e9faits \u00e0 l\u2019\u00e9chelle mondiale \u00bb, multiplie les d\u00e9boires. L\u2019organisme, exclusivement financ\u00e9 par Philip Morris, est d\u00e9sormais poursuivi en justice par l\u2019une de ses anciennes employ\u00e9es, qui l\u2019accuse de profiter de son statut de fondation pour faire la promotion de produits d\u00e9velopp\u00e9s par l\u2019industrie du tabac et de la nicotine, et de b\u00e9n\u00e9ficier d\u2019exon\u00e9rations fiscales.<\/p>\n","protected":false},"featured_media":10344,"template":"","tags":[],"thematique":[507],"class_list":["post-20243","actualites","type-actualites","status-publish","has-post-thumbnail","hentry","thematique-marketing-publicite"],"acf":[],"_links":{"self":[{"href":"https:\/\/www.generationsanstabac.org\/fr\/wp-json\/wp\/v2\/actualites\/20243","targetHints":{"allow":["GET"]}}],"collection":[{"href":"https:\/\/www.generationsanstabac.org\/fr\/wp-json\/wp\/v2\/actualites"}],"about":[{"href":"https:\/\/www.generationsanstabac.org\/fr\/wp-json\/wp\/v2\/types\/actualites"}],"version-history":[{"count":0,"href":"https:\/\/www.generationsanstabac.org\/fr\/wp-json\/wp\/v2\/actualites\/20243\/revisions"}],"wp:featuredmedia":[{"embeddable":true,"href":"https:\/\/www.generationsanstabac.org\/fr\/wp-json\/wp\/v2\/media\/10344"}],"wp:attachment":[{"href":"https:\/\/www.generationsanstabac.org\/fr\/wp-json\/wp\/v2\/media?parent=20243"}],"wp:term":[{"taxonomy":"post_tag","embeddable":true,"href":"https:\/\/www.generationsanstabac.org\/fr\/wp-json\/wp\/v2\/tags?post=20243"},{"taxonomy":"thematique","embeddable":true,"href":"https:\/\/www.generationsanstabac.org\/fr\/wp-json\/wp\/v2\/thematique?post=20243"}],"curies":[{"name":"wp","href":"https:\/\/api.w.org\/{rel}","templated":true}]}}