{"id":20223,"date":"2020-12-23T14:46:34","date_gmt":"2020-12-23T13:46:34","guid":{"rendered":"https:\/\/www.generationsanstabac.org\/actualites\/atlas-2020-du-tabac-en-allemagne-situation-preoccupante\/"},"modified":"2020-12-23T14:46:34","modified_gmt":"2020-12-23T13:46:34","slug":"atlas-2020-du-tabac-en-allemagne-situation-preoccupante","status":"publish","type":"actualites","link":"https:\/\/www.generationsanstabac.org\/fr\/actualites\/atlas-2020-du-tabac-en-allemagne-situation-preoccupante\/","title":{"rendered":"Atlas 2020 du tabac en Allemagne : situation pr\u00e9occupante"},"content":{"rendered":"<p style=\"text-align: justify;\"><em>L\u2019atlas 2020 du tabac en Allemagne<a href=\"#_ftn1\" name=\"_ftnref1\"><strong>[1]<\/strong><\/a> a \u00e9t\u00e9 pr\u00e9sent\u00e9 \u00e0 l&rsquo;occasion de la <\/em><a href=\"https:\/\/indico.dkfz.de\/event\/249\/\"><em>18e Conf\u00e9rence allemande pour la lutte antitabac<\/em><\/a><em> le 2 d\u00e9cembre 2020 \u00e0 Heidelberg par le Centre allemand de recherche sur le cancer (<\/em><a href=\"https:\/\/www.dkfz.de\/en\/index.html\"><em>DKFZ<\/em><\/a><em>)<\/em><em>.<\/em> <em>Ce rapport donne un aper\u00e7u de l&rsquo;ampleur du tabagisme, des cons\u00e9quences de la consommation de tabac et de la mise en place des strat\u00e9gies pour r\u00e9duire les dommages caus\u00e9s par le tabagisme en Allemagne.<\/em><\/p>\n<p style=\"text-align: justify;\">Selon le DKFZ, en Allemagne, 127 000 personnes meurent chaque ann\u00e9e, dont 85 000 par cancer, des suites de la consommation de tabac (13% des d\u00e9c\u00e8s). Plus d\u2019un allemand \u00e2g\u00e9 de plus de18 ans sur cinq est fumeur (23% de la population), et chez les 12\u201317 ans la pr\u00e9valence est de 5,5%. Des diff\u00e9rences notables sont observ\u00e9es entre les diff\u00e9rents L\u00e4nder (21% en Sarre et 28% dans le Mecklembourg-Pom\u00e9ranie-Occidentale).<\/p>\n<h2 style=\"text-align: justify;\">L\u2019Allemagne en retard sur ses voisins europ\u00e9ens pour la lutte antitabac<\/h2>\n<p style=\"text-align: justify;\">Selon les chercheurs du DKFZ <a href=\"https:\/\/www.europeancancerleagues.org\/wp-content\/uploads\/2019-Tobacco-Control-Scale-Report-digital.pdf\">et l\u2019enqu\u00eate 2019 du contr\u00f4le du tabac<\/a>, l&rsquo;Allemagne est mal class\u00e9e  en mati\u00e8re de lutte antitabac et de pr\u00e9vention dans l\u2019UE.  Depuis la mise en \u0153uvre entre 2000 et 2009 de mesures efficaces de lutte antitabac, peu a \u00e9t\u00e9 r\u00e9alis\u00e9, \u00e0 l&rsquo;exception de l\u2019application de la directive europ\u00e9enne sur les produits du tabac.<\/p>\n<ul style=\"text-align: justify;\">\n<li>Les taxes sur le tabac n&rsquo;ont pas \u00e9t\u00e9 augment\u00e9es de fa\u00e7on significative et efficace : en moyenne en 2007 le paquet de 20 cigarettes \u00e9tait \u00e0 5,90<sup>\u20ac<\/sup> et \u00e0 6,77<sup>\u20ac <\/sup>en 2018 ;<\/li>\n<li>Aucune l\u00e9gislation compl\u00e8te ne concerne les espaces sans tabac\/fum\u00e9e et les lois comportent des exemptions importantes ;<\/li>\n<li>L&rsquo;Allemagne est longtemps rest\u00e9 le seul pays de l&rsquo;UE autorisant la publicit\u00e9 pour le tabac par panneaux d&rsquo;affichage, avec une interdiction d\u00e9cid\u00e9e \u00e0 partir septembre 2020 mais avec de longues p\u00e9riodes de transition ;<\/li>\n<li>Les avertissements sanitaires sur les paquets ont \u00e9t\u00e9 introduits suite \u00e0 la directive europ\u00e9enne 2014\/40\/UE et non par initiative gouvernementale, et l\u2019emballage neutre n&rsquo;est pas envisag\u00e9.<\/li>\n<\/ul>\n<h2 style=\"text-align: justify;\">Associations et politiques poursuivent leurs partenariats avec l\u2019industrie du tabac<\/h2>\n<p style=\"text-align: justify;\">Le DKFZ et l\u2019ONG allemande \u00ab<a href=\"https:\/\/unfairtobacco.org\/alles-fake-tabakindustrie-in-der-krise\/\">Unfairtobacco<\/a> \u00bb ont d\u00e9nonc\u00e9, au cours de la Conf\u00e9rence, l\u2019utilisation par l\u2019industrie du tabac  de la pand\u00e9mie covid 19 pour am\u00e9liorer son image et la poursuite de sa coop\u00e9ration avec certains L\u00e4nder ou associations en 2020<a href=\"#_ftn2\" name=\"_ftnref2\">[2]<\/a>. Ainsi, \u00e0 Hambourg le producteur de cigarettes Reemtsma Cigarettenfabriken GmbH apporte son soutien \u00e0 plusieurs associations venant en aide aux populations les plus pr\u00e9caires (Diakonisches Werk Hamburg, Caritas, Alimaus, Hinz &amp; Kunzt)<a href=\"#_ftn3\" name=\"_ftnref3\">[3]<\/a>, avec un partenariat \u00e0 hauteur de 300 000<sup>E<\/sup> pr\u00e9vu jusque mi 2021. Autre exemple, Berlin utilise gratuitement des locaux de Philip Morris pour stocker des \u00e9quipements de protection contre la pand\u00e9mie de Covid19. Unfairtobacco rappelle que ces actions sont des violations flagrantes de l&rsquo;article 5.3 de la <a href=\"https:\/\/www.who.int\/fctc\/text_download\/fr\/\">Convention-cadre de l&rsquo;OMS<\/a> pour la Lutte antitabac, que l\u2019Allemagne a sign\u00e9e et ratifi\u00e9e, et qui vise \u00e0 supprimer l&rsquo;influence des compagnies de tabac sur l&rsquo;action politique.<\/p>\n<p><strong>Mots cl\u00e9s : Allemagne, Atlas du Tabac, 2020<\/strong><\/p>\n<p><a href=\"https:\/\/www.generationsanstabac.org\/\">\u00a9G\u00e9n\u00e9ration Sans Tabac<\/a><\/p>\n<hr \/>\n<p><a href=\"#_ftnref1\" name=\"_ftn1\">[1]<\/a> German Cancer Research Center, Schaller, Katrin &amp; Kahnert, Sarah &amp; Graen, Laura &amp; Mons, Ute &amp; Ouedraogo, Nobila. (2020). <a href=\"https:\/\/www.dkfz.de\/de\/tabakkontrolle\/download\/Publikationen\/sonstVeroeffentlichungen\/Tabakatlas-Deutschland-2020.pdf\">Tabakatlas Deutschland 2020<\/a><\/p>\n<p><a href=\"#_ftnref2\" name=\"_ftn2\">[2]<\/a> <a href=\"https:\/\/unfairtobacco.org\/wp-content\/uploads\/2020\/12\/Statement-FINAL.pdf\"><em>D\u00e9claration officielle d\u2019Unfairtobacco<\/em><\/a>, 1<sup>er<\/sup> d\u00e9cembre 2020, consult\u00e9 le 23 d\u00e9cembre 2020<\/p>\n<p><a href=\"#_ftnref3\" name=\"_ftn3\">[3]<\/a> Dank erneuter Gro\u00dfspende von Reemtsma: Schutz f\u00fcr Hamburger Obdachlose in Hotels, Reemtsa, 1er d\u00e9cembre 2020, consult\u00e9 le 23 d\u00e9cembre 2020<\/p>\n<p><span style=\"color: #999999;\"><strong><a style=\"color: #999999;\" href=\"http:\/\/www.cnct.fr\/\" target=\"_blank\" rel=\"noopener noreferrer\">Comit\u00e9 National Contre le Tabagisme |<\/a><\/strong><\/span><\/p>\n","protected":false},"excerpt":{"rendered":"<p>L\u2019atlas 2020 du tabac en Allemagne a \u00e9t\u00e9 pr\u00e9sent\u00e9 \u00e0 l&rsquo;occasion de la 18e Conf\u00e9rence allemande pour la lutte antitabac le 2 d\u00e9cembre 2020 \u00e0 Heidelberg par le Centre allemand de recherche sur le cancer (DKFZ). Ce rapport donne un aper\u00e7u de l&rsquo;ampleur du tabagisme, des cons\u00e9quences de la consommation de tabac et de la mise en place des strat\u00e9gies pour r\u00e9duire les dommages caus\u00e9s par le tabagisme en Allemagne.<\/p>\n","protected":false},"featured_media":10323,"template":"","tags":[],"thematique":[499,474],"class_list":["post-20223","actualites","type-actualites","status-publish","has-post-thumbnail","hentry","thematique-lobby","thematique-sante"],"acf":[],"_links":{"self":[{"href":"https:\/\/www.generationsanstabac.org\/fr\/wp-json\/wp\/v2\/actualites\/20223","targetHints":{"allow":["GET"]}}],"collection":[{"href":"https:\/\/www.generationsanstabac.org\/fr\/wp-json\/wp\/v2\/actualites"}],"about":[{"href":"https:\/\/www.generationsanstabac.org\/fr\/wp-json\/wp\/v2\/types\/actualites"}],"version-history":[{"count":0,"href":"https:\/\/www.generationsanstabac.org\/fr\/wp-json\/wp\/v2\/actualites\/20223\/revisions"}],"wp:featuredmedia":[{"embeddable":true,"href":"https:\/\/www.generationsanstabac.org\/fr\/wp-json\/wp\/v2\/media\/10323"}],"wp:attachment":[{"href":"https:\/\/www.generationsanstabac.org\/fr\/wp-json\/wp\/v2\/media?parent=20223"}],"wp:term":[{"taxonomy":"post_tag","embeddable":true,"href":"https:\/\/www.generationsanstabac.org\/fr\/wp-json\/wp\/v2\/tags?post=20223"},{"taxonomy":"thematique","embeddable":true,"href":"https:\/\/www.generationsanstabac.org\/fr\/wp-json\/wp\/v2\/thematique?post=20223"}],"curies":[{"name":"wp","href":"https:\/\/api.w.org\/{rel}","templated":true}]}}