{"id":20194,"date":"2020-12-08T09:40:47","date_gmt":"2020-12-08T08:40:47","guid":{"rendered":"https:\/\/www.generationsanstabac.org\/actualites\/milan-progresse-dans-linterdiction-du-tabagisme-en-exterieur\/"},"modified":"2020-12-08T09:40:47","modified_gmt":"2020-12-08T08:40:47","slug":"milan-progresse-dans-linterdiction-du-tabagisme-en-exterieur","status":"publish","type":"actualites","link":"https:\/\/www.generationsanstabac.org\/fr\/actualites\/milan-progresse-dans-linterdiction-du-tabagisme-en-exterieur\/","title":{"rendered":"Milan progresse dans l\u2019interdiction du tabagisme en ext\u00e9rieur"},"content":{"rendered":"<p style=\"text-align: justify;\"><em>La r\u00e9glementation li\u00e9e au tabagisme en ext\u00e9rieur reste encore largement fluctuante selon les pays. En Italie, et plus pr\u00e9cis\u00e9ment \u00e0 Milan, des nouvelles mesures de protection ont \u00e9t\u00e9 adopt\u00e9es\u202f: d\u00e8s le 1er janvier 2021, il sera interdit d\u2019y fumer aux arr\u00eats de bus ainsi que dans plusieurs autres types de lieux publics.<\/em><\/p>\n<h2>Prot\u00e9ger les usagers, am\u00e9liorer la qualit\u00e9 de l\u2019air<\/h2>\n<p style=\"text-align: justify;\">Les arr\u00eats de bus ne doivent plus \u00eatre des lieux d\u2019exposition au tabagisme passif. Dans quelques semaines, il ne sera donc plus possible d\u2019y fumer, \u00e0 moins de pouvoir se tenir \u00e0 10 m\u00e8tres des autres personnes. En m\u00eame temps qu\u2019elle pr\u00e9servera la sant\u00e9 des citoyens, cette interdiction s\u2019int\u00e8gre dans un projet de loi relatif \u00e0 la qualit\u00e9 de l\u2019air, projet dont l\u2019objectif est de r\u00e9duire les niveaux d\u2019\u00e9mission de particules fines dans le pays. Le 17 novembre 2020, la Cour de justice de l\u2019Union europ\u00e9enne a en effet annonc\u00e9 que l\u2019Italie avait \u00ab\u202fenfreint le droit de l\u2019Union sur la qualit\u00e9 de l\u2019air ambiant\u202f\u00bb, les valeurs limites \u00e9tant d\u00e9pass\u00e9es de \u00ab\u202fmani\u00e8re r\u00e9currente et persistante\u202f\u00bb.<\/p>\n<h2>Un pr\u00e9ambule \u00e0 des mesures plus strictes<\/h2>\n<p style=\"text-align: justify;\">Cette interdiction est la premi\u00e8re \u00e9tape d\u2019une campagne plus large\u202f: la ville de Milan a d\u2019ores et d\u00e9j\u00e0 annonc\u00e9 qu\u2019\u00e0 partir du 1er janvier 2025, il serait \u00e9galement interdit de fumer dans les stades de sport en plein air, dans les cimeti\u00e8res ainsi que dans les parcs. Elle a \u00e9galement pr\u00e9vu de restreindre la circulation des v\u00e9hicules anciens, de contraindre les stations-services \u00e0 installer des points de recharge pour v\u00e9hicules \u00e9lectriques, de prohiber le chauffage domestique au fuel, de limiter les fours \u00e0 bois dans les pizzerias, d\u2019interdire les feux d\u2019artifice du 1er octobre au 31 mars et d\u2019obliger les magasins \u00e0 garder leurs portes ferm\u00e9es.<\/p>\n<h2>D\u2019autres exemples dans le monde<\/h2>\n<p style=\"text-align: justify;\">\u00c0 Melbourne, en Australie, le Conseil esp\u00e8re rendre la ville non fumeuse d\u2019ici 2025\u202f: \u00ab Notre objectif est d&rsquo;\u00e9tendre les zones sans fum\u00e9e sur une p\u00e9riode de cinq ans afin que le tabagisme soit finalement interdit dans la majorit\u00e9 des espaces publics de la ville centrale, ainsi que dans les \u00e9v\u00e9nements organis\u00e9s et autoris\u00e9s par la ville de Melbourne \u00bb.<\/p>\n<p style=\"text-align: justify;\">M\u00eame chose au Cap, en Afrique du Sud. La ville a rejoint le partenariat Bloomberg, 70 villes r\u00e9parties \u00e0 travers la plan\u00e8te et d\u00e9cid\u00e9es \u00e0 faire dispara\u00eetre le tabac des lieux publics. Apr\u00e8s que la vente de produits de tabac a \u00e9t\u00e9 interdite lors du confinement, une nouvelle l\u00e9gislation est attendue afin de faire du Cap une ville sans fum\u00e9e. Le vice-ministre de la sant\u00e9, Joe Phaahla, aurait d\u00e9clar\u00e9 en mai que le nouveau projet de loi permettrait d\u2019interdire le tabagisme dans 100 % des espaces publics. Actuellement, les entreprises de restauration et de divertissement peuvent mettre en place une zone fumeurs occupant 25 % de la surface au sol de l\u2019\u00e9tablissement.<\/p>\n<p style=\"text-align: justify;\">En Californie, le conseil municipal de la ville de Santa Barbara a d\u00e9fini une liste de lieux ext\u00e9rieurs sans fum\u00e9e\u202f: y figurent notamment les arr\u00eats de bus, mais aussi les parcs, les installations sportives, les plages, les trottoirs des zones commerciales et r\u00e9sidentielles, les parkings de la ville, etc. Les \u00e9v\u00e9nements tels que les march\u00e9s, d\u00e9fil\u00e9s, festivals, etc. sont \u00e9galement concern\u00e9s.\u202fLa mesure s\u2019applique aux cigarettes, aux produits de vapotage et \u00e0 la marijuana. L\u2019objectif\u202f: offrir un environnement sain aux r\u00e9sidents et aux visiteurs, r\u00e9duire le nombre de m\u00e9gots jet\u00e9s au sol et les risques d\u2019incendie, pr\u00e9server le public du tabagisme passif.<\/p>\n<p><span style=\"color: #666699;\"><a style=\"color: #666699;\" href=\"https:\/\/www.generationsanstabac.org\/\">\u00a9G\u00e9n\u00e9ration Sans Tabac<\/a><\/span><\/p>\n<hr \/>\n<p>[1] Belga, <a href=\"https:\/\/www.rtbf.be\/info\/monde\/detail_italie-milan-va-interdire-de-fumer-les-arrets-de-bus-et-dans-plusieurs-lieux-publics-des-le-1er-janvier?id=10636279\" target=\"_blank\" rel=\"noopener noreferrer\"><em>Italie\u202f: Milan va interdire de fumer aux arr\u00eats de bus et dans plusieurs lieux publics d\u00e8s le 1er\u202fjanvier<\/em><\/a>, www.rtbf.b (20 novembre 2020 &#8211; consult\u00e9 le 25 novembre 2020).<\/p>\n<p>[2] <span data-contrast=\"none\">Murray Williams, <\/span><a href=\"https:\/\/www.news24.com\/news24\/southafrica\/news\/city-of-cape-town-talks-tough-on-tobacco-as-it-eyes-smoke-free-city-20200901\" target=\"_blank\" rel=\"noopener noreferrer\"><em>City of Cape Town talks tough on tobacco as it eyes &lsquo;smoke-free city&rsquo;<\/em><\/a><span data-contrast=\"none\">, www.news24.com (<\/span><span data-contrast=\"none\">1er septembre 2020 &#8211; consult\u00e9 le 25 novembre 2020).<\/span><\/p>\n<p>[3] <a href=\"https:\/\/neoskosmos.com\/en\/180638\/melbourne-council-hopes-to-make-the-city-smoke-free-by-2025\/\"><span data-contrast=\"none\">Melbourne council hopes to make the city smoke-free by 2025<\/span><\/a><span data-contrast=\"none\">\u202f\u00bb, www.neoskosmos.com (28 novembre 2020 &#8211; consult\u00e9 le 30 novembre 2020).<\/span><\/p>\n<p>[4] <a href=\"https:\/\/businesstech.co.za\/news\/lifestyle\/426728\/new-law-aims-to-introduce-stricter-rules-around-cigarettes-and-smoking-in-south-africa\/\" target=\"_blank\" rel=\"noopener noreferrer\"><em>New law aims to introduce stricter rules around cigarettes and smoking in South Africa<\/em><\/a>, www.businesstech.co.za (19 ao\u00fbt 2020 &#8211; consult\u00e9 le 30 novembre 2020).<\/p>\n<p>[5] <a href=\"https:\/\/www.santabarbaraca.gov\/services\/community\/smoking\/default.asp\" target=\"_blank\" rel=\"noopener noreferrer\"><em>City of Santa Barbara<\/em><\/a>, www.santabarbaraca.gov (consult\u00e9 le 30 novembre 2020).<\/p>\n<p><span style=\"color: #e8e8e8;\"><strong><a style=\"color: #e8e8e8;\" href=\"http:\/\/dnf.asso.fr\/\/\" target=\"_blank\" rel=\"noopener noreferrer\"> DNF &#8211; Pour un Monde ZeroTabac |<\/a><\/strong><\/span><\/p>\n","protected":false},"excerpt":{"rendered":"<p>La r\u00e9glementation li\u00e9e au tabagisme en ext\u00e9rieur reste encore largement fluctuante selon les pays. En Italie, et plus pr\u00e9cis\u00e9ment \u00e0 Milan, des nouvelles mesures de protection ont \u00e9t\u00e9 adopt\u00e9es\u202f: d\u00e8s le 1er janvier 2021, il sera interdit d\u2019y fumer aux arr\u00eats de bus ainsi que dans plusieurs autres types de lieux publics.<\/p>\n","protected":false},"featured_media":20195,"template":"","tags":[],"thematique":[491,474],"class_list":["post-20194","actualites","type-actualites","status-publish","has-post-thumbnail","hentry","thematique-politiques-publiques","thematique-sante"],"acf":[],"_links":{"self":[{"href":"https:\/\/www.generationsanstabac.org\/fr\/wp-json\/wp\/v2\/actualites\/20194","targetHints":{"allow":["GET"]}}],"collection":[{"href":"https:\/\/www.generationsanstabac.org\/fr\/wp-json\/wp\/v2\/actualites"}],"about":[{"href":"https:\/\/www.generationsanstabac.org\/fr\/wp-json\/wp\/v2\/types\/actualites"}],"version-history":[{"count":0,"href":"https:\/\/www.generationsanstabac.org\/fr\/wp-json\/wp\/v2\/actualites\/20194\/revisions"}],"wp:featuredmedia":[{"embeddable":true,"href":"https:\/\/www.generationsanstabac.org\/fr\/wp-json\/wp\/v2\/media\/20195"}],"wp:attachment":[{"href":"https:\/\/www.generationsanstabac.org\/fr\/wp-json\/wp\/v2\/media?parent=20194"}],"wp:term":[{"taxonomy":"post_tag","embeddable":true,"href":"https:\/\/www.generationsanstabac.org\/fr\/wp-json\/wp\/v2\/tags?post=20194"},{"taxonomy":"thematique","embeddable":true,"href":"https:\/\/www.generationsanstabac.org\/fr\/wp-json\/wp\/v2\/thematique?post=20194"}],"curies":[{"name":"wp","href":"https:\/\/api.w.org\/{rel}","templated":true}]}}