{"id":20182,"date":"2020-12-04T11:53:21","date_gmt":"2020-12-04T10:53:21","guid":{"rendered":"https:\/\/www.generationsanstabac.org\/actualites\/bilan-de-la-5e-edition-du-mois-sans-tabac\/"},"modified":"2020-12-04T11:53:21","modified_gmt":"2020-12-04T10:53:21","slug":"bilan-de-la-5e-edition-du-mois-sans-tabac","status":"publish","type":"actualites","link":"https:\/\/www.generationsanstabac.org\/fr\/actualites\/bilan-de-la-5e-edition-du-mois-sans-tabac\/","title":{"rendered":"Bilan de la 5e \u00e9dition du Mois Sans Tabac"},"content":{"rendered":"<p style=\"text-align: justify;\"><em>Tout au long de ce mois de novembre, malgr\u00e9 la crise sanitaire et le second confinement, les citoyens fran\u00e7ais ont particip\u00e9 \u00e0 diverses actions mises en place dans le cadre du Mois sans tabac. L&rsquo;heure est au bilan.<br \/>\n<\/em><\/p>\n<p>La 5e \u00e9dition du Mois Sans Tabac s\u2019est achev\u00e9e ce lundi 30 novembre 2020. Cette campagne nationale d\u2019aide \u00e0 l\u2019arr\u00eat du tabac a \u00e9t\u00e9 con\u00e7ue et conduite par Sant\u00e9 Publique France, en association avec le Minist\u00e8re des Solidarit\u00e9s et de la Sant\u00e9 ainsi que l\u2019Assurance Maladie.<\/p>\n<h2>Des dispositifs d\u2019accompagnement prometteurs<\/h2>\n<p>Dans les chiffres :<\/p>\n<ul>\n<li>#MoisSansTabac\u202f: plus de 125\u202f000 fumeurs et fumeuses ont adh\u00e9r\u00e9 \u00e0 cette action ;<\/li>\n<li>\u00ab\u202fProgramme 40 jours\u202f\u00bb\u202f: plus de 85\u202f000 personnes se sont inscrites \u00e0 ce nouveau programme. Les participants recevaient, quotidiennement, un e-mailing leur proposant des conseils, activit\u00e9s ou challenges afin de les conduire sur le chemin de l\u2019arr\u00eat du tabac ;<\/li>\n<li>L\u2019application d\u2019e-coaching Tabac info service\u202f: cette application, cr\u00e9\u00e9e par l\u2019Assurance Maladie, en collaboration avec Sant\u00e9 publique France et la Soci\u00e9t\u00e9 Francophone de Tabacologie, a \u00e9t\u00e9 t\u00e9l\u00e9charg\u00e9e par plus de 123\u202f000 personnes ;<\/li>\n<li>4\u202f405 structures ont cr\u00e9\u00e9 un compte et pass\u00e9 commande sur les sites partenaires[<a href=\"https:\/\/www.radioscoop.com\/infos\/la-5e-edition-du-mois-sans-tabac-tire-son-bilan_202508\" target=\"_blank\" rel=\"noopener noreferrer\">1<\/a>] [<a href=\"https:\/\/www.santepubliquefrance.fr\/presse\/2020\/moissanstabac-la-5eme-edition-s-acheve\" target=\"_blank\" rel=\"noopener noreferrer\">2<\/a>].<\/li>\n<\/ul>\n<p style=\"text-align: justify;\">Vi\u00eat Nguyen Thanh, responsable de l\u2019unit\u00e9 Addictions \u00e0 Sant\u00e9 publique France, f\u00e9licite chaleureusement tous les fumeurs qui ont pris la d\u00e9cision d\u2019adh\u00e9rer au #MoisSansTabac, malgr\u00e9 ce contexte si particulier, source d\u2019inqui\u00e9tudes. Elle pr\u00e9cise que les professionnels de la sant\u00e9 sont toujours pr\u00e9sents pour accompagner les fumeurs vers l\u2019arr\u00eat du tabac, et mentionne l\u2019existence du dispositif Tabac Info Service. Les r\u00e9sultats, ci-dessus, d\u00e9montrent la pertinence et l\u2019importance d\u2019un accompagnement dans l\u2019arr\u00eat du tabac.<\/p>\n<h2>Quel int\u00e9r\u00eat derri\u00e8re ces actions ?<\/h2>\n<p style=\"text-align: justify;\">Il est essentiel de rappeler que le tabagisme est la premi\u00e8re cause de mortalit\u00e9 \u00e9vitable. Environ 75\u202f000 d\u00e9c\u00e8s ont \u00e9t\u00e9 d\u00e9nombr\u00e9s, en 2015, en France m\u00e9tropolitaine. L\u2019enqu\u00eate CoviPrev, lanc\u00e9e par Sant\u00e9 publique France[<a href=\"https:\/\/www.santepubliquefrance.fr\/etudes-et-enquetes\/covid-19-une-enquete-pour-suivre-l-evolution-des-comportements-et-de-la-sante-mentale-pendant-l-epidemie\" target=\"_blank\" rel=\"noopener noreferrer\">3<\/a>] , le 23 mars 2020, lors du premier confinement, a r\u00e9v\u00e9l\u00e9, fin mars, que 27 % des fumeurs interrog\u00e9s avait augment\u00e9 leur consommation de tabac. 94 % des fumeurs quotidiens interrog\u00e9s ont fum\u00e9 5 cigarettes de plus, en moyenne, par jour. Notons cependant que 19% des fumeurs avaient r\u00e9duit leur consommation. La lutte contre le tabagisme reste une priorit\u00e9 de Sant\u00e9 publique France. De nouvelles actions vont \u00eatre programm\u00e9es \u00e0 partir de janvier 2021 afin d\u2019attirer l\u2019attention sur les dangers du tabac et la n\u00e9cessit\u00e9 d\u2019arr\u00eater de fumer.<\/p>\n<p><span style=\"color: #666699;\"><a style=\"color: #666699;\" href=\"https:\/\/www.generationsanstabac.org\/\">\u00a9G\u00e9n\u00e9ration Sans Tabac<\/a><\/span><\/p>\n<hr \/>\n<p>[1] Radioscoop, <a href=\"https:\/\/www.radioscoop.com\/infos\/la-5e-edition-du-mois-sans-tabac-tire-son-bilan_202508\" target=\"_blank\" rel=\"noopener noreferrer\"><em>La 5e \u00e9dition du mois sans tabac tire son bilan<\/em><\/a>, www.radioscoop.com (le 1er d\u00e9cembre 2020, consult\u00e9 le 2 d\u00e9cembre 2020).<\/p>\n<p>[2] Site Sant\u00e9 Publique France, <a href=\"https:\/\/www.santepubliquefrance.fr\/presse\/2020\/moissanstabac-la-5eme-edition-s-acheve\" target=\"_blank\" rel=\"noopener noreferrer\"><em>#MoisSansTabac\u202f: la 5\u00e8me \u00e9dition s\u2019ach\u00e8ve<\/em><\/a>, www.santepubliquefrance.fr (le 1er d\u00e9cembre 2020, consult\u00e9 le 2 d\u00e9cembre 2020).<\/p>\n<p>[3] Sant\u00e9 publqiue France, <a href=\"https:\/\/www.santepubliquefrance.fr\/etudes-et-enquetes\/covid-19-une-enquete-pour-suivre-l-evolution-des-comportements-et-de-la-sante-mentale-pendant-l-epidemie\" target=\"_blank\" rel=\"noopener noreferrer\"><em>Covid-19 : une enqu\u00eate pour suivre l\u2019\u00e9volution des comportements et de la sant\u00e9 mentale pendant l&rsquo;\u00e9pid\u00e9mie<\/em><\/a>, www.santepubliquefrance.fr (le 27 novembre 2020 &#8211; consult\u00e9 le 2 d\u00e9cembre 2020).<\/p>\n<p><span style=\"color: #e8e8e8;\"><strong><a style=\"color: #e8e8e8;\" href=\"http:\/\/dnf.asso.fr\/\/\" target=\"_blank\" rel=\"noopener noreferrer\"> DNF &#8211; Pour un Monde ZeroTabac |<\/a><\/strong><\/span><\/p>\n","protected":false},"excerpt":{"rendered":"<p>Tout au long de ce mois de novembre, malgr\u00e9 la crise sanitaire et le second confinement, les citoyens fran\u00e7ais ont particip\u00e9 \u00e0 diverses actions mises en place dans le cadre du Mois sans tabac.<\/p>\n","protected":false},"featured_media":20183,"template":"","tags":[],"thematique":[474],"class_list":["post-20182","actualites","type-actualites","status-publish","has-post-thumbnail","hentry","thematique-sante"],"acf":[],"_links":{"self":[{"href":"https:\/\/www.generationsanstabac.org\/fr\/wp-json\/wp\/v2\/actualites\/20182","targetHints":{"allow":["GET"]}}],"collection":[{"href":"https:\/\/www.generationsanstabac.org\/fr\/wp-json\/wp\/v2\/actualites"}],"about":[{"href":"https:\/\/www.generationsanstabac.org\/fr\/wp-json\/wp\/v2\/types\/actualites"}],"version-history":[{"count":0,"href":"https:\/\/www.generationsanstabac.org\/fr\/wp-json\/wp\/v2\/actualites\/20182\/revisions"}],"wp:featuredmedia":[{"embeddable":true,"href":"https:\/\/www.generationsanstabac.org\/fr\/wp-json\/wp\/v2\/media\/20183"}],"wp:attachment":[{"href":"https:\/\/www.generationsanstabac.org\/fr\/wp-json\/wp\/v2\/media?parent=20182"}],"wp:term":[{"taxonomy":"post_tag","embeddable":true,"href":"https:\/\/www.generationsanstabac.org\/fr\/wp-json\/wp\/v2\/tags?post=20182"},{"taxonomy":"thematique","embeddable":true,"href":"https:\/\/www.generationsanstabac.org\/fr\/wp-json\/wp\/v2\/thematique?post=20182"}],"curies":[{"name":"wp","href":"https:\/\/api.w.org\/{rel}","templated":true}]}}