{"id":20179,"date":"2020-12-03T10:45:57","date_gmt":"2020-12-03T09:45:57","guid":{"rendered":"https:\/\/www.generationsanstabac.org\/actualites\/une-etude-demontre-lassociation-entre-e-cigarette-et-troubles-depressifs\/"},"modified":"2020-12-03T10:45:57","modified_gmt":"2020-12-03T09:45:57","slug":"une-etude-demontre-lassociation-entre-e-cigarette-et-troubles-depressifs","status":"publish","type":"actualites","link":"https:\/\/www.generationsanstabac.org\/fr\/actualites\/une-etude-demontre-lassociation-entre-e-cigarette-et-troubles-depressifs\/","title":{"rendered":"Une \u00e9tude d\u00e9montre l\u2019association entre e-cigarette et troubles d\u00e9pressifs"},"content":{"rendered":"<p style=\"text-align: justify;\"><em>De nouvelles donn\u00e9es issues de la cohorte \u00e9pid\u00e9miologique fran\u00e7aise Constances confirment l\u2019association d\u00e9j\u00e0 observ\u00e9e entre utilisation de cigarette \u00e9lectronique et troubles d\u00e9pressifs.<\/em><\/p>\n<p style=\"text-align: justify;\">Derni\u00e8rement, plusieurs \u00e9tudes, notamment am\u00e9ricaines, ont sugg\u00e9r\u00e9 un lien entre vapotage et sympt\u00f4mes d\u00e9pressifs. De r\u00e9centes donn\u00e9es fournies par la cohorte \u00e9pid\u00e9miologique[<a href=\"https:\/\/www.inserm.fr\/recherche-inserm\/recherche-en-sante-publique\/cohortes\" target=\"_blank\" rel=\"noopener noreferrer\">1<\/a>] fran\u00e7aise Constances[<a href=\"https:\/\/www.constances.fr\/cohorte\/presentation-constances.php\" target=\"_blank\" rel=\"noopener noreferrer\">2<\/a>] confirment cette observation et apportent des pr\u00e9cisions sur les causes et l\u2019\u00e9tendue de cette association.<\/p>\n<h2>Deux \u00e9tudes am\u00e9ricaines avaient d\u00e9j\u00e0 sugg\u00e9r\u00e9 ce lien fin 2019 et d\u00e9but 2020<\/h2>\n<p style=\"text-align: justify;\">Parmi les r\u00e9centes \u00e9tudes ayant constat\u00e9 un lien entre utilisation de cigarette \u00e9lectronique et d\u00e9pression figure celle dont les r\u00e9sultats ont \u00e9t\u00e9 publi\u00e9s le 4 d\u00e9cembre 2019 dans la revue m\u00e9dicale <em>JAMA Network Open<\/em>[<a href=\"https:\/\/www.healthline.com\/health-news\/vaping-may-increase-risk-of-depression\" target=\"_blank\" rel=\"noopener noreferrer\">3<\/a>].<\/p>\n<p style=\"text-align: justify;\">L\u2019un des auteurs de l\u2019\u00e9tude, le Dr Olufunmilayo Obisesan de l\u2019Universit\u00e9 John Hopkins \u00e0 Baltimore, expliquait en ces termes la gen\u00e8se de ce projet : \u201cLe lien entre le tabagisme et un risque accru de d\u00e9velopper un trouble d\u00e9pressif majeur a d\u00e9j\u00e0 \u00e9t\u00e9 \u00e9tabli [&#8230;] \u00c0 la lumi\u00e8re des similitudes entre certains des composants des cigarettes et des e-cigarettes, nous avons d\u00e9cid\u00e9 de voir s&rsquo;il existait une association similaire entre les e-cigarettes et la d\u00e9pression\u201d[<a href=\"https:\/\/www.medicalnewstoday.com\/articles\/327305#Depression-risk-rises-with-increased-use\" target=\"_blank\" rel=\"noopener noreferrer\">4<\/a>].<\/p>\n<p style=\"text-align: justify;\">Les chercheurs ont donc interrog\u00e9 par t\u00e9l\u00e9phone pr\u00e8s de 900 000 Am\u00e9ricains \u00e2g\u00e9s de 18 ans et plus, et s\u00e9lectionn\u00e9s al\u00e9atoirement. Parmi les sond\u00e9s, 34 % des utilisateurs actuels de cigarettes \u00e9lectroniques et 27 % des anciens utilisateurs d\u00e9claraient avoir souffert de d\u00e9pression clinique, un taux qui atteignait seulement 15 % parmi ceux qui n\u2019avaient jamais vapot\u00e9[<a href=\"https:\/\/www.medicalnewstoday.com\/articles\/327305#Depression-risk-rises-with-increased-use\" target=\"_blank\" rel=\"noopener noreferrer\">5<\/a>].<\/p>\n<p style=\"text-align: justify;\">Toutefois, les chercheurs signalaient que leur \u00e9tude ne permettait pas de d\u00e9terminer si c\u2019\u00e9tait le vapotage qui favorisait la d\u00e9pression, ou \u00e0 l\u2019inverse si c\u2019\u00e9taient les troubles d\u00e9pressifs qui conduisaient \u00e0 la consommation de e-cigarette, ou encore si les deux ph\u00e9nom\u00e8nes \u00e9taient interd\u00e9pendants[<a href=\"https:\/\/www.healthline.com\/health-news\/vaping-may-increase-risk-of-depression\" target=\"_blank\" rel=\"noopener noreferrer\">6<\/a>].<\/p>\n<p style=\"text-align: justify;\">Une autre \u00e9tude, conduite par des chercheurs de l\u2019\u00e9cole de m\u00e9decine Wichita de l\u2019Universit\u00e9 du Kansas et dont les r\u00e9sultats pr\u00e9liminaires ont \u00e9t\u00e9 d\u00e9voil\u00e9s d\u00e9but mars 2020, a quant \u00e0 elle constat\u00e9 que le taux de personnes souffrant de troubles d\u00e9pressifs \u00e9tait sup\u00e9rieur \u00e0 hauteur de 55 % chez les utilisateurs de cigarette \u00e9lectronique en comparaison avec les non-vapoteurs[<a href=\"https:\/\/www.francetvinfo.fr\/sante\/drogue-addictions\/lutte-contre-le-tabagisme\/le-vapotage-lie-a-des-maladies-cardiaques-et-a-la-depression-selon-une-etude_3224071.html\" target=\"_blank\" rel=\"noopener noreferrer\">7<\/a>]. Pour obtenir ces donn\u00e9es, ils ont exploit\u00e9 les r\u00e9ponses des questionnaires de pr\u00e8s de 100 000 individus recueillies aupr\u00e8s des Centres pour le contr\u00f4le et la pr\u00e9vention des maladies[<a href=\"http:\/\/www.asso-sfc.org\/documents\/201-Gestion-exercice-malades-sfc.pdf\" target=\"_blank\" rel=\"noopener noreferrer\">8<\/a>], en 2014, 2016 et 2017.<\/p>\n<p style=\"text-align: justify;\">Toutefois, cette autre \u00e9tude \u00e9tait \u00e9galement \u201cpurement d\u2019observation\u201d, et n\u2019\u00e9tablissait \u201cpas de lien de cause \u00e0 effet\u201d[<a href=\"http:\/\/www.asso-sfc.org\/documents\/201-Gestion-exercice-malades-sfc.pdf\" target=\"_blank\" rel=\"noopener noreferrer\">9<\/a>] entre l\u2019utilisation de la e-cigarette et les sympt\u00f4mes d\u00e9pressifs.<\/p>\n<h2>La nouvelle \u00e9tude fran\u00e7aise permet d\u2019en savoir plus sur cette association<\/h2>\n<p style=\"text-align: justify;\">Emmanuel Wiernik, chercheur \u00e0 l\u2019Inserm, explique que l\u2019\u00e9tude conduite sur 35 337 sujets volontaires &#8211; \u00e2g\u00e9s de 18 \u00e0 69 ans &#8211; de la cohorte \u00e9pid\u00e9miologique Constances, \u201cavait pour objectifs d\u2019examiner les associations [\u2026] entre les sympt\u00f4mes d\u00e9pressifs et l\u2019utilisation de la cigarette \u00e9lectronique dans un large \u00e9chantillon de population, tout en tenant compte du tabagisme et des facteurs de confusion sociod\u00e9mographiques\u201d[<a href=\"https:\/\/www.lequotidiendumedecin.fr\/specialites\/addictologie\/vape-attention-aux-troubles-depressifs\" target=\"_blank\" rel=\"noopener noreferrer\">10<\/a>].<\/p>\n<p style=\"text-align: justify;\">Il pr\u00e9cise en outre que \u201cLes participants ont \u00e9t\u00e9 inclus de f\u00e9vrier 2012 \u00e0 d\u00e9cembre 2016\u201d, et que \u201cL\u2019\u00e2ge, le sexe et le niveau d\u2019\u00e9ducation \u00e9taient rapport\u00e9s au d\u00e9but de l\u2019\u00e9tude ainsi que le statut tabagique (jamais fumeurs, anciens fumeurs, fumeurs actuels), l\u2019utilisation de cigarette \u00e9lectronique (jamais, anciens, actuels) et la concentration de nicotine en mg\/ml\u201d[<a href=\"https:\/\/www.lequotidiendumedecin.fr\/specialites\/addictologie\/vape-attention-aux-troubles-depressifs\" target=\"_blank\" rel=\"noopener noreferrer\">11<\/a>].<\/p>\n<p style=\"text-align: justify;\">Les r\u00e9sultats de cette \u00e9tude ont confirm\u00e9 que les troubles d\u00e9pressifs \u00e9taient bien associ\u00e9s \u00e0 \u201cl\u2019utilisation actuelle\u201d de la cigarette \u00e9lectronique, ce que les \u00e9tudes pr\u00e9c\u00e9dentes avaient d\u00e9j\u00e0 observ\u00e9. Cependant, l\u2019\u00e9tude fran\u00e7aise d\u00e9montre \u00e9galement que les sympt\u00f4mes d\u00e9pressifs chez les utilisateurs de cigarette \u00e9lectronique sont positivement associ\u00e9s \u00e0 la concentration de nicotine[<a href=\"https:\/\/www.lequotidiendumedecin.fr\/specialites\/addictologie\/vape-attention-aux-troubles-depressifs\" target=\"_blank\" rel=\"noopener noreferrer\">12<\/a>].<\/p>\n<p style=\"text-align: justify;\">L\u2019\u00e9tude parue en d\u00e9cembre 2019 dans le JAMA Network Open sugg\u00e9rait d\u00e9j\u00e0 que la nicotine pouvait \u00eatre responsable de cette association entre e-cigarette et d\u00e9pression, puisque \u201cL&rsquo;exposition \u00e0 la nicotine sur une longue p\u00e9riode peut perturber la voie c\u00e9r\u00e9brale de la dopamine, augmenter la sensibilit\u00e9 au stress et perturber les m\u00e9canismes d&rsquo;adaptation qui contribuent normalement \u00e0 prot\u00e9ger contre la d\u00e9pression\u201d[<a href=\"https:\/\/www.healthline.com\/health-news\/vaping-may-increase-risk-of-depression\" target=\"_blank\" rel=\"noopener noreferrer\">13<\/a>].<\/p>\n<p style=\"text-align: justify;\">Emmanuel Wiernik conclut de cette association entre utilisation de cigarette \u00e9lectronique et troubles d\u00e9pressifs d\u00e9sormais d\u00e9montr\u00e9e que, \u201cchez des patients qui sont d\u00e9prim\u00e9s, il convient de faire attention \u00e0 leur consommation de e-cigarettes (et\/ou de tabac) ; inversement chez ceux qui consomment des e-cigarettes (et\/ou du tabac), il faut rechercher des sympt\u00f4mes d\u00e9pressifs\u201d[<a href=\"https:\/\/www.lequotidiendumedecin.fr\/specialites\/addictologie\/vape-attention-aux-troubles-depressifs\" target=\"_blank\" rel=\"noopener noreferrer\">14<\/a>].<\/p>\n<p><span style=\"color: #666699;\"><a style=\"color: #666699;\" href=\"https:\/\/www.generationsanstabac.org\/\">\u00a9G\u00e9n\u00e9ration Sans Tabac<\/a><\/span><\/p>\n<hr \/>\n<p>[1] \u201cConstitu\u00e9es d\u2019un ensemble de personnes suivies individuellement dans le temps, les cohortes visent \u00e0 identifier la survenue d\u2019\u00e9v\u00e8nements de sant\u00e9 d\u2019int\u00e9r\u00eat et des facteurs de risque ou de protection s\u2019y rapportant. Les cohortes constituent un des instruments de r\u00e9f\u00e9rence pour la recherche \u00e9pid\u00e9miologique et en sant\u00e9 publique.\u201d<\/p>\n<p><a href=\"https:\/\/www.inserm.fr\/recherche-inserm\/recherche-en-sante-publique\/cohortes\" target=\"_blank\" rel=\"noopener noreferrer\"><em>Les cohortes<\/em><\/a>, inserm.fr (consult\u00e9 le 1er d\u00e9cembre 2020).<\/p>\n<p style=\"text-align: justify;\">[2] \u201cConstances est une cohorte \u00e9pid\u00e9miologique \u201cg\u00e9n\u00e9raliste\u201d constitu\u00e9e d&rsquo;un \u00e9chantillon repr\u00e9sentatif de 200 000 adultes \u00e2g\u00e9s de 18 \u00e0 69 ans \u00e0 l&rsquo;inclusion, consultants des Centres d&rsquo;examens de sant\u00e9 (CES) de la S\u00e9curit\u00e9 sociale.\u201d<\/p>\n<p><a href=\"https:\/\/www.constances.fr\/cohorte\/presentation-constances.php\" target=\"_blank\" rel=\"noopener noreferrer\"><em>Pr\u00e9sentation de Constances<\/em><\/a>, constances.fr (consult\u00e9 le 1er d\u00e9cembre 2020).<\/p>\n<p>[3] <span data-contrast=\"auto\">Nancy Schimelpfening, <a href=\"https:\/\/www.healthline.com\/health-news\/vaping-may-increase-risk-of-depression\" target=\"_blank\" rel=\"noopener noreferrer\"><em>Study Finds Depression Risk Greater for E-cigarette Users<\/em><\/a>, healthline.com (le 9 d\u00e9cembre 2019, consult\u00e9 le 1er d\u00e9cembre 2020).<\/span><span data-ccp-props=\"{&quot;201341983&quot;:0,&quot;335559739&quot;:0,&quot;335559740&quot;:240}\"> <\/span><\/p>\n<p>[4] <span data-contrast=\"auto\">Lisa Templeton, <a href=\"https:\/\/www.medicalnewstoday.com\/articles\/327305#Depression-risk-rises-with-increased-use\" target=\"_blank\" rel=\"noopener noreferrer\"><em>Study find &lsquo;strong link&rsquo; between vaping and depression<\/em><\/a>, medicalnewstoday.com (le 14 d\u00e9cembre 2019, consult\u00e9 le 1er d\u00e9cembre 2020).<\/span><span data-ccp-props=\"{&quot;201341983&quot;:0,&quot;335559739&quot;:0,&quot;335559740&quot;:240}\"> <\/span><\/p>\n<p>[5] Ibid.<\/p>\n<p>[6] <span data-contrast=\"auto\">Nancy Schimelpfening, <a href=\"https:\/\/www.healthline.com\/health-news\/vaping-may-increase-risk-of-depression\" target=\"_blank\" rel=\"noopener noreferrer\"><em>Study Finds Depression Risk Greater for E-cigarette Users<\/em><\/a>, healthline.com (le 9 d\u00e9cembre 2019, consult\u00e9 le 1er d\u00e9cembre 2020).<\/span><span data-ccp-props=\"{&quot;201341983&quot;:0,&quot;335559739&quot;:0,&quot;335559740&quot;:240}\"> <\/span><\/p>\n<p>[7] <span data-contrast=\"auto\"><a href=\"https:\/\/www.francetvinfo.fr\/sante\/drogue-addictions\/lutte-contre-le-tabagisme\/le-vapotage-lie-a-des-maladies-cardiaques-et-a-la-depression-selon-une-etude_3224071.html\" target=\"_blank\" rel=\"noopener noreferrer\"><em>Le vapotage li\u00e9 \u00e0 des maladies cardiaques et \u00e0 la d\u00e9pression, selon une \u00e9tude<\/em><\/a>, FranceInfo (le 8 mars 2020, consult\u00e9 le 1er d\u00e9cembre 2020).<\/span><span data-ccp-props=\"{&quot;201341983&quot;:0,&quot;335559739&quot;:0,&quot;335559740&quot;:240}\"> <\/span><\/p>\n<p style=\"text-align: justify;\">[8] <span data-contrast=\"auto\">\u201cLes Centres pour le contr\u00f4le et la pr\u00e9vention des maladies (<em>Centers for <\/em><\/span><em>Disease<\/em><span data-contrast=\"auto\"><em> Control and Prevention<\/em>, CDC), forment la principale agence gouvernementale am\u00e9ricaine en mati\u00e8re de protection de la sant\u00e9 publique et de s\u00e9curit\u00e9 publique.\u201d<\/span><span data-ccp-props=\"{&quot;201341983&quot;:0,&quot;335559739&quot;:0,&quot;335559740&quot;:240}\"> <\/span><\/p>\n<p><span data-contrast=\"auto\"><a href=\"http:\/\/www.asso-sfc.org\/documents\/201-Gestion-exercice-malades-sfc.pdf\" target=\"_blank\" rel=\"noopener noreferrer\"><em>Gestion de l&rsquo;activit\u00e9 et de l&rsquo;exercice pour les malades atteints de SFC<\/em><\/a>, asso-sfc.<\/span><span data-contrast=\"auto\">org<\/span><span data-contrast=\"auto\"> (consult\u00e9 le 1<\/span><span data-contrast=\"auto\">er<\/span><span data-contrast=\"auto\"> d\u00e9cembre 2020).<\/span><span data-ccp-props=\"{&quot;201341983&quot;:0,&quot;335559739&quot;:0,&quot;335559740&quot;:240}\"> <\/span><\/p>\n<p>[9] Ibid.<\/p>\n<p>[10] <span data-contrast=\"auto\">Christine Fallet, <a href=\"https:\/\/www.lequotidiendumedecin.fr\/specialites\/addictologie\/vape-attention-aux-troubles-depressifs\" target=\"_blank\" rel=\"noopener noreferrer\"><em>Vape : attention aux troubles d\u00e9pressifs<\/em><\/a>, Le Quotidien du m\u00e9decin (publi\u00e9 le 27 novembre 2020, consult\u00e9 le 1er d\u00e9cembre 2020).<\/span><span data-ccp-props=\"{&quot;201341983&quot;:0,&quot;335559739&quot;:0,&quot;335559740&quot;:240}\"> <\/span><\/p>\n<p>[11] Ibid.<\/p>\n<p>[12] Ibid.<\/p>\n<p>[13] <span data-contrast=\"auto\">Nancy Schimelpfening, <a href=\"https:\/\/www.healthline.com\/health-news\/vaping-may-increase-risk-of-depression\" target=\"_blank\" rel=\"noopener noreferrer\"><em>Study Finds Depression Risk Greater for E-cigarette Users<\/em><\/a>, healthline.com (le 9 d\u00e9cembre 2019, consult\u00e9 le 1er d\u00e9cembre 2020).<\/span><span data-ccp-props=\"{&quot;201341983&quot;:0,&quot;335559739&quot;:0,&quot;335559740&quot;:240}\"> <\/span><\/p>\n<p>[14] <span data-contrast=\"auto\">Christine Fallet, <a href=\"https:\/\/www.lequotidiendumedecin.fr\/specialites\/addictologie\/vape-attention-aux-troubles-depressifs\" target=\"_blank\" rel=\"noopener noreferrer\"><em>Vape : attention aux troubles d\u00e9pressifs<\/em><\/a>, Le Quotidien du m\u00e9decin (publi\u00e9 le 27 novembre 2020, consult\u00e9 le 1er d\u00e9cembre 2020).<\/span><span data-ccp-props=\"{&quot;201341983&quot;:0,&quot;335559739&quot;:0,&quot;335559740&quot;:240}\"> <\/span><\/p>\n<p><span style=\"color: #e8e8e8;\"><strong><a style=\"color: #e8e8e8;\" href=\"http:\/\/dnf.asso.fr\/\/\" target=\"_blank\" rel=\"noopener noreferrer\"> DNF &#8211; Pour un Monde ZeroTabac |<\/a><\/strong><\/span><\/p>\n","protected":false},"excerpt":{"rendered":"<p>De nouvelles donn\u00e9es issues de la cohorte \u00e9pid\u00e9miologique fran\u00e7aise Constances confirment l\u2019association d\u00e9j\u00e0 observ\u00e9e entre utilisation de cigarette \u00e9lectronique et troubles d\u00e9pressifs.<\/p>\n","protected":false},"featured_media":20180,"template":"","tags":[],"thematique":[474],"class_list":["post-20179","actualites","type-actualites","status-publish","has-post-thumbnail","hentry","thematique-sante"],"acf":[],"_links":{"self":[{"href":"https:\/\/www.generationsanstabac.org\/fr\/wp-json\/wp\/v2\/actualites\/20179","targetHints":{"allow":["GET"]}}],"collection":[{"href":"https:\/\/www.generationsanstabac.org\/fr\/wp-json\/wp\/v2\/actualites"}],"about":[{"href":"https:\/\/www.generationsanstabac.org\/fr\/wp-json\/wp\/v2\/types\/actualites"}],"version-history":[{"count":0,"href":"https:\/\/www.generationsanstabac.org\/fr\/wp-json\/wp\/v2\/actualites\/20179\/revisions"}],"wp:featuredmedia":[{"embeddable":true,"href":"https:\/\/www.generationsanstabac.org\/fr\/wp-json\/wp\/v2\/media\/20180"}],"wp:attachment":[{"href":"https:\/\/www.generationsanstabac.org\/fr\/wp-json\/wp\/v2\/media?parent=20179"}],"wp:term":[{"taxonomy":"post_tag","embeddable":true,"href":"https:\/\/www.generationsanstabac.org\/fr\/wp-json\/wp\/v2\/tags?post=20179"},{"taxonomy":"thematique","embeddable":true,"href":"https:\/\/www.generationsanstabac.org\/fr\/wp-json\/wp\/v2\/thematique?post=20179"}],"curies":[{"name":"wp","href":"https:\/\/api.w.org\/{rel}","templated":true}]}}