{"id":20175,"date":"2020-12-02T15:56:50","date_gmt":"2020-12-02T14:56:50","guid":{"rendered":"https:\/\/www.generationsanstabac.org\/actualites\/lefficacite-des-mesures-antitabac-inegale-en-fonction-des-disparites-ethniques\/"},"modified":"2020-12-02T15:56:50","modified_gmt":"2020-12-02T14:56:50","slug":"lefficacite-des-mesures-antitabac-inegale-en-fonction-des-disparites-ethniques","status":"publish","type":"actualites","link":"https:\/\/www.generationsanstabac.org\/fr\/actualites\/lefficacite-des-mesures-antitabac-inegale-en-fonction-des-disparites-ethniques\/","title":{"rendered":"L&rsquo;efficacit\u00e9 des mesures antitabac in\u00e9gale en fonction des disparit\u00e9s ethniques"},"content":{"rendered":"<p style=\"text-align: justify;\"><em>Les efforts mis en \u0153uvre dans le cadre de la lutte contre le tabac ont permis de r\u00e9duire le nombre de fumeurs \u00e0 l\u2019\u00e9chelle des \u00c9tats-Unis, mais ces initiatives ont aid\u00e9 les diff\u00e9rentes cat\u00e9gories de population de mani\u00e8re in\u00e9gale.<\/em><\/p>\n<p style=\"text-align: justify;\">Si les mesures de lutte contre le tabac des derni\u00e8res d\u00e9cennies aux \u00c9tats-Unis ont globalement fonctionn\u00e9 pour les fumeurs blancs, d&rsquo;autres groupes ethniques sont toujours en difficult\u00e9, selon une analyse conduite par une chercheuse de l&rsquo;universit\u00e9 d&rsquo;\u00c9tat de l&rsquo;Oregon.<\/p>\n<h2>Une \u00e9tude am\u00e9ricaine sur le tabagisme au sein des diff\u00e9rentes cat\u00e9gories de population<\/h2>\n<p style=\"text-align: justify;\">L&rsquo;\u00e9tude, publi\u00e9e le 16 novembre 2020 dans la revue <em>Nicotine &amp; Tobacco Research<\/em>, a compar\u00e9 la consommation de cigarettes au sein de diff\u00e9rents groupes ethniques am\u00e9ricains. En moyenne, le nombre de cigarettes consomm\u00e9es par jour a diminu\u00e9 d&rsquo;environ 30 % entre 1992 et 2019. Toutefois, la r\u00e9duction de la consommation de cigarettes a \u00e9t\u00e9 plus importante pour les blancs non-hispaniques, ce qui indique que les politiques de lutte contre le tabagisme mises en \u0153uvre au cours des 25 derni\u00e8res ann\u00e9es ont b\u00e9n\u00e9fici\u00e9 \u00e0 ce groupe plus qu&rsquo;\u00e0 d&rsquo;autres, a d\u00e9clar\u00e9 Kari-Lyn Sakuma, auteure principale de l&rsquo;\u00e9tude et professeure adjointe au Coll\u00e8ge de la sant\u00e9 publique et des sciences humaines de l&rsquo;OSU (Universit\u00e9 d&rsquo;\u00c9tat de l&rsquo;Ohio).<\/p>\n<p style=\"text-align: justify;\">Les chercheurs ont examin\u00e9 l&rsquo;\u00e9volution dans le temps du nombre de cigarettes d\u00e9clar\u00e9es par les fumeurs chaque jour et du nombre de jours o\u00f9 ils ont fum\u00e9, le nombre de personnes qui ont commenc\u00e9 \u00e0 fumer pour la premi\u00e8re fois, et le nombre de personnes qui ont r\u00e9ussi \u00e0 arr\u00eater de fumer.<\/p>\n<h2>A l\u2019origine de ces disparit\u00e9s, des techniques de l\u2019industrie du tabac<\/h2>\n<p style=\"text-align: justify;\">Kari-Lyn Sakuma \u00e9tudie depuis des ann\u00e9es l&rsquo;impact du tabagisme au sein de diff\u00e9rents groupes ethniques. Elle estime que l\u2019industrie du tabac a investi beaucoup d&rsquo;argent dans la publicit\u00e9 et le marketing de leurs produits, en particulier dans les quartiers d\u00e9favoris\u00e9s. Elle investit \u00e9galement des fonds importants pour aller \u00e0 l\u2019encontre des politiques de sant\u00e9 publique qui pourraient contribuer \u00e0 prot\u00e9ger les communaut\u00e9s.<\/p>\n<p style=\"text-align: justify;\">Les quartiers \u00e0 faibles revenus disposent de moins de ressources pour lutter contre les discours de l\u2019industrie du tabac, notamment parce que la plupart des mesures de lutte contre le tabagisme commencent par une pression locale (interdire les panneaux d&rsquo;affichage de cigarettes pr\u00e8s des \u00e9coles par exemple). Selon Kari-Lyn Sakuma, les d\u00e9cideurs politiques devraient donner la priorit\u00e9 aux initiatives de sant\u00e9 publique qui adaptent leurs messages et leurs techniques de sensibilisation aux groupes ethniques d\u00e9favoris\u00e9s par les mesures de lutte contre le tabac ces derni\u00e8res d\u00e9cennies.<\/p>\n<p><span style=\"color: #666699;\"><a style=\"color: #666699;\" href=\"https:\/\/www.generationsanstabac.org\/\">\u00a9G\u00e9n\u00e9ration Sans Tabac<\/a><\/span><\/p>\n<hr \/>\n<p>Cette actualit\u00e9 reprend la publication parue dans News Medical\u202f:<\/p>\n<p>Emily Henderson, <a href=\"https:\/\/www.news-medical.net\/news\/20201202\/Effectiveness-of-anti-smoking-measures-points-to-racial-and-ethnic-disparities-shows-data.aspx\" target=\"_blank\" rel=\"noopener noreferrer\"><em>Effectiveness of anti-smoking measures points to racial and ethnic disparities, shows data<\/em><\/a>, www.news-medical.net (le 02 d\u00e9cembre 2020, consult\u00e9 le 02 d\u00e9cembre 2020).<\/p>\n<p><span style=\"color: #e8e8e8;\"><strong><a style=\"color: #e8e8e8;\" href=\"http:\/\/dnf.asso.fr\/\/\" target=\"_blank\" rel=\"noopener noreferrer\"> DNF &#8211; Pour un Monde ZeroTabac |<\/a><\/strong><\/span><\/p>\n","protected":false},"excerpt":{"rendered":"<p>Les efforts mis en \u0153uvre dans le cadre de la lutte contre le tabac ont permis de r\u00e9duire le nombre de fumeurs \u00e0 l\u2019\u00e9chelle des \u00c9tats-Unis, mais ces initiatives ont aid\u00e9 les diff\u00e9rentes cat\u00e9gories de population de mani\u00e8re in\u00e9gale.<\/p>\n","protected":false},"featured_media":20176,"template":"","tags":[],"thematique":[474],"class_list":["post-20175","actualites","type-actualites","status-publish","has-post-thumbnail","hentry","thematique-sante"],"acf":[],"_links":{"self":[{"href":"https:\/\/www.generationsanstabac.org\/fr\/wp-json\/wp\/v2\/actualites\/20175","targetHints":{"allow":["GET"]}}],"collection":[{"href":"https:\/\/www.generationsanstabac.org\/fr\/wp-json\/wp\/v2\/actualites"}],"about":[{"href":"https:\/\/www.generationsanstabac.org\/fr\/wp-json\/wp\/v2\/types\/actualites"}],"version-history":[{"count":0,"href":"https:\/\/www.generationsanstabac.org\/fr\/wp-json\/wp\/v2\/actualites\/20175\/revisions"}],"wp:featuredmedia":[{"embeddable":true,"href":"https:\/\/www.generationsanstabac.org\/fr\/wp-json\/wp\/v2\/media\/20176"}],"wp:attachment":[{"href":"https:\/\/www.generationsanstabac.org\/fr\/wp-json\/wp\/v2\/media?parent=20175"}],"wp:term":[{"taxonomy":"post_tag","embeddable":true,"href":"https:\/\/www.generationsanstabac.org\/fr\/wp-json\/wp\/v2\/tags?post=20175"},{"taxonomy":"thematique","embeddable":true,"href":"https:\/\/www.generationsanstabac.org\/fr\/wp-json\/wp\/v2\/thematique?post=20175"}],"curies":[{"name":"wp","href":"https:\/\/api.w.org\/{rel}","templated":true}]}}