{"id":20173,"date":"2020-12-01T11:20:16","date_gmt":"2020-12-01T10:20:16","guid":{"rendered":"https:\/\/www.generationsanstabac.org\/actualites\/corse-baisse-alarmante-des-depistages-du-cancer\/"},"modified":"2020-12-01T11:20:16","modified_gmt":"2020-12-01T10:20:16","slug":"corse-baisse-alarmante-des-depistages-du-cancer","status":"publish","type":"actualites","link":"https:\/\/www.generationsanstabac.org\/fr\/actualites\/corse-baisse-alarmante-des-depistages-du-cancer\/","title":{"rendered":"Corse : baisse alarmante des d\u00e9pistages du cancer"},"content":{"rendered":"<p style=\"text-align: justify;\"><em>La diminution importante du nombre de d\u00e9pistages du cancer observ\u00e9e en Corse sur l&rsquo;ann\u00e9e 2020, marqu\u00e9e par la pand\u00e9mie de Covid-19, inqui\u00e8te de nombreux professionnels de sant\u00e9, mais aussi plusieurs associations et structures, en particulier celles engag\u00e9es dans la lutte contre les maladies li\u00e9es au tabagisme.<\/em><\/p>\n<p style=\"text-align: justify;\">En 2020, les professionnels de sant\u00e9 exer\u00e7ant en Corse ont constat\u00e9 une baisse alarmante des d\u00e9pistages du cancer. D\u00e9but octobre, alors que s\u2019ouvrait la campagne \u201cOctobre Rose\u201d[<a href=\"https:\/\/www.cancerdusein.org\/octobre-rose\/octobre-rose\" target=\"_blank\" rel=\"noopener noreferrer\">1<\/a>], Franck Le Duff, m\u00e9decin directeur du Centre r\u00e9gional de coordination du d\u00e9pistage du cancer en Corse, avait notamment communiqu\u00e9 les chiffres concernant le d\u00e9pistage de deux cancers, et se montrait pessimiste pour les mois \u00e0 venir : \u201cOn est \u00e0 -6 % pour le cancer du sein cette ann\u00e9e, et \u00e0 pr\u00e8s de -10 % pour le cancer colorectal. Et je ne vois pas les choses s\u2019arranger pour la fin de l\u2019ann\u00e9e\u201d[<a href=\"https:\/\/www.francebleu.fr\/infos\/sante-sciences\/octobre-rose-une-chute-de-6-des-depistages-du-cancer-du-sein-a-cause-du-covid-19-1601485101\" target=\"_blank\" rel=\"noopener noreferrer\">2<\/a>].<\/p>\n<h2>Une diminution qui s\u2019explique par le contexte et la politique sanitaires<\/h2>\n<p style=\"text-align: justify;\">Pour de nombreux professionnels de sant\u00e9, ce recul important du nombre de d\u00e9pistages s\u2019explique par le contexte de la pand\u00e9mie de Covid-19, et notamment sa gestion politique et sanitaire. Pour Sauveur Merlenghi, pr\u00e9sident de la Ligue contre le cancer de Corse-du-Sud et m\u00e9decin g\u00e9n\u00e9raliste, \u201cL\u2019urgence sanitaire a r\u00e9organis\u00e9 compl\u00e8tement le syst\u00e8me de soin fran\u00e7ais en privil\u00e9giant la prise en charge du Covid sur toutes les autres maladies, ce qui est catastrophique\u201d[<a href=\"https:\/\/france3-regions.francetvinfo.fr\/corse\/corse-du-sud\/ligue-contre-cancer-corse-du-sud-alerte-graves-retards-depistage-dus-crise-du-covid19-1893822.html\" target=\"_blank\" rel=\"noopener noreferrer\">3<\/a>]. Il constate que les patients ne se rendent plus dans les cabinets m\u00e9dicaux et dans les centres de d\u00e9pistage \u201ccomme ils devraient le faire\u201d. \u201cIls attendent\u201d, ajoute-t-il.<\/p>\n<p style=\"text-align: justify;\">Franck Le Duff d\u00e9plore quant \u00e0 lui le report d\u2019une action de d\u00e9pistage du cancer du poumon initialement pr\u00e9vue en septembre : \u201cC\u2019\u00e9tait une exp\u00e9rimentation pour la pr\u00e9vention des cancers silencieux chez les fumeurs de longue dur\u00e9e et nous devons attendre la fin de la crise sanitaire actuelle\u201d[<a href=\"https:\/\/www.corsenetinfos.corsica\/Tabagisme-le-recul-des-depistages-du-cancer-est-alarmant-en-Corse_a53764.html\" target=\"_blank\" rel=\"noopener noreferrer\">4<\/a>].<\/p>\n<p style=\"text-align: justify;\">Plusieurs m\u00e9decins reprochent aux autorit\u00e9s une surm\u00e9diatisation et une pr\u00e9vention trop omnipr\u00e9sente de la Covid-19, qui, selon eux, rel\u00e8gue les autres maladies au second plan[<a href=\"https:\/\/www.corsenetinfos.corsica\/Tabagisme-le-recul-des-depistages-du-cancer-est-alarmant-en-Corse_a53764.html\" target=\"_blank\" rel=\"noopener noreferrer\">5<\/a>]. \u201cTous les m\u00e9decins sont occup\u00e9s par le Covid\u201d, regrette Sauveur Merlenghi[<a href=\"https:\/\/france3-regions.francetvinfo.fr\/corse\/corse-du-sud\/ligue-contre-cancer-corse-du-sud-alerte-graves-retards-depistage-dus-crise-du-covid19-1893822.html\" target=\"_blank\" rel=\"noopener noreferrer\">6<\/a>].<\/p>\n<p style=\"text-align: justify;\">Par ailleurs, le contexte sanitaire a provoqu\u00e9 l\u2019annulation de la plupart des \u00e9v\u00e9nements et op\u00e9rations qui permettent habituellement de lever des fonds et de mener des actions de sensibilisation et de communication, que ce soit sur les dangers du tabagisme, le sevrage tabagique ou le d\u00e9pistage du cancer. \u00c0 titre d\u2019exemple, aucune manifestation publique n\u2019a pu se ternir \u00e0 l\u2019occasion du Mois sans tabac[<a href=\"https:\/\/mois-sans-tabac.tabac-info-service.fr\/\" target=\"_blank\" rel=\"noopener noreferrer\">7<\/a>] \u00e0 cause du nouveau confinement impos\u00e9 \u00e0 partir du 30 octobre.<\/p>\n<p style=\"text-align: justify;\">Christian Sain, tabacologue et addictologue, se d\u00e9sole de cette situation : \u201cla Covid-19 a tu\u00e9 40 000 personnes en France en 2020 quand le tabagisme en a tu\u00e9 plus de 75 000 en 2019, pourtant le confinement nous emp\u00eache d\u2019informer correctement les gens et d\u2019aller \u00e0 leur rencontre\u201d[<a href=\"https:\/\/www.corsenetinfos.corsica\/Tabagisme-le-recul-des-depistages-du-cancer-est-alarmant-en-Corse_a53764.html\" target=\"_blank\" rel=\"noopener noreferrer\">8<\/a>]. Il ajoute que les risques li\u00e9s au tabagisme \u201csont multipli\u00e9s par ce virus qui attaque lui aussi les poumons\u201d, et que \u201cle caract\u00e8re anxiog\u00e8ne cr\u00e9\u00e9 par le confinement incite les gens \u00e0 fumer plus\u201d.<\/p>\n<h2>Une situation inqui\u00e9tante qui laisse entrevoir de lourdes cons\u00e9quences<\/h2>\n<p style=\"text-align: justify;\">Christian Sain consid\u00e8re en outre que la Corse est particuli\u00e8rement expos\u00e9e aux maladies li\u00e9es au tabagisme, dont le cancer, car, selon lui, elle \u201cest une des r\u00e9gions de France o\u00f9 l\u2019on fume le plus et qui dispose du plus grand nombre de d\u00e9bits de tabac par millier d\u2019habitants\u201d[<a href=\"https:\/\/www.corsenetinfos.corsica\/Tabagisme-le-recul-des-depistages-du-cancer-est-alarmant-en-Corse_a53764.html\" target=\"_blank\" rel=\"noopener noreferrer\">9<\/a>]. Il rappelle \u00e9galement que le prix du paquet de cigarettes est inf\u00e9rieur de 25 % en Corse par rapport au continent, en vertu d\u2019un avantage fiscal d\u00e9cr\u00e9t\u00e9 par Napol\u00e9on en 1811[<a href=\"https:\/\/www.leparisien.fr\/economie\/corse-fini-le-tabac-moins-cher-21-11-2019-8198277.php\" target=\"_blank\" rel=\"noopener noreferrer\">10<\/a>]. Si le projet de loi des finances 2020 adopt\u00e9 par les d\u00e9put\u00e9s en octobre 2019 pr\u00e9voit la fin de ce r\u00e9gime d\u2019exception, le prix du paquet en Corse ne commencera \u00e0 se rapprocher de celui du continent qu\u2019\u00e0 partir de 2022, et ne sera align\u00e9 sur ce dernier qu\u2019en 2025.<\/p>\n<p style=\"text-align: justify;\">Les m\u00e9decins de l\u2019\u00eele commencent d\u00e9j\u00e0 \u00e0 constater les cons\u00e9quences de la baisse et du retard des d\u00e9pistages du cancer, ce dont Franck Le Duff t\u00e9moigne : \u201con voit un peu plus appara\u00eetre des cancers qui sont un peu plus gros, un peu plus \u00e9volu\u00e9s que l\u2019ann\u00e9e derni\u00e8re. Donc on sent bien que les gens tardent \u00e0 se faire d\u00e9pister\u201d[<a href=\"https:\/\/www.francebleu.fr\/infos\/sante-sciences\/octobre-rose-une-chute-de-6-des-depistages-du-cancer-du-sein-a-cause-du-covid-19-1601485101\" target=\"_blank\" rel=\"noopener noreferrer\">11<\/a>].<\/p>\n<p style=\"text-align: justify;\">Marc Germain, pr\u00e9sident de la Ligue contre le cancer de Haute-Corse, rappelle qu&rsquo;il est pourtant capital de diagnostiquer la maladie le plus t\u00f4t possible : \u201ctout ce qui n\u2019est pas d\u00e9pist\u00e9 aujourd\u2019hui peut provoquer des cancers plus difficiles \u00e0 traiter plus tard\u201d[<a href=\"https:\/\/www.corsenetinfos.corsica\/Tabagisme-le-recul-des-depistages-du-cancer-est-alarmant-en-Corse_a53764.html\" target=\"_blank\" rel=\"noopener noreferrer\">12<\/a>]. En 2019, 843 personnes sont d\u00e9c\u00e9d\u00e9es en Corse des suites d\u2019un cancer, et Marc Germain s\u2019inqui\u00e8te d\u2019une augmentation de ce chiffre \u00e0 cause du recul du d\u00e9pistage. En octobre, le pr\u00e9sident de la Ligue nationale contre le cancer Axel Kahn estimait \u00e0 environ 30 000 le nombre de cancers non d\u00e9tect\u00e9s depuis le d\u00e9but de la crise sanitaire[<a href=\"https:\/\/france3-regions.francetvinfo.fr\/corse\/corse-du-sud\/ligue-contre-cancer-corse-du-sud-alerte-graves-retards-depistage-dus-crise-du-covid19-1893822.html\" target=\"_blank\" rel=\"noopener noreferrer\">13<\/a>].<\/p>\n<p style=\"text-align: justify;\">\u00c0 Ajaccio, par exemple, la Ligue contre le cancer n\u2019a pas pu mettre en place une op\u00e9ration de d\u00e9pistage du cancer du poumon pour laquelle elle avait pourtant obtenu un financement priv\u00e9. \u201dCe sont des gens qu\u2019on aurait pu sauver, qu\u2019on ne sauvera pas\u201d, d\u00e9plore Sauveur Merlenghi[<a href=\"https:\/\/france3-regions.francetvinfo.fr\/corse\/corse-du-sud\/ligue-contre-cancer-corse-du-sud-alerte-graves-retards-depistage-dus-crise-du-covid19-1893822.html\" target=\"_blank\" rel=\"noopener noreferrer\">14<\/a>].<\/p>\n<p style=\"text-align: justify;\">Imputable dans 90 % des cas au tabagisme, le cancer du poumon est aujourd\u2019hui le cancer le plus meurtrier en France, o\u00f9 il cause plus de 30\u202f000 d\u00e9c\u00e8s chaque ann\u00e9e[<a href=\"https:\/\/www.has-sante.fr\/jcms\/c_2632022\/fr\/cancer-du-poumon-conditions-non-reunies-pour-un-depistage-chez-les-fumeurs\" target=\"_blank\" rel=\"noopener noreferrer\">15<\/a>]. Malgr\u00e9 cela, il n&rsquo;existe pas de d\u00e9pistage organis\u00e9 et massif de ce cancer en France, alors qu\u2019un tel dispositif est en place aux \u00c9tats-Unis, au Canada, ou encore en Australie[<a href=\"https:\/\/www.lemonde.fr\/sciences\/article\/2018\/11\/21\/plaidoyer-pour-le-depistage-du-cancer-du-poumon_5386254_1650684.html\" target=\"_blank\" rel=\"noopener noreferrer\">16<\/a>].<\/p>\n<p><span style=\"color: #666699;\"><a style=\"color: #666699;\" href=\"https:\/\/www.generationsanstabac.org\/\">\u00a9G\u00e9n\u00e9ration Sans Tabac<\/a><\/span><\/p>\n<hr \/>\n<p>[1] Organis\u00e9e chaque ann\u00e9e en octobre depuis 1994, Octobre Rose est \u201cla campagne de lutte contre le cancer du sein organis\u00e9e par l&rsquo;association Ruban Rose [qui] propose de lutter contre le cancer du sein en informant, en dialoguant et en mobilisant\u201d.<\/p>\n<p><a href=\"https:\/\/www.cancerdusein.org\/octobre-rose\/octobre-rose\" target=\"_blank\" rel=\"noopener noreferrer\"><em>La campagne d&rsquo;information Octobre Rose<\/em><\/a>, cancerdusein.org (consult\u00e9 le 30 novembre 2020).<\/p>\n<p>[2] <span class=\"TextRun SCXW185995253 BCX2\" lang=\"FR-FR\" xml_lang=\"FR-FR\" data-contrast=\"auto\"><span class=\"NormalTextRun SCXW185995253 BCX2\">Caroline Felix, <\/span><\/span><a href=\"https:\/\/www.francebleu.fr\/infos\/sante-sciences\/octobre-rose-une-chute-de-6-des-depistages-du-cancer-du-sein-a-cause-du-covid-19-1601485101\" target=\"_blank\" rel=\"noopener noreferrer\"><em><span class=\"TextRun SCXW185995253 BCX2\" lang=\"FR-FR\" xml_lang=\"FR-FR\" data-contrast=\"auto\"><span class=\"NormalTextRun SCXW185995253 BCX2\">Octobre Rose : \u00ab\u00a0une chute de 6% des d\u00e9pistages du cancer du sein\u00a0\u00bb \u00e0 cause du Covid-19 cette ann\u00e9e<\/span><\/span><\/em><\/a><span class=\"TextRun SCXW185995253 BCX2\" lang=\"FR-FR\" xml_lang=\"FR-FR\" data-contrast=\"auto\"><span class=\"NormalTextRun SCXW185995253 BCX2\">, France Bleu RCFM (le 1<\/span><\/span><span class=\"TextRun SCXW185995253 BCX2\" lang=\"FR-FR\" xml_lang=\"FR-FR\" data-contrast=\"auto\"><span class=\"NormalTextRun Superscript SCXW185995253 BCX2\" data-fontsize=\"10\">er<\/span><\/span><span class=\"TextRun SCXW185995253 BCX2\" lang=\"FR-FR\" xml_lang=\"FR-FR\" data-contrast=\"auto\"><span class=\"NormalTextRun SCXW185995253 BCX2\"> octobre 2020, consult\u00e9 le 30 novembre 2020).<\/span><\/span><\/p>\n<p>[3] <a href=\"https:\/\/france3-regions.francetvinfo.fr\/corse\/corse-du-sud\/ligue-contre-cancer-corse-du-sud-alerte-graves-retards-depistage-dus-crise-du-covid19-1893822.html\" target=\"_blank\" rel=\"noopener noreferrer\"><i><span data-contrast=\"auto\">La ligue contre le cancer de Corse-du-Sud alerte sur les graves retards de d\u00e9pistage dus \u00e0 la crise du Covid19<\/span><\/i><\/a><span data-contrast=\"auto\">, France 3 Corse <\/span><span data-contrast=\"auto\">ViaStella<\/span><span data-contrast=\"auto\"> (le 11 novembre 2020, consult\u00e9 le 30 novembre 2020).<\/span><span data-ccp-props=\"{&quot;201341983&quot;:0,&quot;335551550&quot;:6,&quot;335551620&quot;:6,&quot;335559739&quot;:160,&quot;335559740&quot;:259}\"> <\/span><\/p>\n<p>[4] <span data-contrast=\"auto\">Pierre-Manuel <\/span><span data-contrast=\"auto\">Pescetti<\/span><span data-contrast=\"auto\">, <\/span><a href=\"https:\/\/www.corsenetinfos.corsica\/Tabagisme-le-recul-des-depistages-du-cancer-est-alarmant-en-Corse_a53764.html\" target=\"_blank\" rel=\"noopener noreferrer\"><i><span data-contrast=\"auto\">Tabagisme : le recul des d\u00e9pistages du cancer est alarmant en Corse<\/span><\/i><\/a><span data-contrast=\"auto\">, <\/span><span data-contrast=\"auto\">corsenetinfos.corsica<\/span><span data-contrast=\"auto\"> (le 22 novembre 2020, consult\u00e9 le 30 novembre 2020).<\/span><span data-ccp-props=\"{&quot;201341983&quot;:0,&quot;335551550&quot;:6,&quot;335551620&quot;:6,&quot;335559739&quot;:160,&quot;335559740&quot;:259}\"> <\/span><\/p>\n<p>[5] Ibid.<\/p>\n<p>[6] <a href=\"https:\/\/france3-regions.francetvinfo.fr\/corse\/corse-du-sud\/ligue-contre-cancer-corse-du-sud-alerte-graves-retards-depistage-dus-crise-du-covid19-1893822.html\" target=\"_blank\" rel=\"noopener noreferrer\"><i><span data-contrast=\"auto\">La ligue contre le cancer de Corse-du-Sud alerte sur les graves retards de d\u00e9pistage dus \u00e0 la crise du Covid19<\/span><\/i><\/a><span data-contrast=\"auto\">, France 3 Corse <\/span><span data-contrast=\"auto\">ViaStella<\/span><span data-contrast=\"auto\"> (le 11 novembre 2020, consult\u00e9 le 30 novembre 2020).<\/span><span data-ccp-props=\"{&quot;201341983&quot;:0,&quot;335551550&quot;:6,&quot;335551620&quot;:6,&quot;335559739&quot;:160,&quot;335559740&quot;:259}\"> <\/span><\/p>\n<p style=\"text-align: justify;\">[7] <span data-contrast=\"auto\">Le Mois sans tabac est un <\/span><span data-contrast=\"auto\">grand d\u00e9fi collectif qui encourage les fumeurs \u00e0 ne pas fumer pendant le mois de novembre, chaque ann\u00e9e depuis 2016. Des \u00e9tudes ont en effet d\u00e9montr\u00e9 qu\u2019apr\u00e8s un mois sans fumer, les chances d\u2019arr\u00eater d\u00e9finitivement \u00e9taient multipli\u00e9es par 5.<\/span><span data-ccp-props=\"{&quot;201341983&quot;:0,&quot;335551550&quot;:6,&quot;335551620&quot;:6,&quot;335559739&quot;:160,&quot;335559740&quot;:259}\"> <\/span><\/p>\n<p><span data-contrast=\"auto\"><a href=\"https:\/\/mois-sans-tabac.tabac-info-service.fr\/\" target=\"_blank\" rel=\"noopener noreferrer\"><em>Mois Sans Tabac<\/em><\/a>, tabac-info-service.fr (consult\u00e9 le 30 novembre 2020).<\/span><span data-ccp-props=\"{&quot;201341983&quot;:0,&quot;335551550&quot;:6,&quot;335551620&quot;:6,&quot;335559739&quot;:160,&quot;335559740&quot;:259}\"> <\/span><\/p>\n<p>[8] <span data-contrast=\"auto\">Pierre-Manuel <\/span><span data-contrast=\"auto\">Pescetti<\/span><span data-contrast=\"auto\">, <\/span><a href=\"https:\/\/www.corsenetinfos.corsica\/Tabagisme-le-recul-des-depistages-du-cancer-est-alarmant-en-Corse_a53764.html\" target=\"_blank\" rel=\"noopener noreferrer\"><i><span data-contrast=\"auto\">Tabagisme : le recul des d\u00e9pistages du cancer est alarmant en Corse<\/span><\/i><\/a><span data-contrast=\"auto\">, <\/span><span data-contrast=\"auto\">corsenetinfos.corsica<\/span><span data-contrast=\"auto\"> (le 22 novembre 2020, consult\u00e9 le 30 novembre 2020).<\/span><span data-ccp-props=\"{&quot;201341983&quot;:0,&quot;335551550&quot;:6,&quot;335551620&quot;:6,&quot;335559739&quot;:160,&quot;335559740&quot;:259}\"> <\/span><\/p>\n<p>[9] Ibid.<\/p>\n<p>[10] P<span data-contrast=\"auto\">ierre Santini, <\/span><a href=\"https:\/\/www.leparisien.fr\/economie\/corse-fini-le-tabac-moins-cher-21-11-2019-8198277.php\" target=\"_blank\" rel=\"noopener noreferrer\"><i><span data-contrast=\"auto\">Corse : fini le tabac moins cher<\/span><\/i><\/a><span data-contrast=\"auto\">, Le Parisien (le 12 novembre 2019, consult\u00e9 le 30 novembre 2020).<\/span><span data-ccp-props=\"{&quot;201341983&quot;:0,&quot;335551550&quot;:6,&quot;335551620&quot;:6,&quot;335559739&quot;:160,&quot;335559740&quot;:259}\"> <\/span><\/p>\n<p>[11] <span class=\"TextRun SCXW185995253 BCX2\" lang=\"FR-FR\" xml_lang=\"FR-FR\" data-contrast=\"auto\"><span class=\"NormalTextRun SCXW185995253 BCX2\">Caroline Felix, <\/span><\/span><a href=\"https:\/\/www.francebleu.fr\/infos\/sante-sciences\/octobre-rose-une-chute-de-6-des-depistages-du-cancer-du-sein-a-cause-du-covid-19-1601485101\" target=\"_blank\" rel=\"noopener noreferrer\"><em><span class=\"TextRun SCXW185995253 BCX2\" lang=\"FR-FR\" xml_lang=\"FR-FR\" data-contrast=\"auto\"><span class=\"NormalTextRun SCXW185995253 BCX2\">Octobre Rose : \u00ab\u00a0une chute de 6% des d\u00e9pistages du cancer du sein\u00a0\u00bb \u00e0 cause du Covid-19 cette ann\u00e9e<\/span><\/span><\/em><\/a><span class=\"TextRun SCXW185995253 BCX2\" lang=\"FR-FR\" xml_lang=\"FR-FR\" data-contrast=\"auto\"><span class=\"NormalTextRun SCXW185995253 BCX2\">, France Bleu RCFM (le 1<\/span><\/span><span class=\"TextRun SCXW185995253 BCX2\" lang=\"FR-FR\" xml_lang=\"FR-FR\" data-contrast=\"auto\"><span class=\"NormalTextRun Superscript SCXW185995253 BCX2\" data-fontsize=\"10\">er<\/span><\/span><span class=\"TextRun SCXW185995253 BCX2\" lang=\"FR-FR\" xml_lang=\"FR-FR\" data-contrast=\"auto\"><span class=\"NormalTextRun SCXW185995253 BCX2\"> octobre 2020, consult\u00e9 le 30 novembre 2020).<\/span><\/span><\/p>\n<p>[12] <span data-contrast=\"auto\">Pierre-Manuel <\/span><span data-contrast=\"auto\">Pescetti<\/span><span data-contrast=\"auto\">, <\/span><a href=\"https:\/\/www.corsenetinfos.corsica\/Tabagisme-le-recul-des-depistages-du-cancer-est-alarmant-en-Corse_a53764.html\" target=\"_blank\" rel=\"noopener noreferrer\"><i><span data-contrast=\"auto\">Tabagisme : le recul des d\u00e9pistages du cancer est alarmant en Corse<\/span><\/i><\/a><span data-contrast=\"auto\">, <\/span><span data-contrast=\"auto\">corsenetinfos.corsica<\/span><span data-contrast=\"auto\"> (le 22 novembre 2020, consult\u00e9 le 30 novembre 2020).<\/span><span data-ccp-props=\"{&quot;201341983&quot;:0,&quot;335551550&quot;:6,&quot;335551620&quot;:6,&quot;335559739&quot;:160,&quot;335559740&quot;:259}\"> <\/span><\/p>\n<p>[13] <a href=\"https:\/\/france3-regions.francetvinfo.fr\/corse\/corse-du-sud\/ligue-contre-cancer-corse-du-sud-alerte-graves-retards-depistage-dus-crise-du-covid19-1893822.html\" target=\"_blank\" rel=\"noopener noreferrer\"><i><span data-contrast=\"auto\">La ligue contre le cancer de Corse-du-Sud alerte sur les graves retards de d\u00e9pistage dus \u00e0 la crise du Covid19<\/span><\/i><\/a><span data-contrast=\"auto\">, France 3 Corse <\/span><span data-contrast=\"auto\">ViaStella<\/span><span data-contrast=\"auto\"> (le 11 novembre 2020, consult\u00e9 le 30 novembre 2020).<\/span><span data-ccp-props=\"{&quot;201341983&quot;:0,&quot;335551550&quot;:6,&quot;335551620&quot;:6,&quot;335559739&quot;:160,&quot;335559740&quot;:259}\"> <\/span><\/p>\n<p>[14] Ibid.<\/p>\n<p>[15] <a href=\"https:\/\/www.has-sante.fr\/jcms\/c_2632022\/fr\/cancer-du-poumon-conditions-non-reunies-pour-un-depistage-chez-les-fumeurs\" target=\"_blank\" rel=\"noopener noreferrer\"><i><span data-contrast=\"auto\">Cancer du poumon : conditions non r\u00e9unies pour un d\u00e9pistage chez les fumeurs<\/span><\/i><\/a><span data-contrast=\"auto\">, has-sante.<\/span><span data-contrast=\"auto\">fr<\/span><span data-contrast=\"auto\"> (le 19 mai 2016, consult\u00e9 le 30 novembre 2020).<\/span><span data-ccp-props=\"{&quot;201341983&quot;:0,&quot;335551550&quot;:6,&quot;335551620&quot;:6,&quot;335559739&quot;:160,&quot;335559740&quot;:259}\"> <\/span><\/p>\n<p>[16] <span data-contrast=\"auto\">Sandrine <\/span><span data-contrast=\"auto\">Cabut<\/span><span data-contrast=\"auto\">, <\/span><a href=\"https:\/\/www.lemonde.fr\/sciences\/article\/2018\/11\/21\/plaidoyer-pour-le-depistage-du-cancer-du-poumon_5386254_1650684.html\" target=\"_blank\" rel=\"noopener noreferrer\"><i><span data-contrast=\"auto\">Plaidoyer pour le d\u00e9pistage du cancer du poumon<\/span><\/i><\/a><span data-contrast=\"auto\">, Le Monde (le 21 novembre 2018, consult\u00e9 le 17 novembre 2020).<\/span><span data-ccp-props=\"{&quot;201341983&quot;:0,&quot;335551550&quot;:6,&quot;335551620&quot;:6,&quot;335559739&quot;:160,&quot;335559740&quot;:259}\"> <\/span><\/p>\n<p><span style=\"color: #e8e8e8;\"><strong><a style=\"color: #e8e8e8;\" href=\"http:\/\/dnf.asso.fr\/\/\" target=\"_blank\" rel=\"noopener noreferrer\"> DNF &#8211; Pour un Monde ZeroTabac |<\/a><\/strong><\/span><\/p>\n","protected":false},"excerpt":{"rendered":"<p>La diminution importante du nombre de d\u00e9pistages du cancer observ\u00e9e en Corse sur l&rsquo;ann\u00e9e 2020, marqu\u00e9e par la pand\u00e9mie de Covid-19, inqui\u00e8te de nombreux professionnels de sant\u00e9, mais aussi plusieurs associations et structures, en particulier celles engag\u00e9es dans la lutte contre les maladies li\u00e9es au tabagisme.<\/p>\n","protected":false},"featured_media":20174,"template":"","tags":[],"thematique":[474],"class_list":["post-20173","actualites","type-actualites","status-publish","has-post-thumbnail","hentry","thematique-sante"],"acf":[],"_links":{"self":[{"href":"https:\/\/www.generationsanstabac.org\/fr\/wp-json\/wp\/v2\/actualites\/20173","targetHints":{"allow":["GET"]}}],"collection":[{"href":"https:\/\/www.generationsanstabac.org\/fr\/wp-json\/wp\/v2\/actualites"}],"about":[{"href":"https:\/\/www.generationsanstabac.org\/fr\/wp-json\/wp\/v2\/types\/actualites"}],"version-history":[{"count":0,"href":"https:\/\/www.generationsanstabac.org\/fr\/wp-json\/wp\/v2\/actualites\/20173\/revisions"}],"wp:featuredmedia":[{"embeddable":true,"href":"https:\/\/www.generationsanstabac.org\/fr\/wp-json\/wp\/v2\/media\/20174"}],"wp:attachment":[{"href":"https:\/\/www.generationsanstabac.org\/fr\/wp-json\/wp\/v2\/media?parent=20173"}],"wp:term":[{"taxonomy":"post_tag","embeddable":true,"href":"https:\/\/www.generationsanstabac.org\/fr\/wp-json\/wp\/v2\/tags?post=20173"},{"taxonomy":"thematique","embeddable":true,"href":"https:\/\/www.generationsanstabac.org\/fr\/wp-json\/wp\/v2\/thematique?post=20173"}],"curies":[{"name":"wp","href":"https:\/\/api.w.org\/{rel}","templated":true}]}}