{"id":20166,"date":"2020-11-27T11:54:24","date_gmt":"2020-11-27T10:54:24","guid":{"rendered":"https:\/\/www.generationsanstabac.org\/actualites\/pays-bas-la-vente-de-tabac-en-supermarche-interdite-a-partir-de-2024\/"},"modified":"2020-11-27T11:54:24","modified_gmt":"2020-11-27T10:54:24","slug":"pays-bas-la-vente-de-tabac-en-supermarche-interdite-a-partir-de-2024","status":"publish","type":"actualites","link":"https:\/\/www.generationsanstabac.org\/fr\/actualites\/pays-bas-la-vente-de-tabac-en-supermarche-interdite-a-partir-de-2024\/","title":{"rendered":"Pays-Bas : la vente de tabac en supermarch\u00e9 interdite \u00e0 partir de 2024"},"content":{"rendered":"<p style=\"text-align: justify;\"><em>Le vendredi 20 novembre 2020, le gouvernement n\u00e9erlandais a annonc\u00e9 que la vente de tabac en supermarch\u00e9 serait interdite aux Pays-Bas \u00e0 compter de 2024.<\/em><\/p>\n<p style=\"text-align: justify;\">La vente de cigarettes et des autres produits du tabac en supermarch\u00e9 sera interdite aux Pays-Bas \u00e0 partir de 2024, a annonc\u00e9 le gouvernement n\u00e9erlandais le vendredi 20 novembre 2020. Il s&rsquo;agit d\u2019une mesure \u00e9minemment importante, les supermarch\u00e9s concentrant actuellement 55 % de l\u2019ensemble des ventes de tabac du pays[<a href=\"https:\/\/fr.reuters.com\/article\/idINKBN280237\" target=\"_blank\" rel=\"noopener noreferrer\">1<\/a>].<\/p>\n<h2>Une d\u00e9cision qui s&rsquo;ajoute \u00e0 une batterie de mesures de lutte antitabac<\/h2>\n<p style=\"text-align: justify;\">Cette d\u00e9cision d\u2019interdire la vente des produits du tabac en supermarch\u00e9 \u00e0 partir de 2024 s\u2019inscrit dans un ensemble de mesures de lutte antitabac r\u00e9cemment prises aux Pays-Bas. Certaines sont d\u00e9j\u00e0 appliqu\u00e9es, d\u2019autres seront prochainement mises en \u0153uvre.<\/p>\n<p style=\"text-align: justify;\">Ainsi, d\u00e9but 2020, les espaces fumeurs de toutes les gares du pays ont \u00e9t\u00e9 supprim\u00e9s, tandis que ceux des immeubles de bureaux devront dispara\u00eetre d\u2019ici 2022[<a href=\"https:\/\/fr.reuters.com\/article\/idINKBN280237\" target=\"_blank\" rel=\"noopener noreferrer\">2<\/a>].<\/p>\n<p style=\"text-align: justify;\">Depuis octobre 2020, le paquet neutre a \u00e9t\u00e9 introduit aux Pays-Bas, et les supermarch\u00e9s ne peuvent plus exposer les produits du tabac \u00e0 la vue des clients, bien qu\u2019ils soient autoris\u00e9s \u00e0 les vendre jusqu\u2019\u00e0 l\u2019application de la nouvelle mesure en 2024[<a href=\"https:\/\/fr.reuters.com\/article\/idINKBN280237\" target=\"_blank\" rel=\"noopener noreferrer\">3<\/a>].<\/p>\n<p style=\"text-align: justify;\">Avant cela, il ne sera plus possible d&rsquo;acheter des cigarettes dans des distributeurs automatiques d\u00e8s 2022[<a href=\"https:\/\/nltimes.nl\/2020\/11\/21\/dutch-government-outlaws-supermarket-cigarette-sales-2024\" target=\"_blank\" rel=\"noopener noreferrer\">4<\/a>]. Enfin, l\u2019achat de tabac en ligne sera interdit \u00e0 partir de 2023, ann\u00e9e au cours de laquelle le prix du paquet de cigarettes atteindra 10 euros[<a href=\"https:\/\/nltimes.nl\/2020\/11\/21\/dutch-government-outlaws-supermarket-cigarette-sales-2024\" target=\"_blank\" rel=\"noopener noreferrer\">5<\/a>].<\/p>\n<h2>Un objectif : 120 000 fumeurs en moins d\u2019ici 10 ans<\/h2>\n<p style=\"text-align: justify;\">Le but de toutes ces mesures est \u00e9videmment de r\u00e9duire le nombre de fumeurs aux Pays-Bas, notamment en r\u00e9duisant drastiquement le nombre de points de vente des produits du tabac. Alors qu\u2019il en existe actuellement 16 000 dans le pays, la disparition des distributeurs automatiques d\u00e8s 2022 fera chuter ce chiffre \u00e0 10 400 environ. Lorsque les supermarch\u00e9s cesseront la vente du tabac en 2024, il n\u2019y aura alors plus que 6 000 points de vente, tous des magasins de tabac sp\u00e9cialis\u00e9s[<a href=\"https:\/\/nltimes.nl\/2020\/11\/21\/dutch-government-outlaws-supermarket-cigarette-sales-2024\" target=\"_blank\" rel=\"noopener noreferrer\">6<\/a>].<\/p>\n<p style=\"text-align: justify;\">Le gouvernement estime qu\u2019il sera alors \u201cplus facile pour les fumeurs d\u2019arr\u00eater de fumer, et plus difficile pour les autres de prendre cette habitude\u201d[<a href=\"https:\/\/nltimes.nl\/2020\/11\/21\/dutch-government-outlaws-supermarket-cigarette-sales-2024\" target=\"_blank\" rel=\"noopener noreferrer\">7<\/a>]. Le minist\u00e8re de la Sant\u00e9 publique, du Bien-\u00eatre et des Sports n\u00e9erlandais esp\u00e8re ainsi que le pays comptera 120 000 fumeurs d\u2019ici 10 ans. Paul Blokhuis, secr\u00e9taire d\u2019\u00c9tat de ce m\u00eame minist\u00e8re, s\u2019est f\u00e9licit\u00e9 de l\u2019interdiction \u00e0 venir de la vente de tabac en supermarch\u00e9 : \u201cAvec cette d\u00e9cision et le cap que nous avons fix\u00e9 aujourd\u2019hui, nous allons \u00e9viter un grand nombre de d\u00e9c\u00e8s et de souffrances m\u00e9dicales\u201d[<a href=\"https:\/\/nltimes.nl\/2020\/11\/21\/dutch-government-outlaws-supermarket-cigarette-sales-2024\" target=\"_blank\" rel=\"noopener noreferrer\">8<\/a>].<\/p>\n<p style=\"text-align: justify;\">Selon l&rsquo;institut n\u00e9erlandais Trimbos, sp\u00e9cialis\u00e9 dans la sant\u00e9 mentale et les addictions, 22 % des N\u00e9erlandais \u00e2g\u00e9s de 18 ans et plus fumaient r\u00e9guli\u00e8rement en 2019, contre 26 % en 2014[<a href=\"https:\/\/fr.reuters.com\/article\/idINKBN280237\" target=\"_blank\" rel=\"noopener noreferrer\">9<\/a>].<\/p>\n<p><span style=\"color: #666699;\"><a style=\"color: #666699;\" href=\"https:\/\/www.generationsanstabac.org\/\">\u00a9G\u00e9n\u00e9ration Sans Tabac<\/a><\/span><\/p>\n<hr \/>\n<p>[1] <a href=\"https:\/\/fr.reuters.com\/article\/idINKBN280237\" target=\"_blank\" rel=\"noopener noreferrer\"><em>Dutch to ban cigarette sales in supermarkets from 2024<\/em><\/a>, Reuters (le 21 novembre 2021, consult\u00e9 le 26 novembre 2020).<\/p>\n<p>[2] Ibid.<\/p>\n<p>[3] Ibid.<\/p>\n<p>[4] <a href=\"https:\/\/nltimes.nl\/2020\/11\/21\/dutch-government-outlaws-supermarket-cigarette-sales-2024\" target=\"_blank\" rel=\"noopener noreferrer\"><em>Dutch government outlaws supermarket cigarette sales from 2024<\/em><\/a>, NL Times (le 21 novembre 2020, consult\u00e9 le 26 novembre 2020).<\/p>\n<p>[5] Ibid.<\/p>\n<p>[6] Ibid.<\/p>\n<p>[7] Ibid.<\/p>\n<p>[8] Ibid.<\/p>\n<p>[9] <a href=\"https:\/\/fr.reuters.com\/article\/idINKBN280237\" target=\"_blank\" rel=\"noopener noreferrer\"><em>Dutch to ban cigarette sales in supermarkets from 2024<\/em><\/a>, Reuters (le 21 novembre 2021, consult\u00e9 le 26 novembre 2020).<\/p>\n<p><span style=\"color: #e8e8e8;\"><strong><a style=\"color: #e8e8e8;\" href=\"http:\/\/dnf.asso.fr\/\/\" target=\"_blank\" rel=\"noopener noreferrer\"> DNF &#8211; Pour un Monde ZeroTabac |<\/a><\/strong><\/span><\/p>\n","protected":false},"excerpt":{"rendered":"<p>Le vendredi 20 novembre 2020, le gouvernement n\u00e9erlandais a annonc\u00e9 que la vente de tabac en supermarch\u00e9 serait interdite aux Pays-Bas \u00e0 compter de 2024.<\/p>\n","protected":false},"featured_media":20167,"template":"","tags":[],"thematique":[491,474],"class_list":["post-20166","actualites","type-actualites","status-publish","has-post-thumbnail","hentry","thematique-politiques-publiques","thematique-sante"],"acf":[],"_links":{"self":[{"href":"https:\/\/www.generationsanstabac.org\/fr\/wp-json\/wp\/v2\/actualites\/20166","targetHints":{"allow":["GET"]}}],"collection":[{"href":"https:\/\/www.generationsanstabac.org\/fr\/wp-json\/wp\/v2\/actualites"}],"about":[{"href":"https:\/\/www.generationsanstabac.org\/fr\/wp-json\/wp\/v2\/types\/actualites"}],"version-history":[{"count":0,"href":"https:\/\/www.generationsanstabac.org\/fr\/wp-json\/wp\/v2\/actualites\/20166\/revisions"}],"wp:featuredmedia":[{"embeddable":true,"href":"https:\/\/www.generationsanstabac.org\/fr\/wp-json\/wp\/v2\/media\/20167"}],"wp:attachment":[{"href":"https:\/\/www.generationsanstabac.org\/fr\/wp-json\/wp\/v2\/media?parent=20166"}],"wp:term":[{"taxonomy":"post_tag","embeddable":true,"href":"https:\/\/www.generationsanstabac.org\/fr\/wp-json\/wp\/v2\/tags?post=20166"},{"taxonomy":"thematique","embeddable":true,"href":"https:\/\/www.generationsanstabac.org\/fr\/wp-json\/wp\/v2\/thematique?post=20166"}],"curies":[{"name":"wp","href":"https:\/\/api.w.org\/{rel}","templated":true}]}}