{"id":20155,"date":"2020-11-25T13:51:10","date_gmt":"2020-11-25T12:51:10","guid":{"rendered":"https:\/\/www.generationsanstabac.org\/actualites\/augmenter-lage-minimum-pour-fumer-a-21-ans-afin-de-reduire-la-consommation-de-tabac\/"},"modified":"2020-11-25T13:51:10","modified_gmt":"2020-11-25T12:51:10","slug":"augmenter-lage-minimum-pour-fumer-a-21-ans-afin-de-reduire-la-consommation-de-tabac","status":"publish","type":"actualites","link":"https:\/\/www.generationsanstabac.org\/fr\/actualites\/augmenter-lage-minimum-pour-fumer-a-21-ans-afin-de-reduire-la-consommation-de-tabac\/","title":{"rendered":"Augmenter l&rsquo;\u00e2ge minimum pour fumer \u00e0 21 ans afin de r\u00e9duire la consommation de tabac"},"content":{"rendered":"<p style=\"text-align: justify;\"><em>Une \u00e9tude indienne constate que les pays reconnaissent de plus en plus qu\u2019une majorit\u00e9 des personnes qui deviennent des consommateurs de tabac \u00e0 long terme commencent cette pratique alors qu&rsquo;elles \u00e9taient adolescentes ou jeunes adultes.<\/em><\/p>\n<p style=\"text-align: justify;\">Prendre des mesures pour limiter l\u2019acc\u00e8s des adolescents et des jeunes adultes au tabac prend donc tout son sens. Le rapport demande \u00e9galement l&rsquo;interdiction de zones fumeurs d\u00e9sign\u00e9es dans les lieux publics ou encore l\u2019interdiction de parrainage par l\u2019industrie du tabac.<\/p>\n<h2>Une \u00e9tude de la National Law School of India University (NLSIU)<\/h2>\n<p style=\"text-align: justify;\">Dans cette \u00e9tude intitul\u00e9e Tobacco Control Laws in India : Origins and Proposed Reforms, le professeur Ashok R Patil de la NSLIU recommande notamment au minist\u00e8re de la sant\u00e9 de faire passer l&rsquo;\u00e2ge l\u00e9gal pour la consommation et l\u2019achat de tabac en Inde de 18 \u00e0 21 ans, tout en prenant un certain nombre d&rsquo;autres mesures allant avec cette interdiction.<\/p>\n<p style=\"text-align: justify;\">Cette mesure phare est d\u00e9j\u00e0 en place dans de nombreux pays. En effet, le professeur Ashok R Patil souligne que \u00ab\u202fpas moins de 14 pays &#8211; \u00c9thiopie, Guam, Honduras, Japon, Kowe\u00eft, Mongolie, Palau, Philippines, Samoa, Singapour, Sri Lanka, Tha\u00eflande, \u00c9tats-Unis et Ouganda &#8211; ont d\u00e9sormais port\u00e9 l&rsquo;\u00e2ge minimum l\u00e9gal \u00e0 21 ans\u202f\u00bb.<\/p>\n<h2>Les autres recommandations de l\u2019\u00e9tude<\/h2>\n<p style=\"text-align: justify;\">Les autres recommandations sp\u00e9cifi\u00e9es dans le rapport comprennent l&rsquo;interdiction des zones fumeurs d\u00e9sign\u00e9es dans les lieux publics ; l\u2019interdiction de toute publicit\u00e9 dans les points de vente ; l\u2019interdiction de tout parrainage par l\u2019industrie du tabac (y compris pour les activit\u00e9s de responsabilit\u00e9 sociale des entreprises) ; l\u2019interdiction de la vente \u00ab\u202f\u00e0 l\u2019unit\u00e9\u202f\u00bb de cigarettes , de tabac en vrac ou de paquets plus petits, etc.<\/p>\n<p style=\"text-align: justify;\">Le Dr Vishal Rao, oncologue et membre du comit\u00e9 de la lutte antitabac du Karnataka (\u00c9tat du sud-ouest de l&rsquo;Inde), a d\u00e9clar\u00e9 que les produits du tabac devraient \u00eatre rendus inaccessibles pour sauver les Indiens d&rsquo;une \u00ab\u202fvie de mis\u00e8re et de souffrance\u202f\u00bb.<\/p>\n<p><span style=\"color: #666699;\"><a style=\"color: #666699;\" href=\"https:\/\/www.generationsanstabac.org\/\">\u00a9G\u00e9n\u00e9ration Sans Tabac<\/a><\/span><\/p>\n<hr \/>\n<p>Cette actualit\u00e9 reprend un article publi\u00e9 dans The Indian Express\u202f:<\/p>\n<p>Ralph Alex Arakal, <a href=\"https:\/\/indianexpress.com\/article\/cities\/bangalore\/minimum-legal-age-tobacco-consumption-reduction-report-7065217\/\" target=\"_blank\" rel=\"noopener noreferrer\"><em>Raising minimum age to smoke to 21 helpful in reducing tobacco consumption: report<\/em><\/a>, The Indian Express (le 25 novembre 2020, consult\u00e9 le 25 novembre 2020).<\/p>\n<p><span style=\"color: #e8e8e8;\"><strong><a style=\"color: #e8e8e8;\" href=\"http:\/\/dnf.asso.fr\/\/\" target=\"_blank\" rel=\"noopener noreferrer\"> DNF &#8211; Pour un Monde ZeroTabac |<\/a><\/strong><\/span><\/p>\n","protected":false},"excerpt":{"rendered":"<p>Une \u00e9tude indienne constate que les pays reconnaissent de plus en plus qu\u2019une majorit\u00e9 des personnes qui deviennent des consommateurs de tabac \u00e0 long terme commencent cette pratique alors qu&rsquo;elles \u00e9taient adolescentes ou jeunes adultes.<\/p>\n","protected":false},"featured_media":20156,"template":"","tags":[],"thematique":[491],"class_list":["post-20155","actualites","type-actualites","status-publish","has-post-thumbnail","hentry","thematique-politiques-publiques"],"acf":[],"_links":{"self":[{"href":"https:\/\/www.generationsanstabac.org\/fr\/wp-json\/wp\/v2\/actualites\/20155","targetHints":{"allow":["GET"]}}],"collection":[{"href":"https:\/\/www.generationsanstabac.org\/fr\/wp-json\/wp\/v2\/actualites"}],"about":[{"href":"https:\/\/www.generationsanstabac.org\/fr\/wp-json\/wp\/v2\/types\/actualites"}],"version-history":[{"count":0,"href":"https:\/\/www.generationsanstabac.org\/fr\/wp-json\/wp\/v2\/actualites\/20155\/revisions"}],"wp:featuredmedia":[{"embeddable":true,"href":"https:\/\/www.generationsanstabac.org\/fr\/wp-json\/wp\/v2\/media\/20156"}],"wp:attachment":[{"href":"https:\/\/www.generationsanstabac.org\/fr\/wp-json\/wp\/v2\/media?parent=20155"}],"wp:term":[{"taxonomy":"post_tag","embeddable":true,"href":"https:\/\/www.generationsanstabac.org\/fr\/wp-json\/wp\/v2\/tags?post=20155"},{"taxonomy":"thematique","embeddable":true,"href":"https:\/\/www.generationsanstabac.org\/fr\/wp-json\/wp\/v2\/thematique?post=20155"}],"curies":[{"name":"wp","href":"https:\/\/api.w.org\/{rel}","templated":true}]}}