{"id":20153,"date":"2020-11-24T16:25:22","date_gmt":"2020-11-24T15:25:22","guid":{"rendered":"https:\/\/www.generationsanstabac.org\/actualites\/suisse-1880-classes-vont-vivre-l-experience-non-fumeur\/"},"modified":"2020-11-24T16:25:22","modified_gmt":"2020-11-24T15:25:22","slug":"suisse-1880-classes-vont-vivre-l-experience-non-fumeur","status":"publish","type":"actualites","link":"https:\/\/www.generationsanstabac.org\/fr\/actualites\/suisse-1880-classes-vont-vivre-l-experience-non-fumeur\/","title":{"rendered":"Suisse\u202f: 1880 classes vont vivre l\u2019\u00ab\u202fExp\u00e9rience non-fumeur\u202f\u00bb"},"content":{"rendered":"<p style=\"text-align: justify;\"><em>Le 5 novembre dernier a d\u00e9but\u00e9 en Suisse le concours \u00ab\u202fExp\u00e9rience non-fumeur\u202f\u00bb[<a href=\"https:\/\/www.experience-nonfumeur.ch\/index.php\/fr\/le-concours\" target=\"_blank\" rel=\"noopener noreferrer\">1<\/a>]. En 20 ans, il a f\u00e9d\u00e9r\u00e9 plus d\u2019un million d\u2019\u00e9l\u00e8ves et permis \u00e0 ces derniers de r\u00e9fl\u00e9chir pleinement au tabagisme et aux risques qui y sont li\u00e9s. Si les inscriptions sont en l\u00e9g\u00e8re baisse cette ann\u00e9e \u2013 tr\u00e8s probablement en raison de la crise sanitaire \u2013 ce ne sont pas moins de 1880 classes qui ont rejoint le concours 2020-2021.<\/em><\/p>\n<h2>Qu\u2019est-ce que l\u2019\u00ab\u202fExp\u00e9rience non-fumeur\u202f\u00bb\u202f?<\/h2>\n<p style=\"text-align: justify;\">Il s\u2019agit d\u2019un concours organis\u00e9 par l\u2019<a href=\"https:\/\/portal.at-schweiz.ch\/fr\/\" target=\"_blank\" rel=\"noopener noreferrer\">Association suisse pour la pr\u00e9vention du tabagisme AT<\/a> en collaboration avec les centres cantonaux de pr\u00e9vention, et financ\u00e9 par le fonds de pr\u00e9vention du tabagisme. Ce concours est ouvert \u00e0 toutes les classes suisses, de la 6e \u00e0 la 9e ann\u00e9e. Les \u00e9l\u00e8ves participants s\u2019engagent \u00e0 ne consommer aucun produit de tabac ou produit connexe (cigarette, cigarette \u00e9lectronique, chicha, snus, etc.) pendant la dur\u00e9e du projet, c\u2019est-\u00e0-dire cette ann\u00e9e du 5 novembre 2020 au 6 mai 2021. De nombreux centres cantonaux de pr\u00e9vention organisent sur la m\u00eame p\u00e9riode des expositions et des ateliers.<\/p>\n<p style=\"text-align: justify;\">C\u2019est donc l\u2019occasion pour les \u00e9l\u00e8ves de r\u00e9fl\u00e9chir \u00e0 leur propre vision du tabagisme, \u00e0 leur pratique, ainsi qu\u2019\u00e0 l\u2019\u00e9mergence de nouveaux produits et aux strat\u00e9gies marketing de l\u2019industrie du tabac. Le concours se r\u00e9v\u00e8le donc \u00eatre un temps d\u2019\u00e9change, de sensibilisation et d\u2019information qui intervient lors de cette p\u00e9riode d\u00e9licate qu\u2019est l\u2019adolescence, au cours de laquelle la volont\u00e9 d\u2019int\u00e9grer un groupe peut, par exemple, prendre le pas sur la pr\u00e9servation de sa propre sant\u00e9.<\/p>\n<h2>La lutte contre le tabac r\u00e9compens\u00e9e<\/h2>\n<p style=\"text-align: justify;\">Les classes ayant relev\u00e9 le d\u00e9fi ont la possibilit\u00e9 de gagner des bons de voyage CFF[2] par tirage au sort. Les classes parmi lesquelles aucun \u00e9l\u00e8ve n\u2019a fum\u00e9 peuvent remporter un bon d\u2019une valeur de 500 francs suisses (soit env. 462 \u20ac). Les classes parmi lesquelles seuls 10 % des \u00e9l\u00e8ves fument peuvent se voir attribuer un bon d\u2019une valeur de 250 francs suisses (soit env. 230 \u20ac). L\u2019AT et les centres cantonaux de pr\u00e9vention organisent \u00e9galement des tirages au sort avec d\u2019autres prix \u00e0 gagner.<\/p>\n<p><span style=\"color: #666699;\"><a style=\"color: #666699;\" href=\"https:\/\/www.generationsanstabac.org\/\">\u00a9G\u00e9n\u00e9ration Sans Tabac<\/a><\/span><\/p>\n<hr \/>\n<p>Cette actualit\u00e9 reprend l&rsquo;article :<\/p>\n<p aria-level=\"1\"><span data-contrast=\"auto\"><a href=\"https:\/\/www.presseportal.ch\/fr\/pm\/100058010\/100860012\" target=\"_blank\" rel=\"noopener noreferrer\"><em>Exp\u00e9rience non-fumeur : 1880 classes disent \u00ab\u00a0non\u00a0\u00bb au tabac et \u00e0 la nicotine<\/em><\/a>, www.presseportal.ch (18 novembre 2020<\/span><span data-ccp-props=\"{&quot;134233117&quot;:true,&quot;134233118&quot;:true,&quot;335551550&quot;:6,&quot;335551620&quot;:6}\"> &#8211; consult\u00e9 le 20 novembre 2020).<\/span><\/p>\n<p>[1] Exp\u00e9rience non-fumeur, <a href=\"https:\/\/www.experience-nonfumeur.ch\/index.php\/fr\/le-concours\" target=\"_blank\" rel=\"noopener noreferrer\"><em>Le concours<\/em><\/a>, www.experience-nonfumeur.fr (consult\u00e9 le 20 novembre 2020).<\/p>\n<p>[2] Chemins de fer f\u00e9d\u00e9raux suisses<\/p>\n<p><span style=\"color: #e8e8e8;\"><strong><a style=\"color: #e8e8e8;\" href=\"http:\/\/dnf.asso.fr\/\/\" target=\"_blank\" rel=\"noopener noreferrer\"> DNF &#8211; Pour un Monde ZeroTabac |<\/a><\/strong><\/span><\/p>\n","protected":false},"excerpt":{"rendered":"<p>Le 5 novembre dernier a d\u00e9but\u00e9 en Suisse le concours \u00ab\u202fExp\u00e9rience non-fumeur\u202f\u00bb. En 20 ans, il a f\u00e9d\u00e9r\u00e9 plus d\u2019un million d\u2019\u00e9l\u00e8ves et permis \u00e0 ces derniers de r\u00e9fl\u00e9chir pleinement au tabagisme et aux risques qui y sont li\u00e9s. Si les inscriptions sont en l\u00e9g\u00e8re baisse cette ann\u00e9e \u2013 tr\u00e8s probablement en raison de la crise sanitaire \u2013 ce ne sont pas moins de 1880 classes qui ont rejoint le concours 2020-2021.<\/p>\n","protected":false},"featured_media":20154,"template":"","tags":[],"thematique":[474],"class_list":["post-20153","actualites","type-actualites","status-publish","has-post-thumbnail","hentry","thematique-sante"],"acf":[],"_links":{"self":[{"href":"https:\/\/www.generationsanstabac.org\/fr\/wp-json\/wp\/v2\/actualites\/20153","targetHints":{"allow":["GET"]}}],"collection":[{"href":"https:\/\/www.generationsanstabac.org\/fr\/wp-json\/wp\/v2\/actualites"}],"about":[{"href":"https:\/\/www.generationsanstabac.org\/fr\/wp-json\/wp\/v2\/types\/actualites"}],"version-history":[{"count":0,"href":"https:\/\/www.generationsanstabac.org\/fr\/wp-json\/wp\/v2\/actualites\/20153\/revisions"}],"wp:featuredmedia":[{"embeddable":true,"href":"https:\/\/www.generationsanstabac.org\/fr\/wp-json\/wp\/v2\/media\/20154"}],"wp:attachment":[{"href":"https:\/\/www.generationsanstabac.org\/fr\/wp-json\/wp\/v2\/media?parent=20153"}],"wp:term":[{"taxonomy":"post_tag","embeddable":true,"href":"https:\/\/www.generationsanstabac.org\/fr\/wp-json\/wp\/v2\/tags?post=20153"},{"taxonomy":"thematique","embeddable":true,"href":"https:\/\/www.generationsanstabac.org\/fr\/wp-json\/wp\/v2\/thematique?post=20153"}],"curies":[{"name":"wp","href":"https:\/\/api.w.org\/{rel}","templated":true}]}}