{"id":20152,"date":"2020-11-24T13:18:36","date_gmt":"2020-11-24T12:18:36","guid":{"rendered":"https:\/\/www.generationsanstabac.org\/actualites\/bresil-commerce-illicite\/"},"modified":"2020-11-24T13:18:36","modified_gmt":"2020-11-24T12:18:36","slug":"bresil-commerce-illicite","status":"publish","type":"actualites","link":"https:\/\/www.generationsanstabac.org\/fr\/actualites\/bresil-commerce-illicite\/","title":{"rendered":"Le Br\u00e9sil, bon \u00e9l\u00e8ve de la lutte contre le commerce illicite du tabac"},"content":{"rendered":"<p style=\"text-align: justify;\"><em>Selon l\u2019enqu\u00eate nationale br\u00e9silienne sur la sant\u00e9 de 2019, le Br\u00e9sil conna\u00eet son taux de tabagisme le plus faible depuis plus de cinquante ans (13%). Ces bons chiffres sont le r\u00e9sultat de la mise en \u0153uvre de politiques coh\u00e9rentes de lutte contre l\u2019\u00e9pid\u00e9mie tabagique<a href=\"#_ftn1\" name=\"_ftnref1\"><strong>[1]<\/strong><\/a>. <\/em><\/p>\n<p style=\"text-align: justify;\">Cette baisse de la pr\u00e9valence tabagique est toutefois contest\u00e9e par l\u2019industrie du tabac, selon laquelle les niveaux de consommation seraient en hausse, notamment en raison de l\u2019augmentation du commerce illicite des produits du tabac.<\/p>\n<h2 style=\"text-align: justify;\"><strong>Le commerce illicite en baisse au Br\u00e9sil<\/strong><\/h2>\n<p style=\"text-align: justify;\">Ces affirmations, habituelles de la part de l\u2019industrie du tabac, sont toutefois d\u00e9menties par les chiffres. Le commerce illicite des produits du tabac repr\u00e9sente au Br\u00e9sil 34,7% du march\u00e9 national, soit 8 points en de\u00e7\u00e0 des estimations de 2016. Cette situation s\u2019explique par la mise en \u0153uvre par le Br\u00e9sil d\u2019une s\u00e9rie de mesures visant \u00e0 r\u00e9duire le commerce illicite, notamment via la ratification en mai 2018 du Protocole de l\u2019Organisation mondiale de la sant\u00e9 pour \u00e9liminer le commerce illicite des produits du tabac.<\/p>\n<h2 style=\"text-align: justify;\"><strong>Le Br\u00e9sil engag\u00e9 contre le commerce illicite des produits du tabac<\/strong><\/h2>\n<p style=\"text-align: justify;\">Cette baisse du commerce illicite observ\u00e9e au Br\u00e9sil tient en particulier du fait que le pays a mis en \u0153uvre un syst\u00e8me de suivi et de tra\u00e7abilit\u00e9 des produits qui soit ind\u00e9pendant des cigarettiers. Compte tenu de la grande responsabilit\u00e9 de l\u2019industrie du tabac dans l\u2019organisation et la facilitation du commerce illicite, la mise en place d\u2019un syst\u00e8me de contr\u00f4le ind\u00e9pendant est l\u2019une des conditions indispensables \u00e9nonc\u00e9es par le Protocole<a href=\"#_ftn2\" name=\"_ftnref2\">[2]<\/a>.<\/p>\n<h2 style=\"text-align: justify;\"><strong>L\u2019int\u00e9r\u00eat du commerce illicite pour les produits du tabac<\/strong><\/h2>\n<p style=\"text-align: justify;\">Le commerce illicite des produits du tabac rev\u00eat deux int\u00e9r\u00eats principaux pour l\u2019industrie. D\u2019abord, il lui permet d\u2019\u00e9viter les taxes qui lui sont appliqu\u00e9es par les pouvoirs publics. De ce fait, moins chers, les produits du tabac sont d\u2019autant plus accessibles pour la population, \u00e0 commercer par les jeunes et les cat\u00e9gories pr\u00e9caires. Enfin, l\u2019industrie du tabac surestime r\u00e9guli\u00e8rement les niveaux du commerce illicite par rapport \u00e0 la r\u00e9alit\u00e9. Cette sur\u00e9valuation lui permet de d\u00e9noncer les politiques antitabac, \u00e0 commencer par les hausses de taxes, en affirmant qu\u2019elles favorisent le commerce illicite et la criminalit\u00e9 organis\u00e9e.<\/p>\n<h2>Les pouvoirs publics sous la pression de l&rsquo;industrie<\/h2>\n<p style=\"text-align: justify;\">Ces \u00e9l\u00e9ments doivent cependant \u00eatre nuanc\u00e9s. L\u2019indice d\u2019interf\u00e9rence de l\u2019industrie du tabac, qui classe 57 pays membres de la CCLAT en fonction de leurs capacit\u00e9s \u00e0 r\u00e9sister aux strat\u00e9gies d\u2019influence des cigarettiers, souligne une nette d\u00e9t\u00e9rioration de la situation au Br\u00e9sil. Le pays est en effet le pays dont l\u2019indice a montr\u00e9 la pire \u00e9volution d\u2019une \u00e9dition sur l\u2019autre, d\u00e9montrant la forte activit\u00e9 d\u2019ing\u00e9rence de l\u2019industrie du tabac pour bloquer ou diminuer l\u2019efficacit\u00e9 des politiques de sant\u00e9 publique<a href=\"#_ftn1\" name=\"_ftnref1\">[1]<\/a>.<\/p>\n<p>&nbsp;<\/p>\n<p style=\"text-align: justify;\"><strong>Mots cl\u00e9s : Br\u00e9sil, Commerce illicite<br \/>\n<\/strong><\/p>\n<p style=\"text-align: justify;\"><a href=\"https:\/\/www.generationsanstabac.org\/\">\u00a9G\u00e9n\u00e9ration Sans Tabac<\/a><\/p>\n<hr \/>\n<p style=\"text-align: justify;\"><a href=\"#_ftnref1\" name=\"_ftn1\">[1]<\/a> <a href=\"https:\/\/tobaccoatlas.org\/2020\/11\/22\/brazils-illicit-cigarette-trade-surveillance-is-a-model-to-follow\/\">Brazil\u2019s illicit cigarette trade surveillance is a model to follow<\/a>, Tobacco Atlas, 22\/11\/2020, (consult\u00e9 le 24\/11\/2020)<\/p>\n<p style=\"text-align: justify;\"><a href=\"#_ftnref2\" name=\"_ftn2\">[2]<\/a> <a href=\"https:\/\/www.who.int\/fctc\/protocol\/Protocol-to-Eliminate-Illicit-Trade-in-Tobacco-Products-FR.pdf?ua=1\">Protocole pour \u00e9liminer le commerce illicite des produits du tabac<\/a>, OMS<\/p>\n<p><a href=\"#_ftnref1\" name=\"_ftn1\">[3]<\/a> <a href=\"https:\/\/exposetobacco.org\/news\/gti-shows-hope\/?utm_source=mailchimp&amp;utm_medium=email&amp;utm_campaign=index2020\">New \u2018Global Tobacco Industry Interference Index\u2019 Shows Hope<\/a>, STOP, 23 novembre 2020, (consult\u00e9 le 26\/11\/2020)<\/p>\n<p><span style=\"color: #999999;\"><strong><a style=\"color: #999999;\" href=\"http:\/\/www.cnct.fr\/\" target=\"_blank\" rel=\"noopener noreferrer\">Comit\u00e9 National Contre le Tabagisme |<\/a><\/strong><\/span><\/p>\n","protected":false},"excerpt":{"rendered":"<p>Selon l\u2019enqu\u00eate nationale br\u00e9silienne sur la sant\u00e9 de 2019, le Br\u00e9sil conna\u00eet son taux de tabagisme le plus faible depuis plus de cinquante ans (13%). Ces bons chiffres sont le r\u00e9sultat de la mise en \u0153uvre de politiques coh\u00e9rentes de lutte contre l\u2019\u00e9pid\u00e9mie tabagique.<\/p>\n","protected":false},"featured_media":15460,"template":"","tags":[],"thematique":[538],"class_list":["post-20152","actualites","type-actualites","status-publish","has-post-thumbnail","hentry","thematique-marches-paralleles"],"acf":[],"_links":{"self":[{"href":"https:\/\/www.generationsanstabac.org\/fr\/wp-json\/wp\/v2\/actualites\/20152","targetHints":{"allow":["GET"]}}],"collection":[{"href":"https:\/\/www.generationsanstabac.org\/fr\/wp-json\/wp\/v2\/actualites"}],"about":[{"href":"https:\/\/www.generationsanstabac.org\/fr\/wp-json\/wp\/v2\/types\/actualites"}],"version-history":[{"count":0,"href":"https:\/\/www.generationsanstabac.org\/fr\/wp-json\/wp\/v2\/actualites\/20152\/revisions"}],"wp:featuredmedia":[{"embeddable":true,"href":"https:\/\/www.generationsanstabac.org\/fr\/wp-json\/wp\/v2\/media\/15460"}],"wp:attachment":[{"href":"https:\/\/www.generationsanstabac.org\/fr\/wp-json\/wp\/v2\/media?parent=20152"}],"wp:term":[{"taxonomy":"post_tag","embeddable":true,"href":"https:\/\/www.generationsanstabac.org\/fr\/wp-json\/wp\/v2\/tags?post=20152"},{"taxonomy":"thematique","embeddable":true,"href":"https:\/\/www.generationsanstabac.org\/fr\/wp-json\/wp\/v2\/thematique?post=20152"}],"curies":[{"name":"wp","href":"https:\/\/api.w.org\/{rel}","templated":true}]}}