{"id":20149,"date":"2020-11-24T10:59:16","date_gmt":"2020-11-24T09:59:16","guid":{"rendered":"https:\/\/www.generationsanstabac.org\/actualites\/les-bars-favorisent-la-consommation-de-tabac-chez-les-jeunes-selon-une-etude-neo-zelandaise\/"},"modified":"2020-11-24T10:59:16","modified_gmt":"2020-11-24T09:59:16","slug":"les-bars-favorisent-la-consommation-de-tabac-chez-les-jeunes-selon-une-etude-neo-zelandaise","status":"publish","type":"actualites","link":"https:\/\/www.generationsanstabac.org\/fr\/actualites\/les-bars-favorisent-la-consommation-de-tabac-chez-les-jeunes-selon-une-etude-neo-zelandaise\/","title":{"rendered":"Les bars favorisent la consommation de tabac chez les jeunes selon une \u00e9tude n\u00e9o-z\u00e9landaise"},"content":{"rendered":"<p style=\"text-align: justify;\"><em>Une \u00e9tude n\u00e9o-z\u00e9landaise men\u00e9e par l\u2019Universit\u00e9 d\u2019Otago et publi\u00e9e d\u00e9but novembre 2020 montre que les bars favorisent la consommation de tabac par les jeunes adultes en am\u00e9nageant des espaces fumeurs ext\u00e9rieurs d\u00e9di\u00e9s agr\u00e9ables.<\/em><\/p>\n<p style=\"text-align: justify;\">Publi\u00e9s d\u00e9but novembre 2020, les r\u00e9sultats d\u2019une \u00e9tude conduite par trois chercheuses de l\u2019Universit\u00e9 d\u2019Otago en Nouvelle-Z\u00e9lande sur 22 personnes \u00e2g\u00e9es de 18 \u00e0 25 ans ayant r\u00e9cemment fum\u00e9 dans un bar ou une bo\u00eete de nuit, r\u00e9v\u00e8lent que l\u2019am\u00e9nagement d\u2019espaces fumeurs confortables dans ces lieux favorise l\u2019exp\u00e9rimentation et la consommation de tabac chez les jeunes adultes.<\/p>\n<p>Si de pr\u00e9c\u00e9dents travaux avaient d\u00e9j\u00e0 \u00e9tudi\u00e9 et d\u00e9montr\u00e9 le lien entre consommation d\u2019alcool et tabagisme, cette nouvelle \u00e9tude qui cherche \u00e0 d\u00e9terminer \u00ab\u202fsi et comment les espaces ext\u00e9rieurs des bars favorisent et normalisent le tabagisme chez les jeunes adultes\u202f\u00bb constitue en revanche une premi\u00e8re.<\/p>\n<h2>Des espaces au sein desquels le tabagisme est\u202fnormalis\u00e9 voire \u00ab\u202fattendu\u202f\u00bb<\/h2>\n<p style=\"text-align: justify;\">Si les espaces fumeurs ext\u00e9rieurs am\u00e9nag\u00e9s par les bars et les bo\u00eetes de nuit attirent autant les jeunes adultes, c\u2019est parce qu\u2019ils sont confortables et plus reposants car plus calmes que les zones int\u00e9rieures, selon les participants \u00e0 l\u2019\u00e9tude. Ceux-ci ajoutent que ces espaces ext\u00e9rieurs offrent un contexte plus propice \u00e0 la conversation et aux contacts avec les autres. Le Pr Janet Hoek, l\u2019une des auteures de cette \u00e9tude, consid\u00e8re que ces espaces \u00ab\u202fpratiques et accueillants\u202f\u00bb forment \u00ab\u202fun cadre dans lequel le tabagisme [est] attendu et accept\u00e9\u202f\u00bb.<\/p>\n<p style=\"text-align: justify;\">Plusieurs sujets de cette \u00e9tude ont par ailleurs d\u00e9clar\u00e9 qu\u2019ils fumaient uniquement parce que de tels espaces d\u00e9di\u00e9s existaient et par mim\u00e9tisme, tandis que d\u2019autres ont affirm\u00e9 qu\u2019ils ne fumeraient pas si l\u2019espace fumeur \u00e9tait \u00e9loign\u00e9 ou inconfortable.<\/p>\n<h2>\u00ab\u202fLes espaces qui normalisent le tabagisme sont incompatibles avec les objectifs antitabac\u202f\u00bb<\/h2>\n<p style=\"text-align: justify;\">Pour le Pr Hoek, \u00ab\u202fEn d\u00e9veloppant un discours plus riche et plus d\u00e9taill\u00e9 sur la mani\u00e8re dont les pratiques de consommation de tabac et d\u2019alcool sont li\u00e9es, je pense que nous cr\u00e9ons un support plus solide pour que les d\u00e9cideurs politiques puissent intervenir\u202f\u00bb. Elle esp\u00e8re ainsi que les r\u00e9sultats de cette \u00e9tude seront suivies par des mesures politiques, car elle estime que \u00ab\u202fles espaces qui normalisent le tabagisme sont incompatibles avec les objectifs antitabac\u202f\u00bb affich\u00e9s par le gouvernement.<\/p>\n<p style=\"text-align: justify;\">L\u2019auteure principale de cette \u00e9tude, Julia Brillinger, rejoint les propos du Pr Hoek\u202fen affirmant qu\u2019il est n\u00e9cessaire de \u00ab\u202fmodifier les environnements qui favorisent la consommation de tabac et normalisent le tabagisme\u202f\u00bb pour \u00ab\u202fr\u00e9aliser l\u2019objectif Smokefree 2025\u202f\u00bb. Elle fait ici r\u00e9f\u00e9rence au plan d\u2019action du gouvernement n\u00e9o-z\u00e9landais appel\u00e9 \u00ab\u202fSmokefree Aotearoa[1] 2025\u202f\u00bb[<a href=\"https:\/\/www.smokefree.org.nz\/smokefree-in-action\/smokefree-aotearoa-2025\" target=\"_blank\" rel=\"noopener noreferrer\">2<\/a>], qui ambitionne de r\u00e9duire \u00e0 moins de 5 % la pr\u00e9valence du tabagisme dans la population de l\u2019archipel \u00e0 l\u2019horizon 2025 \u2013 ce taux se situant autour de 15 % actuellement[<a href=\"https:\/\/www.smokefree.org.nz\/smokefree-in-action\/smokefree-aotearoa-2025\" target=\"_blank\" rel=\"noopener noreferrer\">3<\/a>].<\/p>\n<p style=\"text-align: justify;\">Selon Julia Brillinger, aujourd\u2019hui, \u00ab\u202fLa tendance est de plus en plus aux espaces ext\u00e9rieurs non-fumeurs\u202f\u00bb. Elle pr\u00e9cise que \u00ab\u202fdes terrasses de bars et de restaurants non-fumeurs ont \u00e9t\u00e9 mises en place dans certaines provinces et municipalit\u00e9s canadiennes, dans des municipalit\u00e9s am\u00e9ricaines, dans certains territoires australiens, en Catalogne et en Su\u00e8de\u202f\u00bb, et invite la Nouvelle-Z\u00e9lande \u00e0 suivre la m\u00eame voie.<\/p>\n<p><span style=\"color: #666699;\"><a style=\"color: #666699;\" href=\"https:\/\/www.generationsanstabac.org\/\">\u00a9G\u00e9n\u00e9ration Sans Tabac<\/a><\/span><\/p>\n<hr \/>\n<p>Cette br\u00e8ve reprend une actualit\u00e9 de l\u2019Universit\u00e9 d\u2019Otago (Nouvelle-Z\u00e9lande)\u202f:<\/p>\n<p>Universit\u00e9 d\u2019Otago, <a href=\"https:\/\/www.otago.ac.nz\/news\/news\/otago748723.html\" target=\"_blank\" rel=\"noopener noreferrer\"><em>Bars facilitating smoking in young adults, study shows<\/em><\/a>, otago.ac.nz (le 17 novembre 2020, consult\u00e9 le 23 novembre 2020).<\/p>\n<p>[1] <span data-contrast=\"auto\">Aotearoa<\/span><span data-contrast=\"auto\"> signifie \u00ab\u202fNouvelle-Z\u00e9lande\u202f\u00bb dans la langue des Maoris, peuple autochtone de Nouvelle-Z\u00e9lande.<\/span><span data-ccp-props=\"{&quot;134233279&quot;:true,&quot;201341983&quot;:0,&quot;335551550&quot;:6,&quot;335551620&quot;:6,&quot;335559739&quot;:0,&quot;335559740&quot;:240}\"> <\/span><\/p>\n<p>[2] <a href=\"https:\/\/www.smokefree.org.nz\/smokefree-in-action\/smokefree-aotearoa-2025\" target=\"_blank\" rel=\"noopener noreferrer\"><em>What is Smokefree 2025?<\/em><\/a>, smokefree.org.nz (consult\u00e9 le 23 novembre 2020).<\/p>\n<p>[3] Ibid.<\/p>\n<p><span style=\"color: #e8e8e8;\"><strong><a style=\"color: #e8e8e8;\" href=\"http:\/\/dnf.asso.fr\/\/\" target=\"_blank\" rel=\"noopener noreferrer\"> DNF &#8211; Pour un Monde ZeroTabac |<\/a><\/strong><\/span><\/p>\n","protected":false},"excerpt":{"rendered":"<p>Une \u00e9tude n\u00e9o-z\u00e9landaise men\u00e9e par l\u2019Universit\u00e9 d\u2019Otago et publi\u00e9e d\u00e9but novembre 2020 montre que les bars favorisent la consommation de tabac par les jeunes adultes en am\u00e9nageant des espaces fumeurs ext\u00e9rieurs d\u00e9di\u00e9s agr\u00e9ables.<\/p>\n","protected":false},"featured_media":20150,"template":"","tags":[],"thematique":[474],"class_list":["post-20149","actualites","type-actualites","status-publish","has-post-thumbnail","hentry","thematique-sante"],"acf":[],"_links":{"self":[{"href":"https:\/\/www.generationsanstabac.org\/fr\/wp-json\/wp\/v2\/actualites\/20149","targetHints":{"allow":["GET"]}}],"collection":[{"href":"https:\/\/www.generationsanstabac.org\/fr\/wp-json\/wp\/v2\/actualites"}],"about":[{"href":"https:\/\/www.generationsanstabac.org\/fr\/wp-json\/wp\/v2\/types\/actualites"}],"version-history":[{"count":0,"href":"https:\/\/www.generationsanstabac.org\/fr\/wp-json\/wp\/v2\/actualites\/20149\/revisions"}],"wp:featuredmedia":[{"embeddable":true,"href":"https:\/\/www.generationsanstabac.org\/fr\/wp-json\/wp\/v2\/media\/20150"}],"wp:attachment":[{"href":"https:\/\/www.generationsanstabac.org\/fr\/wp-json\/wp\/v2\/media?parent=20149"}],"wp:term":[{"taxonomy":"post_tag","embeddable":true,"href":"https:\/\/www.generationsanstabac.org\/fr\/wp-json\/wp\/v2\/tags?post=20149"},{"taxonomy":"thematique","embeddable":true,"href":"https:\/\/www.generationsanstabac.org\/fr\/wp-json\/wp\/v2\/thematique?post=20149"}],"curies":[{"name":"wp","href":"https:\/\/api.w.org\/{rel}","templated":true}]}}