{"id":20146,"date":"2020-11-23T10:36:41","date_gmt":"2020-11-23T09:36:41","guid":{"rendered":"https:\/\/www.generationsanstabac.org\/actualites\/pandemie-de-covid-19-moment-opportun-pour-encourager-et-soutenir-larret-du-tabac\/"},"modified":"2020-11-23T10:36:41","modified_gmt":"2020-11-23T09:36:41","slug":"pandemie-de-covid-19-moment-opportun-pour-encourager-et-soutenir-larret-du-tabac","status":"publish","type":"actualites","link":"https:\/\/www.generationsanstabac.org\/fr\/actualites\/pandemie-de-covid-19-moment-opportun-pour-encourager-et-soutenir-larret-du-tabac\/","title":{"rendered":"Pand\u00e9mie de Covid-19\u202f: \u00ab\u202fmoment opportun pour encourager et soutenir l\u2019arr\u00eat du tabac\u202f\u00bb"},"content":{"rendered":"<p style=\"text-align: justify;\"><em>Selon un article publi\u00e9 en novembre 2020 dans la revue m\u00e9dicale britannique The Lancet, le contexte de la pand\u00e9mie de Covid-19 constitue une opportunit\u00e9 de d\u00e9velopper des actions et des campagnes en faveur du sevrage tabagique.<\/em><\/p>\n<p style=\"text-align: justify;\">Les auteurs de l\u2019article intitul\u00e9 \u00ab\u202f<em>COVID-19 pandemic: an opportunity for tobacco use cessation<\/em>[1]\u202f\u00bb paru dans The Lancet en novembre 2020 le rappellent\u202f: \u00ab\u202fLes chercheurs ont mis l\u2019accent sur les liens entre le tabagisme et les effets n\u00e9fastes de la maladie COVID-19\u202f\u00bb[<a href=\"https:\/\/www.thelancet.com\/journals\/lanpub\/article\/PIIS2468-2667(20)30236-X\/fulltext\" target=\"_blank\" rel=\"noopener noreferrer\">2<\/a>].<\/p>\n<p style=\"text-align: justify;\">Ils s\u2019appuient notamment sur un rapport de l\u2019Administrateur de la sant\u00e9 publique des \u00c9tats-Unis qui montre que \u00ab\u202fle tabagisme peut alt\u00e9rer le syst\u00e8me immunitaire, augmenter le risque d\u2019infections respiratoires, accro\u00eetre le risque de maladies respiratoires telles que la bronchopneumopathie chronique obstructive et l\u2019asthme, et provoquer des maladies cardiaques et pulmonaires\u202f\u00bb[<a href=\"https:\/\/www.thelancet.com\/journals\/lanpub\/article\/PIIS2468-2667(20)30236-X\/fulltext\" target=\"_blank\" rel=\"noopener noreferrer\">3<\/a>].<\/p>\n<h2>\u00ab\u202fUne occasion sans pr\u00e9c\u00e9dent de renforcer les politiques de lutte antitabac\u202f\u00bb<\/h2>\n<p style=\"text-align: justify;\">Selon les auteurs de l\u2019article, dont les arguments reposent en partie sur des recommandations de l\u2019Organisation mondiale de la Sant\u00e9 (OMS), la situation sanitaire actuelle repr\u00e9sente \u00ab\u202fun moment opportun pour encourager et soutenir l\u2019arr\u00eat du tabac\u202f\u00bb\u202f: elle \u00ab\u202foffre une occasion sans pr\u00e9c\u00e9dent de proposer aux consommateurs de tabac des accompagnements au sevrage tabagique complets et fond\u00e9s sur des preuves, et de renforcer les politiques de lutte antitabac\u202f\u00bb[<a href=\"https:\/\/www.thelancet.com\/journals\/lanpub\/article\/PIIS2468-2667(20)30236-X\/fulltext\" target=\"_blank\" rel=\"noopener noreferrer\">4<\/a>].<\/p>\n<p style=\"text-align: justify;\">Agir en ce sens r\u00e9pond par ailleurs aux articles 12 et 14 de la Convention-cadre de l\u2019OMS pour la lutte antitabac qui appelle ses signataires \u00e0 \u00ab\u202faugmenter la sensibilisation et les services de sevrage pour les consommateurs de tabac\u202f\u00bb[<a href=\"https:\/\/www.thelancet.com\/journals\/lanpub\/article\/PIIS2468-2667(20)30236-X\/fulltext\" target=\"_blank\" rel=\"noopener noreferrer\">5<\/a>], des m\u00e9thodes \u00e9prouv\u00e9es dans la lutte contre le tabagisme.<\/p>\n<p style=\"text-align: justify;\">Les r\u00e9sultats de l\u2019enqu\u00eate mondiale sur le tabagisme chez les adultes[6] \u2013 conduite dans 31 pays entre 2008 et 2018 \u2013 ayant d\u00e9voil\u00e9 que la plupart des fumeurs qui tentaient d\u2019arr\u00eater le tabac d\u00e9claraient n\u2019avoir re\u00e7u que peu ou pas d\u2019aide dans leur d\u00e9marche[<a href=\"https:\/\/www.thelancet.com\/journals\/lanpub\/article\/PIIS2468-2667(20)30236-X\/fulltext\" target=\"_blank\" rel=\"noopener noreferrer\">7<\/a>], proposer aux fumeurs plus d\u2019accompagnement vers le sevrage tabagique semble donc constituer une priorit\u00e9.<\/p>\n<h2>Plusieurs pays ont d\u00e9j\u00e0 saisi l\u2019opportunit\u00e9 qu\u2019offre la pand\u00e9mie de lutter contre le tabagisme<\/h2>\n<p style=\"text-align: justify;\">L\u2019article du Lancet rappelle que, pour lutter contre la propagation de la Covid-19 et le risque de d\u00e9velopper des formes graves de la maladie \u00e0 cause du tabagisme, certains pays ont pris des d\u00e9cisions fortes pour r\u00e9duire la consommation de tabac, \u00e0 l\u2019image de l\u2019Inde et de l\u2019Afrique du Sud, qui ont interdit la vente des produits du tabac au printemps 2020[<a href=\"https:\/\/www.thelancet.com\/journals\/lanpub\/article\/PIIS2468-2667(20)30236-X\/fulltext\" target=\"_blank\" rel=\"noopener noreferrer\">8<\/a>]. Ces mesures, certes temporaires, visaient particuli\u00e8rement \u00e0 ce que l\u2019on fume le moins possible dans les lieux tr\u00e8s fr\u00e9quent\u00e9s, o\u00f9 le fait de fumer augmente la probabilit\u00e9 de transmissions du virus, notamment \u00e0 cause des gouttelettes \u00e9mises lors de l\u2019expiration de la fum\u00e9e.<\/p>\n<p style=\"text-align: justify;\">D\u2019autres pays que ceux mentionn\u00e9s au sein de l\u2019article du Lancet ont exploit\u00e9 le contexte sanitaire pour mener des campagnes de lutte antitabac, \u00e0 l\u2019instar des Philippines. Un article paru le 11 novembre 2020 dans le quotidien d\u2019information \u00e9conomique BusinessMirror rendait compte du combat men\u00e9 conjointement par le minist\u00e8re de la Sant\u00e9 philippin et la Soci\u00e9t\u00e9 philippine de p\u00e9diatrie en faveur du sevrage tabagique dans le cadre de la pand\u00e9mie[<a href=\"https:\/\/businessmirror.com.ph\/2020\/11\/11\/doh-pps-push-for-tobacco-cessation-cite-covid-19-risks\/\" target=\"_blank\" rel=\"noopener noreferrer\">9<\/a>]. Ils ont notamment conduit une campagne de sensibilisation visant \u00e0 rappeler \u00e0 la population les risques li\u00e9s \u00e0 la cigarette mais aussi \u00e0 la cigarette \u00e9lectronique, et l\u2019implication du tabagisme dans la propagation de la Covid-19.<\/p>\n<p style=\"text-align: justify;\">Les propos de la sous-secr\u00e9taire d\u2019\u00c9tat \u00e0 la Sant\u00e9 philippine, Maria Rosario Vergeire, r\u00e9sument parfaitement les arguments avanc\u00e9s par les auteurs de l\u2019article du Lancet\u202f: \u00ab\u202fl\u2019\u00e9ducation li\u00e9e au sevrage tabagique est importante, en particulier pendant une pand\u00e9mie, car elle offre une opportunit\u00e9 de mieux informer la population, en particulier les fumeurs, sur les mani\u00e8res de prendre soin de leur propre sant\u00e9 et de celle de leurs proches\u202f\u00bb[<a href=\"https:\/\/businessmirror.com.ph\/2020\/11\/11\/doh-pps-push-for-tobacco-cessation-cite-covid-19-risks\/\" target=\"_blank\" rel=\"noopener noreferrer\">10<\/a>].<\/p>\n<p><span style=\"color: #666699;\"><a style=\"color: #666699;\" href=\"https:\/\/www.generationsanstabac.org\/\">\u00a9G\u00e9n\u00e9ration Sans Tabac<\/a><\/span><\/p>\n<hr \/>\n<p>[1] <span data-contrast=\"auto\">Pand\u00e9mie de COVID-19 : une opportunit\u00e9 pour <\/span><span data-contrast=\"auto\">le sevrage tabagique<\/span><span data-contrast=\"auto\">.<\/span><span data-ccp-props=\"{&quot;201341983&quot;:0,&quot;335559739&quot;:0,&quot;335559740&quot;:240}\"> <\/span><\/p>\n<p>[2] Indu B Ahluwalia, Matthew Myers, Joanna E Cohen, <a href=\"https:\/\/www.thelancet.com\/journals\/lanpub\/article\/PIIS2468-2667(20)30236-X\/fulltext\" target=\"_blank\" rel=\"noopener noreferrer\"><em>COVID-19 pandemic: an opportunity for tobacco use cessation<\/em><\/a>, The Lancet (novembre 2020, consult\u00e9 le 20 novembre 2020).<\/p>\n<p>[3] Ibid.<\/p>\n<p>[4] Ibid.<\/p>\n<p>[5] Ibid.<\/p>\n<p>[6] <span data-contrast=\"auto\">Global Adult Tobacco Survey.<\/span><span data-ccp-props=\"{&quot;201341983&quot;:0,&quot;335559739&quot;:0,&quot;335559740&quot;:240}\"> <\/span><\/p>\n<p>[7] Ibid.<\/p>\n<p>[8] Ibid.<\/p>\n<p>[9] Claudeth Mocon-Ciriaco, DOH,<a href=\"https:\/\/businessmirror.com.ph\/2020\/11\/11\/doh-pps-push-for-tobacco-cessation-cite-covid-19-risks\/\" target=\"_blank\" rel=\"noopener noreferrer\"><em> PPS push for tobacco cessation, cite Covid-19 risks<\/em><\/a>, BusinessMirror (le 11 novembre 2020, consult\u00e9 le 20 novembre 2020).<\/p>\n<p>[10] Ibid.<\/p>\n<p><span style=\"color: #e8e8e8;\"><strong><a style=\"color: #e8e8e8;\" href=\"http:\/\/dnf.asso.fr\/\/\" target=\"_blank\" rel=\"noopener noreferrer\"> DNF &#8211; Pour un Monde ZeroTabac |<\/a><\/strong><\/span><\/p>\n","protected":false},"excerpt":{"rendered":"<p>Selon un article publi\u00e9 en novembre 2020 dans la revue m\u00e9dicale britannique The Lancet, le contexte de la pand\u00e9mie de Covid-19 constitue une opportunit\u00e9 de d\u00e9velopper des actions et des campagnes en faveur du sevrage tabagique.<\/p>\n","protected":false},"featured_media":19965,"template":"","tags":[],"thematique":[474],"class_list":["post-20146","actualites","type-actualites","status-publish","has-post-thumbnail","hentry","thematique-sante"],"acf":[],"_links":{"self":[{"href":"https:\/\/www.generationsanstabac.org\/fr\/wp-json\/wp\/v2\/actualites\/20146","targetHints":{"allow":["GET"]}}],"collection":[{"href":"https:\/\/www.generationsanstabac.org\/fr\/wp-json\/wp\/v2\/actualites"}],"about":[{"href":"https:\/\/www.generationsanstabac.org\/fr\/wp-json\/wp\/v2\/types\/actualites"}],"version-history":[{"count":0,"href":"https:\/\/www.generationsanstabac.org\/fr\/wp-json\/wp\/v2\/actualites\/20146\/revisions"}],"wp:featuredmedia":[{"embeddable":true,"href":"https:\/\/www.generationsanstabac.org\/fr\/wp-json\/wp\/v2\/media\/19965"}],"wp:attachment":[{"href":"https:\/\/www.generationsanstabac.org\/fr\/wp-json\/wp\/v2\/media?parent=20146"}],"wp:term":[{"taxonomy":"post_tag","embeddable":true,"href":"https:\/\/www.generationsanstabac.org\/fr\/wp-json\/wp\/v2\/tags?post=20146"},{"taxonomy":"thematique","embeddable":true,"href":"https:\/\/www.generationsanstabac.org\/fr\/wp-json\/wp\/v2\/thematique?post=20146"}],"curies":[{"name":"wp","href":"https:\/\/api.w.org\/{rel}","templated":true}]}}