{"id":20129,"date":"2020-11-13T15:04:36","date_gmt":"2020-11-13T14:04:36","guid":{"rendered":"https:\/\/www.generationsanstabac.org\/actualites\/interdiction-de-fumer-lors-des-matches-de-football-professionnel-en-belgique\/"},"modified":"2020-11-13T15:04:36","modified_gmt":"2020-11-13T14:04:36","slug":"interdiction-de-fumer-lors-des-matches-de-football-professionnel-en-belgique","status":"publish","type":"actualites","link":"https:\/\/www.generationsanstabac.org\/fr\/actualites\/interdiction-de-fumer-lors-des-matches-de-football-professionnel-en-belgique\/","title":{"rendered":"Interdiction de fumer lors des matches de football professionnel en Belgique"},"content":{"rendered":"<p style=\"text-align: justify;\"><em>La ligue professionnelle de football belge a annonc\u00e9 d\u00e9but octobre 2020 l\u2019interdiction de fumer lors des matches de football professionnel \u00e0 compter du 16 octobre et jusqu\u2019\u00e0 nouvel ordre, dans le contexte de la pand\u00e9mie de Covid-19.<\/em><\/p>\n<p style=\"text-align: justify;\">Dans un communiqu\u00e9 publi\u00e9 le 6 octobre 2020, la Pro League, l\u2019association qui regroupe les clubs et organise les comp\u00e9titions de football professionnel en Belgique, a introduit une interdiction g\u00e9n\u00e9rale de fumer dans les stades belges lors des matches des trois comp\u00e9titions suivantes\u202f: la Jupiler Pro League, la 1B Pro League \u2013 les 1e et 2e divisions professionnelles \u2013 et la Croky Cup \u2013 la coupe nationale de Belgique [<a href=\"https:\/\/www.proleague.be\/fr\/pl\/news\/interdiction-generale-de-fumer-lors-des-matchs-de-la-pro-league\" target=\"_blank\" rel=\"noopener noreferrer\">1<\/a>].<\/p>\n<p style=\"text-align: justify;\">Cette mesure, prise apr\u00e8s une concertation avec les clubs et les cabinets des deux ministres des Sports belges \u2013 celui de la F\u00e9d\u00e9ration Wallonie-Bruxelles et celui de la Flandre \u2013, a pris effet le week-end du 16 au 18 octobre, et restera en vigueur jusqu\u2019\u00e0 nouvel ordre.<\/p>\n<h2>Une interdiction justifi\u00e9e par la situation sanitaire<\/h2>\n<p style=\"text-align: justify;\">La Pro League explique cette mesure par le contexte sanitaire actuel : \u00ab\u202fL\u2019interdiction de fumer est introduite parce que le retrait du masque pour fumer n\u2019est pas une exception valable \u00e0 l\u2019obligation du port du masque\u202f\u00bb [<a href=\"https:\/\/www.proleague.be\/fr\/pl\/news\/interdiction-generale-de-fumer-lors-des-matchs-de-la-pro-league\" target=\"_blank\" rel=\"noopener noreferrer\">2<\/a>]. Le porte-parole de la Pro League, Stijn Van Bever, pr\u00e9cise en outre que les fumoirs pr\u00e9sents dans les stades \u00ab\u202fsont des lieux de rassemblement \u00e0 haut risque et [pr\u00e9sentent] donc un risque d\u2019infection plus \u00e9lev\u00e9\u202f\u00bb [<a href=\"https:\/\/www.rtbf.be\/sport\/football\/belgique\/jupilerproleague\/detail_la-pro-league-impose-une-interdiction-de-fumer-dans-les-stades?id=10602305\" target=\"_blank\" rel=\"noopener noreferrer\">3<\/a>].<\/p>\n<p style=\"text-align: justify;\">La ligue professionnelle de football belge, dans son communiqu\u00e9, souligne par ailleurs qu\u2019 \u00ab\u202fassister en toute s\u00e9curit\u00e9 \u00e0 un match de football est une responsabilit\u00e9 partag\u00e9e entre la Pro League, les clubs, les autorit\u00e9s et les supporters pr\u00e9sents\u202f\u00bb [<a href=\"https:\/\/www.proleague.be\/fr\/pl\/news\/interdiction-generale-de-fumer-lors-des-matchs-de-la-pro-league\" target=\"_blank\" rel=\"noopener noreferrer\">4<\/a>].<\/p>\n<h2>Une mesure qui fait suite \u00e0 plusieurs initiatives contre le tabagisme dans les stades en Belgique<\/h2>\n<p style=\"text-align: justify;\">Si la d\u00e9cision prise par la Pro League est motiv\u00e9e par la situation sanitaire actuelle, elle s\u2019inscrit dans la lign\u00e9e d\u2019une s\u00e9rie d\u2019actions men\u00e9es depuis plusieurs ann\u00e9es en Belgique, \u00e0 la fois par la Pro League et par la f\u00e9d\u00e9ration belge de football, la RBFA (Royal Belgian Football Association).<\/p>\n<p style=\"text-align: justify;\">En 2017, la Pro League avait par exemple d\u00e9j\u00e0 prononc\u00e9 une interdiction de fumer dans les stades pendant les week-ends du 14 au 16 et du 21 au 23 avril [<a href=\"https:\/\/www.rtl.be\/sport\/football\/football-belgique\/les-supporters-vivront-les-3e-et-4e-journees-des-play-offs-differemment-dans-les-stades-908270.aspx\" target=\"_blank\" rel=\"noopener noreferrer\">5<\/a>]. Il s\u2019agissait alors simplement d\u2019une action de sensibilisation, les contrevenants n\u2019encourant alors aucune sanction.<\/p>\n<p style=\"text-align: justify;\">Depuis 2017, la RBFA, quant \u00e0 elle, s\u2019est s\u00e9rieusement engag\u00e9e dans la lutte contre le tabagisme dans les stades, ce qui a notamment conduit \u00e0 l\u2019interdiction de fumer lors de tous les matches des \u00e9quipes nationales belges [<a href=\"https:\/\/www.rbfa.be\/fr\/propos-de-nous\/projets-sociaux\/stade-non-fumeur\" target=\"_blank\" rel=\"noopener noreferrer\">6<\/a>]. Une enqu\u00eate men\u00e9e aupr\u00e8s des supporters par 1895, le club officiel des supporters des \u00e9quipes nationales belges, a par ailleurs montr\u00e9 que 81 % des supporters francophones et 75 % des supporters n\u00e9erlandophones soutenaient cette mesure.<\/p>\n<p style=\"text-align: justify;\">En France, l\u2019interdiction de fumer dans les lieux accueillant du public [<a href=\"https:\/\/solidarites-sante.gouv.fr\/prevention-en-sante\/addictions\/article\/l-interdiction-de-fumer-dans-les-lieux-publics\" target=\"_blank\" rel=\"noopener noreferrer\">7<\/a>] ne s\u2019applique pas \u00e0 la grande majorit\u00e9 des stades, parce qu\u2019ils ne sont pour la plupart pas compl\u00e8tement ferm\u00e9s et couverts. Toutefois, la loi autorise l\u2019exploitant du stade \u00e0 prononcer une interdiction de fumer dans \u00ab\u202fl\u2019ensemble des lieux, couverts ou pas, qui d\u00e9pendent de son autorit\u00e9 dans son r\u00e8glement int\u00e9rieur\u202f\u00bb [<a href=\"https:\/\/www.sports.gouv.fr\/IMG\/pdf\/_exe_alcool_tabac_ok.pdf\" target=\"_blank\" rel=\"noopener noreferrer\">8<\/a>], ce qu\u2019applique par exemple le Paris Saint-Germain au Parc des Princes depuis 2013 [<a href=\"https:\/\/www.nouvelobs.com\/sport\/20130722.OBS0499\/plus-le-droit-de-fumer-au-parc-des-princes-le-nouveau-reglement-du-psg.html\" target=\"_blank\" rel=\"noopener noreferrer\">9<\/a>].<\/p>\n<p><span style=\"color: #666699;\"><a style=\"color: #666699;\" href=\"https:\/\/www.generationsanstabac.org\/\">\u00a9G\u00e9n\u00e9ration Sans Tabac<\/a><\/span><\/p>\n<hr \/>\n<p>[1] <a href=\"https:\/\/www.proleague.be\/fr\/pl\/news\/interdiction-generale-de-fumer-lors-des-matchs-de-la-pro-league\" target=\"_blank\" rel=\"noopener noreferrer\"><em>Interdiction g\u00e9n\u00e9rale de fumer lors des matchs de la Pro League<\/em><\/a>, www.proleague.be (le 6 octobre 2020, consult\u00e9 le 13 novembre 2020).<\/p>\n<p>[2] Ibid.<\/p>\n<p>[3] <a href=\"https:\/\/www.rtbf.be\/sport\/football\/belgique\/jupilerproleague\/detail_la-pro-league-impose-une-interdiction-de-fumer-dans-les-stades?id=10602305\" target=\"_blank\" rel=\"noopener noreferrer\"><em>La Pro League impose une interdiction de fumer dans les stades<\/em><\/a>, RTBF (le 6 octobre 2020, consult\u00e9 le 13 novembre 2020).<\/p>\n<p>[4] <a href=\"https:\/\/www.proleague.be\/fr\/pl\/news\/interdiction-generale-de-fumer-lors-des-matchs-de-la-pro-league\" target=\"_blank\" rel=\"noopener noreferrer\"><em>Interdiction g\u00e9n\u00e9rale de fumer lors des matchs de la Pro League<\/em><\/a>, www.proleague.be (le 6 octobre 2020, consult\u00e9 le 13 novembre 2020).7]<\/p>\n<p>[5] <a href=\"https:\/\/www.rtl.be\/sport\/football\/football-belgique\/les-supporters-vivront-les-3e-et-4e-journees-des-play-offs-differemment-dans-les-stades-908270.aspx\" target=\"_blank\" rel=\"noopener noreferrer\"><em>Interdiction de fumer dans les stades: la Pro League va mener une action durant les Play-offs<\/em><\/a>, RTL (le 11 avril 2017, consult\u00e9 le 13 novembre 2020).<\/p>\n<p>[6] <a href=\"https:\/\/www.rbfa.be\/fr\/propos-de-nous\/projets-sociaux\/stade-non-fumeur\" target=\"_blank\" rel=\"noopener noreferrer\"><em>Stade non fumeur<\/em><\/a>, www.rbfa.be (consult\u00e9 le 13 novembre 2020).<\/p>\n<p>[7] <a href=\"https:\/\/solidarites-sante.gouv.fr\/prevention-en-sante\/addictions\/article\/l-interdiction-de-fumer-dans-les-lieux-publics\" target=\"_blank\" rel=\"noopener noreferrer\"><em>L\u2019interdiction de fumer dans les lieux publics<\/em><\/a>, solidarites-sante.gouv.fr (le 30 mai 2014, derni\u00e8re mise \u00e0 jour le 2 novembre 2015, consult\u00e9 le 13 novembre 2020).<\/p>\n<p>[8] <a href=\"https:\/\/www.sports.gouv.fr\/IMG\/pdf\/_exe_alcool_tabac_ok.pdf\" target=\"_blank\" rel=\"noopener noreferrer\"><em>Vade-mecum EURO 2016 \/ Alcool &amp; Tabac. Point sur la r\u00e9glementation<\/em><\/a>, sports.gouv.fr (mai 2016, consult\u00e9 le 13 novembre 2020).<\/p>\n<p>[9] <a href=\"https:\/\/www.nouvelobs.com\/sport\/20130722.OBS0499\/plus-le-droit-de-fumer-au-parc-des-princes-le-nouveau-reglement-du-psg.html\" target=\"_blank\" rel=\"noopener noreferrer\"><em>Plus le droit de fumer au Parc des Princes : le nouveau r\u00e8glement du PSG<\/em><\/a>, Rue 89 Sports \u2013 L\u2019Obs (le 22 juillet 2013, consult\u00e9 le 13 novembre 2020).<\/p>\n<p><span style=\"color: #e8e8e8;\"><strong><a style=\"color: #e8e8e8;\" href=\"http:\/\/dnf.asso.fr\/\/\" target=\"_blank\" rel=\"noopener noreferrer\"> DNF &#8211; Pour un Monde ZeroTabac |<\/a><\/strong><\/span><\/p>\n","protected":false},"excerpt":{"rendered":"<p>La ligue professionnelle de football belge a annonc\u00e9 d\u00e9but octobre 2020 l\u2019interdiction de fumer lors des matches de football professionnel \u00e0 compter du 16 octobre et jusqu\u2019\u00e0 nouvel ordre, dans le contexte de la pand\u00e9mie de Covid-19.<\/p>\n","protected":false},"featured_media":20130,"template":"","tags":[],"thematique":[491,474],"class_list":["post-20129","actualites","type-actualites","status-publish","has-post-thumbnail","hentry","thematique-politiques-publiques","thematique-sante"],"acf":[],"_links":{"self":[{"href":"https:\/\/www.generationsanstabac.org\/fr\/wp-json\/wp\/v2\/actualites\/20129","targetHints":{"allow":["GET"]}}],"collection":[{"href":"https:\/\/www.generationsanstabac.org\/fr\/wp-json\/wp\/v2\/actualites"}],"about":[{"href":"https:\/\/www.generationsanstabac.org\/fr\/wp-json\/wp\/v2\/types\/actualites"}],"version-history":[{"count":0,"href":"https:\/\/www.generationsanstabac.org\/fr\/wp-json\/wp\/v2\/actualites\/20129\/revisions"}],"wp:featuredmedia":[{"embeddable":true,"href":"https:\/\/www.generationsanstabac.org\/fr\/wp-json\/wp\/v2\/media\/20130"}],"wp:attachment":[{"href":"https:\/\/www.generationsanstabac.org\/fr\/wp-json\/wp\/v2\/media?parent=20129"}],"wp:term":[{"taxonomy":"post_tag","embeddable":true,"href":"https:\/\/www.generationsanstabac.org\/fr\/wp-json\/wp\/v2\/tags?post=20129"},{"taxonomy":"thematique","embeddable":true,"href":"https:\/\/www.generationsanstabac.org\/fr\/wp-json\/wp\/v2\/thematique?post=20129"}],"curies":[{"name":"wp","href":"https:\/\/api.w.org\/{rel}","templated":true}]}}