{"id":20112,"date":"2020-11-04T10:31:05","date_gmt":"2020-11-04T09:31:05","guid":{"rendered":"https:\/\/www.generationsanstabac.org\/actualites\/sondage-les-habitudes-de-consommation-tabagique-des-francais\/"},"modified":"2020-11-04T10:31:05","modified_gmt":"2020-11-04T09:31:05","slug":"sondage-les-habitudes-de-consommation-tabagique-des-francais","status":"publish","type":"actualites","link":"https:\/\/www.generationsanstabac.org\/fr\/actualites\/sondage-les-habitudes-de-consommation-tabagique-des-francais\/","title":{"rendered":"Sondage. Les habitudes de consommation tabagique des Fran\u00e7ais"},"content":{"rendered":"<p style=\"text-align: justify;\"><em>A l\u2019occasion du Mois Sans Tabac, Sant\u00e9 publique France publie de nouveaux chiffres relatifs au tabagisme en France. Ces donn\u00e9es, recueillies par le Barom\u00e8tre de Sant\u00e9 publique France 2018<a href=\"#_ftn1\" name=\"_ftnref1\"><strong>[1]<\/strong><\/a>, d\u00e9cryptent notamment les habitudes de consommation des Fran\u00e7ais, afin de permettre une meilleure pr\u00e9vention tabagique. <\/em><\/p>\n<p style=\"text-align: justify;\">Comme le souligne le Barom\u00e8tre, 74% des fumeurs occasionnels interrog\u00e9s affirment consommer des cigarettes manufactur\u00e9es (dont 51,6% exclusivement), plus d\u2019un tiers du tabac \u00e0 rouler (35,7%, dont 16,2% exclusivement), 6,6% des cigarillos (dont 1,3% exclusivement), la pipe (1,8% dont 0,2% exclusivement), tandis que pr\u00e8s de 10% consomment le narguil\u00e9 occasionnellement, dont 4,1% exclusivement.<\/p>\n<h3 style=\"text-align: justify;\"><strong>Cigarettes manufactur\u00e9es et tabac \u00e0 rouler : taxes et dynamiques de consommation<\/strong><\/h3>\n<p style=\"text-align: justify;\">La proportion de consommateurs de cigarettes manufactur\u00e9es est pass\u00e9e de 88,2 % en 2010 \u00e0 74% en 2018, tandis que celle du tabac \u00e0 rouler est pass\u00e9e de 24% \u00e0 35,2% entre 2010 et 2014. En d\u2019autres termes, un m\u00e9canisme de transfert s\u2019est op\u00e9r\u00e9 entre les cigarettes manufactur\u00e9es et le tabac \u00e0 rouler. Ces diff\u00e9rences s\u2019expliquent en grande partie par le fait que certaines hausses de taxes ne s\u2019appliquaient pas sur le tabac \u00e0 rouler. Ces chiffres d\u00e9montrent que pour \u00eatre efficaces, les hausses de taxes doivent s\u2019appliquer sur l\u2019ensemble des produits du tabac.<\/p>\n<p style=\"text-align: justify;\">Depuis 2016, ces \u00e9carts ont \u00e9t\u00e9 fortement r\u00e9duits. Le prix du paquet de cigarette le plus vendu a connu une augmentation de 13% de son prix entre 2016 et 2018. Dans le m\u00eame intervalle de temps, le prix du paquet de tabac \u00e0 rouler le plus vendu a subi une hausse de 42%. Ce rattrapage fiscal a permis de stabiliser la consommation de tabac \u00e0 rouler.<\/p>\n<h3 style=\"text-align: justify;\"><strong>Le tabac \u00e0 rouler : un profil type identifi\u00e9<\/strong><\/h3>\n<p style=\"text-align: justify;\">Les fumeurs de tabac \u00e0 rouler sont majoritairement des hommes (58% contre 42%), et g\u00e9n\u00e9ralement plus jeunes (25% ont entre 25 et 34 ans, 12% ont entre 55 et 64 ans). Sa consommation est davantage observ\u00e9e parmi les cat\u00e9gories sociales et professionnelles d\u00e9favoris\u00e9es (58% ont un dipl\u00f4me inf\u00e9rieur \u00e0 celui du bac, et 49% de fumeurs de tabac roul\u00e9 font partie des 33% des fran\u00e7ais aux plus faibles revenus). Ces chiffres d\u00e9montrent l\u2019importance du prix dans les choix de consommation de tabac, et l\u2019importance d\u2019une hausse g\u00e9n\u00e9ralis\u00e9e des prix pour \u00e9viter des transferts de consommation.<\/p>\n<p style=\"text-align: justify;\"><strong>Mots cl\u00e9s : Sondage, consommation<br \/>\n<\/strong><\/p>\n<p style=\"text-align: justify;\"><a href=\"https:\/\/www.generationsanstabac.org\/\">\u00a9G\u00e9n\u00e9ration Sans Tabac<\/a><\/p>\n<hr \/>\n<p style=\"text-align: justify;\"><a href=\"#_ftnref1\" name=\"_ftn1\"><\/a><a href=\"#_ftnref1\" name=\"_ftn1\">[1]<\/a> Sant\u00e9 publique France : #MoisSansTabac : types de tabac consomm\u00e9s et augmentation des taxes vus par les Fran\u00e7ais, 27 octobre 2020, (consult\u00e9 le 30\/10\/2020)<\/p>\n<p style=\"text-align: justify;\"><a href=\"https:\/\/www.santepubliquefrance.fr\/presse\/2020\/moissanstabac-types-de-tabac-consommes-et-augmentation-des-taxes-vus-par-les-francais\">https:\/\/www.santepubliquefrance.fr\/presse\/2020\/moissanstabac-types-de-tabac-consommes-et-augmentation-des-taxes-vus-par-les-francais<\/a><\/p>\n<p style=\"text-align: justify;\"><strong><a href=\"http:\/\/www.cnct.fr\/\" target=\"_blank\" rel=\"noopener noreferrer\">Comit\u00e9 National Contre le Tabagisme |<\/a><\/strong><\/p>\n","protected":false},"excerpt":{"rendered":"<p>A l\u2019occasion du Mois Sans Tabac, Sant\u00e9 publique France publie de nouveaux chiffres relatifs au tabagisme en France. Ces donn\u00e9es, recueillies par le Barom\u00e8tre de Sant\u00e9 publique France 2018, d\u00e9cryptent notamment les habitudes de consommation des Fran\u00e7ais, afin de permettre une meilleure pr\u00e9vention tabagique.<\/p>\n","protected":false},"featured_media":20033,"template":"","tags":[],"thematique":[474],"class_list":["post-20112","actualites","type-actualites","status-publish","has-post-thumbnail","hentry","thematique-sante"],"acf":[],"_links":{"self":[{"href":"https:\/\/www.generationsanstabac.org\/fr\/wp-json\/wp\/v2\/actualites\/20112","targetHints":{"allow":["GET"]}}],"collection":[{"href":"https:\/\/www.generationsanstabac.org\/fr\/wp-json\/wp\/v2\/actualites"}],"about":[{"href":"https:\/\/www.generationsanstabac.org\/fr\/wp-json\/wp\/v2\/types\/actualites"}],"version-history":[{"count":0,"href":"https:\/\/www.generationsanstabac.org\/fr\/wp-json\/wp\/v2\/actualites\/20112\/revisions"}],"wp:featuredmedia":[{"embeddable":true,"href":"https:\/\/www.generationsanstabac.org\/fr\/wp-json\/wp\/v2\/media\/20033"}],"wp:attachment":[{"href":"https:\/\/www.generationsanstabac.org\/fr\/wp-json\/wp\/v2\/media?parent=20112"}],"wp:term":[{"taxonomy":"post_tag","embeddable":true,"href":"https:\/\/www.generationsanstabac.org\/fr\/wp-json\/wp\/v2\/tags?post=20112"},{"taxonomy":"thematique","embeddable":true,"href":"https:\/\/www.generationsanstabac.org\/fr\/wp-json\/wp\/v2\/thematique?post=20112"}],"curies":[{"name":"wp","href":"https:\/\/api.w.org\/{rel}","templated":true}]}}