{"id":20108,"date":"2020-11-02T14:04:10","date_gmt":"2020-11-02T13:04:10","guid":{"rendered":"https:\/\/www.generationsanstabac.org\/actualites\/sondage-hausses-taxes-sevrage\/"},"modified":"2020-11-02T14:04:10","modified_gmt":"2020-11-02T13:04:10","slug":"sondage-hausses-taxes-sevrage","status":"publish","type":"actualites","link":"https:\/\/www.generationsanstabac.org\/fr\/actualites\/sondage-hausses-taxes-sevrage\/","title":{"rendered":"Sondage : les Fran\u00e7ais et les hausses de taxes sur le tabac"},"content":{"rendered":"<p style=\"text-align: justify;\"><em>A l\u2019occasion du Mois Sans Tabac d\u00e9marr\u00e9 depuis le 1<sup>er<\/sup> novembre, Sant\u00e9 publique France d\u00e9voile de nouvelles donn\u00e9es relatives \u00e0 la consommation de tabac en France. Ces chiffres, recueillis par le Barom\u00e8tre de Sant\u00e9 publique France 2018<a href=\"#_ftn1\" name=\"_ftnref1\"><strong>[1]<\/strong><\/a>, \u00e9clairent sur l\u2019opinion des Fran\u00e7ais quant \u00e0 l\u2019augmentation des taxes sur les produits du tabac. La derni\u00e8re est survenue au d\u00e9but du mois. <\/em><\/p>\n<p style=\"text-align: justify;\">Le mois de novembre est marqu\u00e9 par une nouvelle hausse sur les produits du tabac, faisant passer le prix du paquet de 20 cigarettes au-dessus de la barre symbolique des dix euros, pour la quasi-totalit\u00e9 des marques. Ces augmentations ont \u00e9t\u00e9 pr\u00e9vues dans le cadre du Programme national de lutte contre le tabac (2018-2022).<\/p>\n<h3 style=\"text-align: justify;\"><strong>Pr\u00e8s de la moiti\u00e9 des Fran\u00e7ais soutiennent les hausses de taxes sur le tabac<\/strong><\/h3>\n<p style=\"text-align: justify;\">Selon les chiffres du Barom\u00e8tre, pr\u00e8s de la moiti\u00e9 des Fran\u00e7ais consid\u00e8rent que ces hausses de taxes sont justifi\u00e9es. Cependant, ces donn\u00e9es cachent certaines disparit\u00e9s selon le statut tabagique des interview\u00e9s. Ainsi, les fumeurs sont seulement 28% \u00e0 penser que ces mesures sont justifi\u00e9es. Ce chiffre descend m\u00eame \u00e0 26,1% pour les fumeurs quotidiens. En revanche, les anciens fumeurs sont 51,9% \u00e0 consid\u00e9rer ces hausses justifi\u00e9es. Quant au non-fumeurs, 62,4% pl\u00e9biscitent la mesure fiscale.<\/p>\n<h3 style=\"text-align: justify;\"><strong>Une efficacit\u00e9 major\u00e9e aupr\u00e8s des populations vuln\u00e9rables <\/strong><\/h3>\n<p style=\"text-align: justify;\">R\u00e9guli\u00e8res et significatives, les hausses de taxes constituent le levier le plus puissant pour r\u00e9duire le tabagisme. Cette mesure est particuli\u00e8rement efficace aupr\u00e8s des populations pr\u00e9caires et des jeunes, comme le montrent les chiffres du Barom\u00e8tre. Ainsi, si seulement 28% des fumeurs trouvent une justification aux hausses de taxes, 43,6% d\u2019entre eux consid\u00e8rent qu\u2019il s\u2019agit d\u2019une mesure motivante pour les faire arr\u00eater de fumer. Cette proportion s\u2019accro\u00eet aupr\u00e8s des plus jeunes (49,2 des 18-34 ans, contre 40% des 55-75 ans). Parmi les ex-fumeurs quotidiens ayant arr\u00eat\u00e9 leur consommation dans les cinq derni\u00e8res ann\u00e9es pr\u00e9c\u00e9dant le sondage, 39,8 % soulignent que les augmentations du prix du tabac les ont motiv\u00e9s dans leur sevrage.<\/p>\n<p style=\"text-align: justify;\"><strong>Mots cl\u00e9s : Sondage, Hausses de taxes, sevrage tabagique<br \/>\n<\/strong><\/p>\n<p style=\"text-align: justify;\"><a href=\"https:\/\/www.generationsanstabac.org\/\">\u00a9G\u00e9n\u00e9ration Sans Tabac<\/a><\/p>\n<hr \/>\n<p style=\"text-align: justify;\"><a href=\"#_ftnref1\" name=\"_ftn1\">[<\/a><a href=\"#_ftnref1\" name=\"_ftn1\">1]<\/a> Sant\u00e9 publique France : #MoisSansTabac : types de tabac consomm\u00e9s et augmentation des taxes vus par les Fran\u00e7ais, 27 octobre 2020, (consult\u00e9 le 30\/10\/2020)<\/p>\n<p style=\"text-align: justify;\"><a href=\"https:\/\/www.santepubliquefrance.fr\/presse\/2020\/moissanstabac-types-de-tabac-consommes-et-augmentation-des-taxes-vus-par-les-francais\">https:\/\/www.santepubliquefrance.fr\/presse\/2020\/moissanstabac-types-de-tabac-consommes-et-augmentation-des-taxes-vus-par-les-francais<\/a><\/p>\n<p style=\"text-align: justify;\"><span style=\"color: #999999;\"><strong><a style=\"color: #999999;\" href=\"http:\/\/www.cnct.fr\/\" target=\"_blank\" rel=\"noopener noreferrer\">Comit\u00e9 National Contre le Tabagisme |<\/a><\/strong><\/span><\/p>\n","protected":false},"excerpt":{"rendered":"<p>A l\u2019occasion du Mois Sans Tabac d\u00e9marr\u00e9 depuis le 1er novembre, Sant\u00e9 publique France d\u00e9voile de nouvelles donn\u00e9es relatives \u00e0 la consommation de tabac en France. Ces chiffres, recueillis par le Barom\u00e8tre de Sant\u00e9 publique France 2018, \u00e9clairent sur l\u2019opinion des Fran\u00e7ais quant \u00e0 l\u2019augmentation des taxes sur les produits du tabac. La derni\u00e8re est survenue au d\u00e9but du mois.<\/p>\n","protected":false},"featured_media":19464,"template":"","tags":[],"thematique":[491],"class_list":["post-20108","actualites","type-actualites","status-publish","has-post-thumbnail","hentry","thematique-politiques-publiques"],"acf":[],"_links":{"self":[{"href":"https:\/\/www.generationsanstabac.org\/fr\/wp-json\/wp\/v2\/actualites\/20108","targetHints":{"allow":["GET"]}}],"collection":[{"href":"https:\/\/www.generationsanstabac.org\/fr\/wp-json\/wp\/v2\/actualites"}],"about":[{"href":"https:\/\/www.generationsanstabac.org\/fr\/wp-json\/wp\/v2\/types\/actualites"}],"version-history":[{"count":0,"href":"https:\/\/www.generationsanstabac.org\/fr\/wp-json\/wp\/v2\/actualites\/20108\/revisions"}],"wp:featuredmedia":[{"embeddable":true,"href":"https:\/\/www.generationsanstabac.org\/fr\/wp-json\/wp\/v2\/media\/19464"}],"wp:attachment":[{"href":"https:\/\/www.generationsanstabac.org\/fr\/wp-json\/wp\/v2\/media?parent=20108"}],"wp:term":[{"taxonomy":"post_tag","embeddable":true,"href":"https:\/\/www.generationsanstabac.org\/fr\/wp-json\/wp\/v2\/tags?post=20108"},{"taxonomy":"thematique","embeddable":true,"href":"https:\/\/www.generationsanstabac.org\/fr\/wp-json\/wp\/v2\/thematique?post=20108"}],"curies":[{"name":"wp","href":"https:\/\/api.w.org\/{rel}","templated":true}]}}