{"id":20090,"date":"2020-10-21T14:54:14","date_gmt":"2020-10-21T12:54:14","guid":{"rendered":"https:\/\/www.generationsanstabac.org\/actualites\/prix-des-cigarettes-en-hongrie-vers-un-alignement-sur-les-reglementations-europeennes\/"},"modified":"2020-10-21T14:54:14","modified_gmt":"2020-10-21T12:54:14","slug":"prix-des-cigarettes-en-hongrie-vers-un-alignement-sur-les-reglementations-europeennes","status":"publish","type":"actualites","link":"https:\/\/www.generationsanstabac.org\/fr\/actualites\/prix-des-cigarettes-en-hongrie-vers-un-alignement-sur-les-reglementations-europeennes\/","title":{"rendered":"Prix des cigarettes en Hongrie\u202f: vers un alignement sur les r\u00e8glementations europ\u00e9ennes\u202f?"},"content":{"rendered":"<p style=\"text-align: justify;\"><em>En Hongrie, la taxe sur les cigarettes n&rsquo;est \u00e0 ce jour pas conforme aux r\u00e8gles de l&rsquo;Union europ\u00e9enne (UE) car elle n\u2019est pas assez \u00e9lev\u00e9e.<\/em><\/p>\n<p style=\"text-align: justify;\">Le gouvernement hongrois a pr\u00e9sent\u00e9 en octobre 2020 un projet de loi fiscale qui pr\u00e9voit que les droits d&rsquo;accises sur les produits du tabac soient augment\u00e9s \u00e0 deux reprises dans les mois \u00e0 venir, ce qui fera consid\u00e9rablement grimper le prix du paquet de cigarettes.<\/p>\n<h2>Un alignement pr\u00e9vu pour 2021<\/h2>\n<p style=\"text-align: justify;\">Le gouvernement vient de r\u00e9v\u00e9ler les d\u00e9tails de cette mesure dans un projet de loi fiscale soumis au Parlement \u00e0 la mi-octobre 2020. Selon cette proposition, du 1er janvier \u00e0 la fin du mois de mars 2021, les droits d&rsquo;accises seront de 24 000 HUF (65 euros) pour mille cigarettes, et \u00e0 partir d&rsquo;avril, ils passeront \u00e0 26 000 HUF (71 euros). Cela signifie concr\u00e8tement que pour un paquet classique d\u2019une vingtaine de cigarettes (l\u2019un des moins chers) qui co\u00fbtait jusqu\u2019\u00e0 pr\u00e9sent 1200 HUF (environ 3,3\u20ac), le nouveau prix sera de 1 500 HUF (4,1 euros) \u00e0 partir de janvier et 1 650 HUF (4,5 euros) \u00e0 partir d\u2019avril.<\/p>\n<h2>Une perte de valeur de la monnaie locale par rapport \u00e0 l\u2019euro<\/h2>\n<p style=\"text-align: justify;\">Bien que les droits d&rsquo;accises sur les produits du tabac aient \u00e9t\u00e9 augment\u00e9s \u00e0 plusieurs reprises ces derni\u00e8res ann\u00e9es en Hongrie et qu&rsquo;il y ait eu une p\u00e9riode o\u00f9 la fiscalit\u00e9 hongroise r\u00e9pondait aux attentes de l&rsquo;UE, le Forint a perdu 15 % de sa valeur par rapport \u00e0 l&rsquo;Euro ces derni\u00e8res ann\u00e9es, de sorte que le prix des produits du tabac ne r\u00e9pond de nouveau plus aux r\u00e9glementations de l&rsquo;UE.<\/p>\n<p style=\"text-align: justify;\">Outre le fait qu&rsquo;elle s\u2019aligne sur les attentes de l&rsquo;UE en mati\u00e8re de taxation des produits du tabac, cette hausse de la fiscalit\u00e9 sera \u00e9galement b\u00e9n\u00e9fique pour le budget global de l&rsquo;\u00c9tat, notamment pour compenser la perte de revenus induite par la crise de la Covid-19.<\/p>\n<p><span style=\"color: #666699;\"><a style=\"color: #666699;\" href=\"https:\/\/www.generationsanstabac.org\/\">\u00a9G\u00e9n\u00e9ration Sans Tabac<\/a><\/span><\/p>\n<hr \/>\n<p>Cet article reprend une actualit\u00e9 du site HUNGARY today\u202f:<\/p>\n<p>Fanni Kasz\u00e1s, <a href=\"https:\/\/hungarytoday.hu\/price-of-tobacco-products-to-increase-significantly-in-2021\/\" target=\"_blank\" rel=\"noopener noreferrer\"><em>Price of Tobacco Products to Increase Significantly in 2021<\/em><\/a>, www.hungarytoday.hu (16 octobre 2020 &#8211; consult\u00e9 le 20 octobre 2020.<\/p>\n<p><span style=\"color: #e8e8e8;\"><strong><a style=\"color: #e8e8e8;\" href=\"http:\/\/dnf.asso.fr\/\/\" target=\"_blank\" rel=\"noopener noreferrer\">DNF &#8211; Pour un Monde ZeroTabac |<\/a><\/strong><\/span><\/p>\n","protected":false},"excerpt":{"rendered":"<p>En Hongrie, la taxe sur les cigarettes n&rsquo;est \u00e0 ce jour pas conforme aux r\u00e8gles de l&rsquo;Union europ\u00e9enne (UE) car elle n\u2019est pas assez \u00e9lev\u00e9e.<\/p>\n","protected":false},"featured_media":19765,"template":"","tags":[],"thematique":[491],"class_list":["post-20090","actualites","type-actualites","status-publish","has-post-thumbnail","hentry","thematique-politiques-publiques"],"acf":[],"_links":{"self":[{"href":"https:\/\/www.generationsanstabac.org\/fr\/wp-json\/wp\/v2\/actualites\/20090","targetHints":{"allow":["GET"]}}],"collection":[{"href":"https:\/\/www.generationsanstabac.org\/fr\/wp-json\/wp\/v2\/actualites"}],"about":[{"href":"https:\/\/www.generationsanstabac.org\/fr\/wp-json\/wp\/v2\/types\/actualites"}],"version-history":[{"count":0,"href":"https:\/\/www.generationsanstabac.org\/fr\/wp-json\/wp\/v2\/actualites\/20090\/revisions"}],"wp:featuredmedia":[{"embeddable":true,"href":"https:\/\/www.generationsanstabac.org\/fr\/wp-json\/wp\/v2\/media\/19765"}],"wp:attachment":[{"href":"https:\/\/www.generationsanstabac.org\/fr\/wp-json\/wp\/v2\/media?parent=20090"}],"wp:term":[{"taxonomy":"post_tag","embeddable":true,"href":"https:\/\/www.generationsanstabac.org\/fr\/wp-json\/wp\/v2\/tags?post=20090"},{"taxonomy":"thematique","embeddable":true,"href":"https:\/\/www.generationsanstabac.org\/fr\/wp-json\/wp\/v2\/thematique?post=20090"}],"curies":[{"name":"wp","href":"https:\/\/api.w.org\/{rel}","templated":true}]}}