{"id":20085,"date":"2020-10-19T11:10:01","date_gmt":"2020-10-19T09:10:01","guid":{"rendered":"https:\/\/www.generationsanstabac.org\/actualites\/colorado-taxes\/"},"modified":"2020-10-19T11:10:01","modified_gmt":"2020-10-19T09:10:01","slug":"colorado-taxes","status":"publish","type":"actualites","link":"https:\/\/www.generationsanstabac.org\/fr\/actualites\/colorado-taxes\/","title":{"rendered":"Accord secret entre le l\u00e9gislateur et Philip Morris dans le Colorado"},"content":{"rendered":"<p style=\"text-align: justify;\"><em>Dans le Colorado, trois fabricants de tabac engagent des poursuites judiciaires pour bloquer une nouvelle hausse de taxes. Celle-ci est accus\u00e9e d\u2019avoir \u00e9t\u00e9 n\u00e9goci\u00e9e en coulisses entre le l\u00e9gislateur et Philip Morris. <\/em><\/p>\n<p style=\"text-align: justify;\">La proc\u00e9dure a \u00e9t\u00e9 lanc\u00e9e jeudi par Liggett Group, Vector Tobacco et XCaliber International, qui demandent l\u2019invalidation d\u2019une mesure jug\u00e9e anticoncurrentielle. Cette derni\u00e8re, connue sous le nom de Proposition EE, fixera le prix minimum d\u2019un paquet de cigarettes \u00e0 7 dollars, et int\u00e8grera une nouvelle taxe sur les produits du vapotage, si les \u00e9lecteurs de l\u2019Etat l\u2019approuvent dans les prochaines semaines<a href=\"#_ftn1\" name=\"_ftnref1\">[1]<\/a>. De fait, une telle d\u00e9cision correspondrait \u00e0 une hausse significative pour les cigarettes bon march\u00e9, vendues actuellement entre 3,80 et 5,32 dollars dans le Colorado. En parall\u00e8le, cette mesure affecterait beaucoup moins une marque comme Marlboro de Philip Morris, vendue \u00e0 6,55 dollars le paquet.<\/p>\n<h3 style=\"text-align: justify;\"><strong>Acheter la neutralit\u00e9 de Philip Morris <\/strong><\/h3>\n<p style=\"text-align: justify;\">Selon les informations disponibles \u00e0 ce jour, cet accord secret a \u00e9t\u00e9 n\u00e9goci\u00e9 dans l\u2019objectif de garantir la non-opposition de Philip Morris \u00e0 ces mesures. L\u2019accord a ainsi permis d\u2019acheter la neutralit\u00e9 du g\u00e9ant du tabac et d\u2019\u00e9viter de faire \u00e9chouer la r\u00e9glementation, comme la firme avait pu le faire auparavant au Colorado, gr\u00e2ce \u00e0 une campagne d\u2019opposition de plusieurs millions de dollars. Ainsi, le gouverneur Jared Polis, le procureur g\u00e9n\u00e9ral Phil Weiser et le conseil l\u00e9gislatif de l&rsquo;assembl\u00e9e g\u00e9n\u00e9rale de l&rsquo;\u00c9tat du Colorado figurent parmi les accus\u00e9s. En revanche, Philip Morris n&rsquo;est pas poursuivi.<a href=\"#_ftn2\" name=\"_ftnref2\">[2]<\/a>.<\/p>\n<h3 style=\"text-align: justify;\"><strong>Comprendre l\u2019enjeu des taxes sur le tabac<\/strong><\/h3>\n<p style=\"text-align: justify;\">La question de la hausse des taxes est cruciale pour l\u2019industrie du tabac. Une augmentation significative et r\u00e9p\u00e9t\u00e9e demeure le levier le plus efficace pour r\u00e9duire le nombre de fumeurs. Toutefois, le choix de la structure de taxe est un \u00e9l\u00e9ment \u00e9galement d\u00e9cisif, et peut affecter tr\u00e8s diff\u00e9remment deux marques de tabac. Ainsi, l\u2019application d\u2019une taxe fixe va avoir pour cons\u00e9quence de r\u00e9duire la diff\u00e9rence de prix entre les marques, au profit des gammes les plus ch\u00e8res, car positionn\u00e9es sur un segment dit \u00ab <em>premium<\/em> \u00bb. En parall\u00e8le, les marques bon march\u00e9 vont perdre leur avantage prix. C\u2019est ce que rappelle cet exemple au Colorado. A l\u2019inverse, l\u2019application d\u2019une taxe proportionnelle, bas\u00e9e sur un pourcentage du prix, va accro\u00eetre les \u00e9carts de prix entres les marques les plus ch\u00e8res et les marques les moins ch\u00e8res. De ce fait, elles affectent beaucoup moins les marques ayant un positionnement discount.<\/p>\n<p style=\"text-align: justify;\"><strong>Mots cl\u00e9s : Colorado, Taxes<\/strong><\/p>\n<p style=\"text-align: justify;\"><a href=\"https:\/\/www.generationsanstabac.org\/\">\u00a9G\u00e9n\u00e9ration Sans Tabac<\/a><\/p>\n<hr \/>\n<p style=\"text-align: justify;\"><a href=\"#_ftnref1\" name=\"_ftn1\"><\/a><a href=\"#_ftnref1\" name=\"_ftn1\">1]<\/a> <em><a href=\"https:\/\/www.denverpost.com\/2020\/10\/16\/discount-cigarette-companies-sue-colorado-over-tobacco-tax-ballot-measure-allege-backroom-deal-with-philip-morris\/\">Discount cigarette companies sue Colorado over tobacco tax ballot measure, allege \u201cbackroom deal\u201d with Philip Morris<\/a><\/em>, The Denver Post, 16\/10\/2020, (consult\u00e9 le 19\/10\/2020)<\/p>\n<p><a href=\"#_ftnref2\" name=\"_ftn2\">[2]<\/a> <em><a href=\"https:\/\/www.bloomberg.com\/news\/articles\/2020-10-16\/colorado-sued-over-backroom-deal-with-philip-morris-usa\">Colorado Sued Over \u2018Backroom Deal\u2019 With Philip Morris USA<\/a>,<\/em> Bloomberg, 15\/10\/2020, (consult\u00e9 le 19\/10\/2020)<\/p>\n<p><span style=\"color: #999999;\"><strong><a style=\"color: #999999;\" href=\"http:\/\/www.cnct.fr\/\" target=\"_blank\" rel=\"noopener noreferrer\">Comit\u00e9 National Contre le Tabagisme |<\/a><\/strong><\/span><\/p>\n","protected":false},"excerpt":{"rendered":"<p>Dans le Colorado, trois fabricants de tabac engagent des poursuites judiciaires pour bloquer une nouvelle hausse de taxes. Celle-ci est accus\u00e9e d\u2019avoir \u00e9t\u00e9 n\u00e9goci\u00e9e en coulisses entre le l\u00e9gislateur et Philip Morris.<\/p>\n","protected":false},"featured_media":15396,"template":"","tags":[],"thematique":[502,499],"class_list":["post-20085","actualites","type-actualites","status-publish","has-post-thumbnail","hentry","thematique-justice","thematique-lobby"],"acf":[],"_links":{"self":[{"href":"https:\/\/www.generationsanstabac.org\/fr\/wp-json\/wp\/v2\/actualites\/20085","targetHints":{"allow":["GET"]}}],"collection":[{"href":"https:\/\/www.generationsanstabac.org\/fr\/wp-json\/wp\/v2\/actualites"}],"about":[{"href":"https:\/\/www.generationsanstabac.org\/fr\/wp-json\/wp\/v2\/types\/actualites"}],"version-history":[{"count":0,"href":"https:\/\/www.generationsanstabac.org\/fr\/wp-json\/wp\/v2\/actualites\/20085\/revisions"}],"wp:featuredmedia":[{"embeddable":true,"href":"https:\/\/www.generationsanstabac.org\/fr\/wp-json\/wp\/v2\/media\/15396"}],"wp:attachment":[{"href":"https:\/\/www.generationsanstabac.org\/fr\/wp-json\/wp\/v2\/media?parent=20085"}],"wp:term":[{"taxonomy":"post_tag","embeddable":true,"href":"https:\/\/www.generationsanstabac.org\/fr\/wp-json\/wp\/v2\/tags?post=20085"},{"taxonomy":"thematique","embeddable":true,"href":"https:\/\/www.generationsanstabac.org\/fr\/wp-json\/wp\/v2\/thematique?post=20085"}],"curies":[{"name":"wp","href":"https:\/\/api.w.org\/{rel}","templated":true}]}}