{"id":20071,"date":"2020-10-07T14:05:15","date_gmt":"2020-10-07T12:05:15","guid":{"rendered":"https:\/\/www.generationsanstabac.org\/actualites\/gestion-des-dechets-un-nouvel-avertissement-pour-lindustrie-du-tabac-au-royaume-uni\/"},"modified":"2020-10-07T14:05:15","modified_gmt":"2020-10-07T12:05:15","slug":"gestion-des-dechets-un-nouvel-avertissement-pour-lindustrie-du-tabac-au-royaume-uni","status":"publish","type":"actualites","link":"https:\/\/www.generationsanstabac.org\/fr\/actualites\/gestion-des-dechets-un-nouvel-avertissement-pour-lindustrie-du-tabac-au-royaume-uni\/","title":{"rendered":"Gestion des d\u00e9chets\u202f: un nouvel avertissement pour l\u2019industrie du tabac au Royaume-Uni"},"content":{"rendered":"<p style=\"text-align: justify;\"><em>Au Royaume-Uni, la ministre de l\u2019environnement Rebecca Pow a mis en garde l\u2019industrie du tabac\u202f: ses acteurs doivent rapidement mettre en place un v\u00e9ritable plan de gestion des d\u00e9chets, sous peine d\u2019\u00eatre soumis aux r\u00e8gles de responsabilit\u00e9 \u00e9largie des producteurs (REP).<\/em><\/p>\n<h2>Une mise en garde r\u00e9it\u00e9r\u00e9e<\/h2>\n<p style=\"text-align: justify;\">Durant l\u2019\u00e9t\u00e9 2020, la ministre avait d\u00e9j\u00e0 averti [1] : \u00ab Si nous ne pouvons pas faire avancer cette discussion\u2026 nous devrons r\u00e9fl\u00e9chir aux mesures que le gouvernement peut prendre \u00e0 l&rsquo;avenir pour s&rsquo;assurer que l&rsquo;industrie du tabac assume une responsabilit\u00e9 croissante pour les d\u00e9chets que ses produits engendrent\u202f\u00bb. Et lors de la r\u00e9cente r\u00e9union avec les repr\u00e9sentants de l\u2019industrie du tabac, Keep Britain Tidy (KBT) et Action on Smoking and Health (ASH), l\u2019avertissement a \u00e9t\u00e9 donn\u00e9. Rebacca Pow a notamment pr\u00e9cis\u00e9 qu\u2019une collaboration avec un organisme ind\u00e9pendant dans le but de d\u00e9velopper un programme volontaire de responsabilit\u00e9s des producteurs \u00ab\u202fsemble fournir un moyen potentiel pour l&rsquo;industrie de r\u00e9duire les d\u00e9chets li\u00e9s au tabagisme dans ce pays\u202f\u00bb.<\/p>\n<h2>L\u2019impact des m\u00e9gots rappel\u00e9<\/h2>\n<p style=\"text-align: justify;\">Dans le cas contraire, un syst\u00e8me de REP \u2013 dont les frais sont bien plus \u00e9lev\u00e9s que ceux d\u2019un syst\u00e8me volontaire \u2013 pourrait \u00eatre envisag\u00e9 \u00ab pour garantir que l&rsquo;industrie du tabac assume une responsabilit\u00e9 croissante pour les d\u00e9chets cr\u00e9\u00e9s par ses produits\u202f\u00bb. Elle a insist\u00e9 sur le fait que les m\u00e9gots de cigarettes, en plus d\u2019\u00eatre inesth\u00e9tiques, polluent l\u2019environnement en raison des plastiques qu\u2019ils contiennent et des produits chimiques toxiques qu\u2019ils \u00e9mettent. Ils sont en outre difficiles et co\u00fbteux \u00e0 nettoyer pour les autorit\u00e9s locales<\/p>\n<h2>Des investissements insuffisants<\/h2>\n<p style=\"text-align: justify;\">Rebecca Pow a rappel\u00e9 qu&rsquo;en 2015, l&rsquo;Association des fabricants de tabac TMA) s&rsquo;\u00e9tait engag\u00e9e publiquement \u00e0 fournir des cendriers gratuits sur les points de vente et \u00e0 financer des poubelles \u00e0 cendriers, mais avait ignor\u00e9 une demande de Defra (Department for Environment, Food &amp; Rural Affairs) pour une mise \u00e0 jour en 2018 : \u00ab Des sondages sugg\u00e8rent que les d\u00e9chets li\u00e9s au tabagisme ont en fait augment\u00e9 de plus de 5 % depuis que ces engagements ont \u00e9t\u00e9 pris \u00bb. KBT aurait d\u2019ailleurs inform\u00e9 Defra du fait que l\u2019industrie du tabac ne d\u00e9pensait en r\u00e9alit\u00e9 que 70 000 \u00a3 par an pour la pr\u00e9vention des d\u00e9chets, contre des b\u00e9n\u00e9fices annuels estim\u00e9s sup\u00e9rieurs \u00e0 1 milliard de \u00a3.<\/p>\n<h2>Des opinions divergentes<\/h2>\n<p style=\"text-align: justify;\">Le Royaume-Uni est donc parvenu \u00e0 une situation dont la ministre a bien soulign\u00e9 qu\u2019elle ne pouvait plus durer. Le directeur g\u00e9n\u00e9ral adjoint de KBT, Richard McIlwain, a quant \u00e0 lui d\u00e9clar\u00e9 que le REP devrait inclure les d\u00e9chets li\u00e9s au tabagisme, et propos\u00e9 qu\u2019un groupe de travail ind\u00e9pendant g\u00e8re le financement fourni par l\u2019industrie du tabac. Chez TMA, le directeur Rupert Lewis a indiqu\u00e9 que ses membres n&rsquo;avaient \u00ab aucune objection \u00e0 un programme volontaire mais souhaitaient plus de d\u00e9tails\u202f\u00bb. Il conteste notamment certaines donn\u00e9es de KBT concernant le volume des d\u00e9chets li\u00e9s au tabac. Enfin, pour la directrice de ASH, un programme volontaire est inappropri\u00e9. Selon elle, seule une contrainte juridique pourra se montrer efficace, sp\u00e9cifiant par exemple que les autorit\u00e9s locales pourraient rencontrer des difficult\u00e9s \u00e0 acc\u00e9der aux fonds d\u2019un programme volontaire.<\/p>\n<p><span style=\"color: #666699;\"><a style=\"color: #666699;\" href=\"https:\/\/www.generationsanstabac.org\/\">\u00a9G\u00e9n\u00e9ration Sans Tabac<\/a><\/span><\/p>\n<hr \/>\n<p>[1] SMULIAN Mark, <a href=\"https:\/\/www.mrw.co.uk\/news\/pow-threatens-tobacco-firms-over-litter-18-08-2020\/\" target=\"_blank\" rel=\"noopener noreferrer\"><em>Pow threatens tobacco firms over litter<\/em><\/a>, www.mrw.co.uk (18 ao\u00fbt 2020 &#8211; consult\u00e9 le 5 octobre 2020).<\/p>\n<p>[2] SMULIAN Mark, <a href=\"https:\/\/www.mrw.co.uk\/news\/tobacco-firms-face-mandatory-rules-on-litter-says-pow-29-09-2020\/\" target=\"_blank\" rel=\"noopener noreferrer\"><em>Tobacco firms face mandatory rules on litter, says Pow<\/em><\/a>, www.mrw.co.uk (29 septembre 2020 &#8211; consult\u00e9 le  octobre 5 octobre 2020).<\/p>\n<p>[3] Department for Environment, Food and Rural Affairs, <a href=\"https:\/\/www.gov.uk\/government\/publications\/defra-engagement-with-the-tobacco-industry-on-litter\/smoking-related-litter-roundtable-meeting-2-sep-2020\" target=\"_blank\" rel=\"noopener noreferrer\"><em>Smoking related litter roundtable meeting, 2 Sep 2020<\/em><\/a>, www.gov.uk (28 septembre 2020 &#8211; consult\u00e9 le 5 octobre 2020).<\/p>\n<p><strong>Cet article pourrait \u00e9galement vous int\u00e9resser :<\/strong><\/p>\n<p>DNF, <a href=\"https:\/\/www.generationsanstabac.org\/actualites\/dernier-avertissement-pour-lindustrie-polluante-du-tabac\/\" target=\"_blank\" rel=\"noopener noreferrer\"><em>Dernier avertissement pour l\u2019industrie polluante du tabac<\/em><\/a>, G\u00e9n\u00e9ration sans tabac (18 juillet 2020 &#8211; consult\u00e9 le 5 octobre 2020).<\/p>\n<p><span style=\"color: #e8e8e8;\"><strong><a style=\"color: #e8e8e8;\" href=\"http:\/\/dnf.asso.fr\/\/\" target=\"_blank\" rel=\"noopener noreferrer\">DNF &#8211; Pour un Monde ZeroTabac |<\/a><\/strong><\/span><\/p>\n","protected":false},"excerpt":{"rendered":"<p>Au Royaume-Uni, la ministre de l\u2019environnement Rebecca Pow a mis en garde l\u2019industrie du tabac\u202f: ses acteurs doivent rapidement mettre en place un v\u00e9ritable plan de gestion des d\u00e9chets, sous peine d\u2019\u00eatre soumis aux r\u00e8gles de responsabilit\u00e9 \u00e9largie des producteurs (REP).<\/p>\n","protected":false},"featured_media":19570,"template":"","tags":[],"thematique":[480],"class_list":["post-20071","actualites","type-actualites","status-publish","has-post-thumbnail","hentry","thematique-environnement"],"acf":[],"_links":{"self":[{"href":"https:\/\/www.generationsanstabac.org\/fr\/wp-json\/wp\/v2\/actualites\/20071","targetHints":{"allow":["GET"]}}],"collection":[{"href":"https:\/\/www.generationsanstabac.org\/fr\/wp-json\/wp\/v2\/actualites"}],"about":[{"href":"https:\/\/www.generationsanstabac.org\/fr\/wp-json\/wp\/v2\/types\/actualites"}],"version-history":[{"count":0,"href":"https:\/\/www.generationsanstabac.org\/fr\/wp-json\/wp\/v2\/actualites\/20071\/revisions"}],"wp:featuredmedia":[{"embeddable":true,"href":"https:\/\/www.generationsanstabac.org\/fr\/wp-json\/wp\/v2\/media\/19570"}],"wp:attachment":[{"href":"https:\/\/www.generationsanstabac.org\/fr\/wp-json\/wp\/v2\/media?parent=20071"}],"wp:term":[{"taxonomy":"post_tag","embeddable":true,"href":"https:\/\/www.generationsanstabac.org\/fr\/wp-json\/wp\/v2\/tags?post=20071"},{"taxonomy":"thematique","embeddable":true,"href":"https:\/\/www.generationsanstabac.org\/fr\/wp-json\/wp\/v2\/thematique?post=20071"}],"curies":[{"name":"wp","href":"https:\/\/api.w.org\/{rel}","templated":true}]}}