{"id":20070,"date":"2020-10-06T13:10:40","date_gmt":"2020-10-06T11:10:40","guid":{"rendered":"https:\/\/www.generationsanstabac.org\/actualites\/canada-baisse-du-tabagisme-mais-hausse-du-vapotage-chez-les-lyceens\/"},"modified":"2020-10-06T13:10:40","modified_gmt":"2020-10-06T11:10:40","slug":"canada-baisse-du-tabagisme-mais-hausse-du-vapotage-chez-les-lyceens","status":"publish","type":"actualites","link":"https:\/\/www.generationsanstabac.org\/fr\/actualites\/canada-baisse-du-tabagisme-mais-hausse-du-vapotage-chez-les-lyceens\/","title":{"rendered":"Canada : baisse du tabagisme mais hausse du vapotage chez les lyc\u00e9ens"},"content":{"rendered":"<p style=\"text-align: justify;\"><em> <i data-stringify-type=\"italic\">Alors que la consommation de cigarettes a diminu\u00e9 chez les jeunes Canadiens de 16 \u00e0 19 ans sur la p\u00e9riode de 2013-2019, le vapotage a, quant \u00e0 lui, augment\u00e9 de mani\u00e8re significative,  selon une \u00e9tude<\/i><b data-stringify-type=\"bold\"><i data-stringify-type=\"italic\"><a class=\"c-link\" href=\"https:\/\/www.generationsanstabac.org\/actualites\/canada-baisse-du-tabagisme-mais-hausse-du-vapotage-chez-les-lyceens\/#_ftn1\" target=\"_blank\" rel=\"noopener noreferrer\" data-stringify-link=\"https:\/\/www.generationsanstabac.org\/actualites\/canada-baisse-du-tabagisme-mais-hausse-du-vapotage-chez-les-lyceens\/#_ftn1\" data-sk=\"tooltip_parent\">[1]<\/a><\/i><\/b><i data-stringify-type=\"italic\"> de l\u2019Universit\u00e9 de Waterloo (Ontario).<\/i><\/em><\/p>\n<p style=\"text-align: justify;\">Une r\u00e9cente \u00e9tude publi\u00e9e dans la Revue canadienne de sant\u00e9 publique \u00e9tudie l\u2019\u00e9volution compar\u00e9e de la consommation de cigarettes \u00e9lectroniques et de tabac entre 2013-2014 et 2018-2019 en Colombie-Britannique (CB), en Alberta, en Ontario et au Qu\u00e9bec chez les lyc\u00e9ens (16 \u00e0 19 ans). Les donn\u00e9es proviennent de l&rsquo;\u00e9tude <a href=\"https:\/\/uwaterloo.ca\/compass-system\/compass-system-projects\/projet-compass-quebec\">COMPASS<\/a>, une enqu\u00eate pluriannuelle sur les jeunes au Canada con\u00e7ue pour \u00e9valuer dans le temps les effets des politiques publiques sur le comportement des jeunes.<\/p>\n<p style=\"text-align: justify;\">Les r\u00e9sultats de l\u2019\u00e9tude montrent que les taux de fumeurs et d&rsquo;utilisateurs de produits du vapotage varient fortement selon la province et de mani\u00e8re diff\u00e9renci\u00e9e selon les produits concern\u00e9s. Par exemple, en Ontario, un lyc\u00e9en sur 10 d\u00e9clarait utiliser des cigarettes \u00e9lectroniques en 2016. En 2018-2019, ils \u00e9taient un quart \u00e0 d\u00e9clarer \u00eatre consommateur r\u00e9gulier. En Colombie-Britannique, la pr\u00e9valence est en revanche rest\u00e9e tr\u00e8s \u00e9lev\u00e9e avec pr\u00e8s d\u2019un lyc\u00e9en sur cinq, consommateur r\u00e9gulier en 2016 et en 2019. En ce qui concerne la consommation des cigarettes, cette derni\u00e8re a sensiblement diminu\u00e9 dans les quatre provinces pendant la p\u00e9riode \u00e9tudi\u00e9e pour s\u2019\u00e9tablir entre 6,5% de lyc\u00e9ens fumeurs en CB \u00e0 12% en Alberta, alors que la pr\u00e9valence \u00e9tait respectivement de 8,9% et 18,1% en 2013.<\/p>\n<p style=\"text-align: justify;\">Pour Adam Cole, un des chercheur en sant\u00e9 publique qui a dirig\u00e9 l&rsquo;\u00e9tude, la hausse de l\u2019usage des cigarettes \u00e9lectronique est probablement due au fait que les appareils sont plus faciles \u00e0 cacher, plus agr\u00e9ables \u00e0 utiliser, ont des saveurs diff\u00e9rentes et sont repr\u00e9sent\u00e9s de mani\u00e8re attrayante sur les m\u00e9dias sociaux. En mai 2018, les produits du vapotage contenant de la nicotine ont \u00e9t\u00e9 l\u00e9galis\u00e9s avec l\u2019adoption de <em>la <\/em><a href=\"https:\/\/www.canada.ca\/en\/health-canada\/services\/health-concerns\/tobacco\/legislation\/federal-laws\/tobacco-act.html\"><em>Loi sur le tabac et les produits du vapotage<\/em><\/a> qui a assoupli l\u2019encadrement des produits du vapotage en permettant qu\u2019ils soient promus. C\u2019est \u00e0 cette p\u00e9riode que la marque JUUL s\u2019est impos\u00e9e sur le march\u00e9 nord-am\u00e9ricain provoquant une hausse importante de la consommation de produits de vapotage chez les coll\u00e9giens et lyc\u00e9ens am\u00e9ricains et canadiens.<\/p>\n<p><a href=\"https:\/\/www.generationsanstabac.org\/\">\u00a9G\u00e9n\u00e9ration Sans Tabac<\/a><\/p>\n<hr \/>\n<p><strong>Mots cl\u00e9s : Canada, vapotage, jeunes<\/strong><\/p>\n<p><a href=\"#_ftnref1\" name=\"_ftn1\">[1]<\/a>  Cole, A.G., Aleyan, S., Battista, K. <em>et al.<\/em> <a href=\"https:\/\/link.springer.com\/article\/10.17269\/s41997-020-00389-0#citeas\"><em>Trends in youth e-cigarette and cigarette use between 2013 and 2019: insights from repeat cross-sectional data from the COMPASS study.<\/em> <\/a><em>Can J Public Health<\/em> (2020). https:\/\/doi.org\/10.17269\/s41997-020-00389-0<\/p>\n<p><span style=\"color: #999999;\"><strong><a style=\"color: #999999;\" href=\"http:\/\/www.cnct.fr\/\" target=\"_blank\" rel=\"noopener noreferrer\">Comit\u00e9 National Contre le Tabagisme |<\/a><\/strong><\/span><\/p>\n","protected":false},"excerpt":{"rendered":"<p> Alors que la consommation de cigarettes a diminu\u00e9 chez les jeunes Canadiens de 16 \u00e0 19 ans sur la p\u00e9riode de 2013-2019, le vapotage a, quant \u00e0 lui, augment\u00e9 de mani\u00e8re significative,  selon une \u00e9tude de l\u2019Universit\u00e9 de Waterloo (Ontario).<\/p>\n","protected":false},"featured_media":19889,"template":"","tags":[],"thematique":[474],"class_list":["post-20070","actualites","type-actualites","status-publish","has-post-thumbnail","hentry","thematique-sante"],"acf":[],"_links":{"self":[{"href":"https:\/\/www.generationsanstabac.org\/fr\/wp-json\/wp\/v2\/actualites\/20070","targetHints":{"allow":["GET"]}}],"collection":[{"href":"https:\/\/www.generationsanstabac.org\/fr\/wp-json\/wp\/v2\/actualites"}],"about":[{"href":"https:\/\/www.generationsanstabac.org\/fr\/wp-json\/wp\/v2\/types\/actualites"}],"version-history":[{"count":0,"href":"https:\/\/www.generationsanstabac.org\/fr\/wp-json\/wp\/v2\/actualites\/20070\/revisions"}],"wp:featuredmedia":[{"embeddable":true,"href":"https:\/\/www.generationsanstabac.org\/fr\/wp-json\/wp\/v2\/media\/19889"}],"wp:attachment":[{"href":"https:\/\/www.generationsanstabac.org\/fr\/wp-json\/wp\/v2\/media?parent=20070"}],"wp:term":[{"taxonomy":"post_tag","embeddable":true,"href":"https:\/\/www.generationsanstabac.org\/fr\/wp-json\/wp\/v2\/tags?post=20070"},{"taxonomy":"thematique","embeddable":true,"href":"https:\/\/www.generationsanstabac.org\/fr\/wp-json\/wp\/v2\/thematique?post=20070"}],"curies":[{"name":"wp","href":"https:\/\/api.w.org\/{rel}","templated":true}]}}