{"id":20057,"date":"2020-09-24T12:26:48","date_gmt":"2020-09-24T10:26:48","guid":{"rendered":"https:\/\/www.generationsanstabac.org\/actualites\/observatoire-industrie-tabac-covid19-stop\/"},"modified":"2020-09-24T12:26:48","modified_gmt":"2020-09-24T10:26:48","slug":"observatoire-industrie-tabac-covid19-stop","status":"publish","type":"actualites","link":"https:\/\/www.generationsanstabac.org\/fr\/actualites\/observatoire-industrie-tabac-covid19-stop\/","title":{"rendered":"9\u00e8me observatoire de l\u2019Industrie du tabac face \u00e0 la pand\u00e9mie de COVID19"},"content":{"rendered":"<p style=\"text-align: justify;\"><a href=\"https:\/\/exposetobacco.org\/\"><em>STOP<\/em><\/a><em> est un organisme de veille \u00e0 l\u2019\u00e9chelle internationale qui suit les pratiques d\u2019interf\u00e9rence de  l\u2019industrie du tabac dans les politiques publiques. L\u2019organisme a relev\u00e9 depuis le d\u00e9but de la pand\u00e9mie un regain d\u2019activit\u00e9 de cette l\u2019industrie dans de nombreux pays \u00e0 travers le monde. Cette recrudescence de la pr\u00e9sence de l\u2019industrie de tabac est li\u00e9e de tr\u00e8s pr\u00e8s \u00e0 la pand\u00e9mie Covid19 qui lui permet de blanchir son image. Cette \u00e9dition couvre les mois d\u2019ao\u00fbt et de septembre 2020.<\/em><\/p>\n<p style=\"text-align: justify;\"><strong>Tendances majeures de cette p\u00e9riode de surveillance :<\/strong><a href=\"#_ftn1\" name=\"_ftnref1\"><strong>[1]<\/strong><\/a><\/p>\n<ul style=\"text-align: justify;\">\n<li>Industrie du tabac et sports automobiles : BAT <a href=\"https:\/\/twitter.com\/BATPress\/status\/1298944530897686528\">fait la promotion<\/a> de son partenariat avec McLaren Racing en vantant la production de respirateurs et de fournitures m\u00e9dicales de McLaren pendant la pand\u00e9mie.<\/li>\n<\/ul>\n<p><img fetchpriority=\"high\" decoding=\"async\" class=\"aligncenter wp-image-2788\" src=\"https:\/\/www.generationsanstabac.org\/wp-content\/uploads\/2024\/07\/bat-mclaren-covid19-RSE.png\" alt=\"bat-mclaren-covid19-RSE\" width=\"421\" height=\"363\" \/><\/p>\n<ul style=\"text-align: justify;\">\n<li>Le <em>Center for excellence for the acceleration of harm reduction<\/em> (CoEHAR), financ\u00e9 par la Fondation pour un monde sans fum\u00e9e de Philip Morris, m\u00e8ne une \u00e9tude pour enqu\u00eater sur la relation entre le tabagisme et la COVID-19<a href=\"#_ftn2\" name=\"_ftnref2\">[2]<\/a>, celui-ci \u00e9tant pr\u00e9sent\u00e9 comme assurant un effet protecteur pour les fumeurs contre l&rsquo;infection \u00e0 coronavirus.<\/li>\n<\/ul>\n<p style=\"text-align: justify;\"><strong>Focus sur la responsabilit\u00e9 sociale de l\u2019industrie du tabac pendant la pand\u00e9mie<\/strong><\/p>\n<p style=\"text-align: justify;\">La responsabilit\u00e9 sociale des entreprises (RSE) est devenue un outil de plus en plus important pour l&rsquo;industrie du tabac pour exercer une influence. La pand\u00e9mie a fourni \u00e0 celle-ci de nombreuses occasions de contourner les directives d\u2019application de <a href=\"https:\/\/www.who.int\/fctc\/guidelines\/article_5_3_fr.pdf?ua=1\">l&rsquo;article 5.3 de la Convention-Cadre<\/a> visant \u00e0 prot\u00e9ger les politiques publiques du lobby du tabac. Par ce biais, les fabricants sont parvenus dans certains pays (ex <a href=\"https:\/\/ggtc.world\/2020\/06\/11\/return-to-sender-rejecting-pmi-ukraines-charity-during-covid-19\/\">Ukraine<\/a>) \u00e0 nouer des relations \u00e9troites avec les gouvernements tout en promouvant une image de respectabilit\u00e9 aupr\u00e8s du grand public.<\/p>\n<p style=\"text-align: justify;\">Toutes les grandes compagnies de tabac ont fait des dons (argent, nourriture ou \u00e9quipement m\u00e9dical) en lien avec la COVID-19. Les campagnes de RSE ont notamment cibl\u00e9 les pays \u00e0 revenu faible et interm\u00e9diaire o\u00f9 les niveaux d&rsquo;interf\u00e9rence de l&rsquo;industrie du tabac sont souvent \u00e9lev\u00e9s<a href=\"#_ftn3\" name=\"_ftnref3\">[3]<\/a>.<\/p>\n<p style=\"text-align: justify;\">Ces campagnes de RSE ont facilit\u00e9 le lobby des industriels du tabac afin d\u2019\u00e9viter toute nouvelle r\u00e9glementation du tabac, emp\u00eacher des hausses des taxes ou autre mesure destin\u00e9e \u00e0 faire participer les fabricants de tabac \u00e0 la prise en charge des co\u00fbts li\u00e9s aux dommages caus\u00e9s par leurs produits<a href=\"#_ftn4\" name=\"_ftnref4\">[4]<\/a>.<\/p>\n<p style=\"text-align: justify;\"><strong>Mots cl\u00e9s : RSE, industrie du tabac, Covid19, STOP<\/strong><\/p>\n<p><a href=\"https:\/\/www.generationsanstabac.org\/wp-content\/uploads\/2020\/09\/Neuvieme-observatoire-de-lindustrie-\u2013-STOP-en-anglais.pdf\">Neuvi\u00e8me observatoire de l\u2019industrie \u2013 STOP (en anglais)<\/a><\/p>\n<p>Source image :<em> Simon Isaacs, <a href=\"https:\/\/www.linkedin.com\/pulse\/how-tobacco-industry-cause-washing-covid-19-simon-isaacs?trk=related_artice_How%20The%20Tobacco%20Industry%20Is%20Cause-Washing%20COVID-19_article-card_title\" target=\"_blank\" rel=\"noopener noreferrer\">How the tobacco industry is cause-washing COVID19<\/a>, 30 mars 2020, LinkedIn<\/em><\/p>\n<p><a href=\"https:\/\/www.generationsanstabac.org\/\">\u00a9G\u00e9n\u00e9ration Sans Tabac<\/a><\/p>\n<hr \/>\n<p><a href=\"#_ftnref1\" name=\"_ftn1\">[1]<\/a> <a href=\"https:\/\/www.coehar.org\/partnerships-between-coehar-duke-university-oasi-of-troina-leads-to-the-first-study-to-evaluate-the-correlation-between-smoking-habits-and-covid-19-infections\/\"><em>Partnerships between CoEHAR, Duke University, OASI of Troina leads to the first study to evaluate the correlation between smoking habits and Covid19 infections<\/em><\/a>, cohear.org, 10 septembre 2020, consult\u00e9 le 24 septembre 2020<\/p>\n<p><a href=\"#_ftnref2\" name=\"_ftn2\">[2]<\/a> <a href=\"http:\/\/www.libertasicilia.it\/enna-parte-a-troina-il-primo-studio-tra-coehar-unict-duke-university-e-oasi-di-troina-per-verificare-la-correlazione-esistente-tra-fumo-e-covid-19\/\"><em>Enna. Parte a Troina il primo studio tra CoEHAR (Unict), Duke University e Oasi di Troina per verificare la correlazione esistente tra fumo e Covid-19,<\/em><\/a> Liberta Sicilia, 3 septembre 2020, consult\u00e9 le 24 septembre 2020<\/p>\n<p><a href=\"#_ftnref3\" name=\"_ftn3\">[3]<\/a> Mary Assunta. <a href=\"https:\/\/exposetobacco.org\/wp-content\/uploads\/2019\/10\/GlobalTIIIndex_Report_2019.pdf\">Global Tobacco Industry Interference Index 2019<\/a>. Global Center for Good Governance in Tobacco Control (GGTC). Bangkok, Thailand. Sept 2019, consult\u00e9 le 24 septembre 2020<\/p>\n<p><a href=\"#_ftnref4\" name=\"_ftn4\"><strong>[4]<\/strong><\/a> <a href=\"https:\/\/exposetobacco.org\/news\/stop-statement-covid-accountability\/\"><em>As Costs Pile Up for COVID-19, Tobacco Companies Should Be Held Accountable for Smoking-Related Health Harms,<\/em><\/a> STOP, 8 juin 2020, consult\u00e9 le 24 septembre 2020<\/p>\n<p><span style=\"color: #999999;\"><strong><a style=\"color: #999999;\" href=\"http:\/\/www.cnct.fr\/\" target=\"_blank\" rel=\"noopener noreferrer\">Comit\u00e9 National Contre le Tabagisme |<\/a><\/strong><\/span><\/p>\n","protected":false},"excerpt":{"rendered":"<p>La recrudescence de la pr\u00e9sence de l\u2019industrie de tabac est li\u00e9e de tr\u00e8s pr\u00e8s \u00e0 la pand\u00e9mie Covid19 qui lui permet de blanchir son image.<\/p>\n","protected":false},"featured_media":9833,"template":"","tags":[],"thematique":[499,507],"class_list":["post-20057","actualites","type-actualites","status-publish","has-post-thumbnail","hentry","thematique-lobby","thematique-marketing-publicite"],"acf":[],"_links":{"self":[{"href":"https:\/\/www.generationsanstabac.org\/fr\/wp-json\/wp\/v2\/actualites\/20057","targetHints":{"allow":["GET"]}}],"collection":[{"href":"https:\/\/www.generationsanstabac.org\/fr\/wp-json\/wp\/v2\/actualites"}],"about":[{"href":"https:\/\/www.generationsanstabac.org\/fr\/wp-json\/wp\/v2\/types\/actualites"}],"version-history":[{"count":0,"href":"https:\/\/www.generationsanstabac.org\/fr\/wp-json\/wp\/v2\/actualites\/20057\/revisions"}],"wp:featuredmedia":[{"embeddable":true,"href":"https:\/\/www.generationsanstabac.org\/fr\/wp-json\/wp\/v2\/media\/9833"}],"wp:attachment":[{"href":"https:\/\/www.generationsanstabac.org\/fr\/wp-json\/wp\/v2\/media?parent=20057"}],"wp:term":[{"taxonomy":"post_tag","embeddable":true,"href":"https:\/\/www.generationsanstabac.org\/fr\/wp-json\/wp\/v2\/tags?post=20057"},{"taxonomy":"thematique","embeddable":true,"href":"https:\/\/www.generationsanstabac.org\/fr\/wp-json\/wp\/v2\/thematique?post=20057"}],"curies":[{"name":"wp","href":"https:\/\/api.w.org\/{rel}","templated":true}]}}