{"id":20051,"date":"2020-09-23T10:01:58","date_gmt":"2020-09-23T08:01:58","guid":{"rendered":"https:\/\/www.generationsanstabac.org\/actualites\/interdiction-de-fumer-en-voiture-en-presence-de-mineurs-particulierement-respectee-en-ecosse\/"},"modified":"2020-09-23T10:01:58","modified_gmt":"2020-09-23T08:01:58","slug":"interdiction-de-fumer-en-voiture-en-presence-de-mineurs-particulierement-respectee-en-ecosse","status":"publish","type":"actualites","link":"https:\/\/www.generationsanstabac.org\/fr\/actualites\/interdiction-de-fumer-en-voiture-en-presence-de-mineurs-particulierement-respectee-en-ecosse\/","title":{"rendered":"Interdiction de fumer en voiture en pr\u00e9sence de mineurs particuli\u00e8rement respect\u00e9e en \u00c9cosse"},"content":{"rendered":"<p style=\"text-align: justify;\"><em>En \u00c9cosse, la loi interdisant de fumer en pr\u00e9sence de mineurs dans les voitures, instaur\u00e9e il y a 4 ans, n\u2019a jamais eu \u00e0 \u00eatre utilis\u00e9e devant les tribunaux. Elle vise \u00e0 prot\u00e9ger les enfants des dangers li\u00e9s au tabagisme passif.<\/em><\/p>\n<h2>Tr\u00e8s peu d\u2019interpellations n\u00e9cessaires<\/h2>\n<p style=\"text-align: justify;\">La loi a \u00e9t\u00e9 pr\u00e9sent\u00e9e par le biais d&rsquo;un projet de loi d&rsquo;initiative parlementaire, par le d\u00e9put\u00e9 de l&rsquo;\u00e9poque Jim Hume. Le politicien Lib Dem, qui a quitt\u00e9 le Parlement \u00e9cossais en 2016, avait perdu sa m\u00e8re d&rsquo;un cancer caus\u00e9 par la fum\u00e9e secondaire. En \u00c9cosse, les autorit\u00e9s locales et la police peuvent r\u00e9primer les conducteurs qui ne respecteraient pas cette mesure, et les Conseils peuvent imposer des amendes allant jusqu\u2019\u00e0 1\u202f000 livres. Mais tous ont \u00e9t\u00e9 enjoints de pr\u00e9f\u00e9rer la sensibilisation \u00e0 la sanction. Et il semblerait que cette recommandation ait port\u00e9 ses fruits. En effet, entre d\u00e9cembre 2016 et mars 2019, la police n&rsquo;a signal\u00e9 que 6 automobilistes au bureau de la Couronne et au service fiscal du procureur (COPFS). Ces personnes avaient fum\u00e9 alors que des mineurs se trouvaient \u00e0 l&rsquo;int\u00e9rieur de l\u2019habitacle, mais aucun des renvois n&rsquo;a donn\u00e9 lieu \u00e0 des poursuites.<\/p>\n<p style=\"text-align: justify;\">Par ailleurs, les procureurs affirment que moins de 5 chauffeurs leur ont \u00e9t\u00e9 signal\u00e9s cette ann\u00e9e pour avoir enfreint les lois anti-tabac. Parmi eux, aucun n\u2019a \u00e9t\u00e9 d\u00e9clar\u00e9 coupable.<\/p>\n<p style=\"text-align: justify;\">La police a d\u2019ailleurs d\u00e9clar\u00e9 : \u00ab Le nombre de personnes qui enfreignent la l\u00e9gislation est extr\u00eamement faible, mais nous continuons d&rsquo;exhorter le public \u00e0 ne jamais fumer dans un v\u00e9hicule avec un jeune \u00bb.<\/p>\n<h2>De nombreux dangers \u00e9vit\u00e9s en voiture<\/h2>\n<p style=\"text-align: justify;\">Ces constats, ainsi que le large respect de la loi, ont \u00e9t\u00e9 salu\u00e9s par un organisme de bienfaisance anti-tabac. Joseph Carter, directeur d\u2019Asthma UK et de la British Lung Foundation Scotland, a quant \u00e0 lui d\u00e9clar\u00e9 : \u00ab Nous sommes heureux de constater que l\u2019application de la loi a \u00e9t\u00e9 si peu souvent n\u00e9cessaire. Fumer dans une voiture peut cr\u00e9er des niveaux de pollution 35 fois plus \u00e9lev\u00e9s que ceux jug\u00e9s s\u00fbrs par l&rsquo;OMS et aucun enfant ne devrait \u00eatre expos\u00e9 \u00e0 ce niveau de danger. Nous esp\u00e9rons que le faible nombre de cas indique un changement culturel vers un air sans fum\u00e9e et propre pour tous \u00bb.<\/p>\n<p>&nbsp;<\/p>\n<p><strong>Mots-Cl\u00e9s : Ecosse, Tabagisme passif, L\u00e9gislation.<\/strong><\/p>\n<p>&nbsp;<\/p>\n<p><span style=\"color: #666699;\"><a style=\"color: #666699;\" href=\"https:\/\/www.generationsanstabac.org\/\">\u00a9G\u00e9n\u00e9ration Sans Tabac<\/a><\/span><\/p>\n<hr \/>\n<p>[1] BLACKSTOCK Gordon, <a href=\"https:\/\/www.dailyrecord.co.uk\/news\/scottish-news\/law-banning-smoking-front-kids-22710702\" target=\"_blank\" rel=\"noopener noreferrer\"><em>Law banning smoking in front of kids in cars has never been used in court<\/em><\/a>, www.dailyrecord.co.uk (20 septembre 2020 &#8211; consult\u00e9 le 22 septembre 2020).<\/p>\n<p><strong>Ces articles pourraient \u00e9galement vous int\u00e9resser :<\/strong><\/p>\n<p>CNCT, <a href=\"https:\/\/www.generationsanstabac.org\/actualites\/linterdiction-de-fumer-en-voiture-reduit-le-tabagisme-passif-des-enfants\/\" target=\"_blank\" rel=\"noopener noreferrer\"><em>L\u2019interdiction de fumer en voiture r\u00e9duit le tabagisme passif des enfants<\/em><\/a>, G\u00e9n\u00e9ration sans tabac (6 f\u00e9vrier 2020 &#8211; consult\u00e9 le 22 septembre 2020).<\/p>\n<p>DNF, <a href=\"https:\/\/www.generationsanstabac.org\/actualites\/la-voiture-haut-lieu-du-tabagisme-passif\/\" target=\"_blank\" rel=\"noopener noreferrer\"><em>La voiture, haut-lieu du tabagisme passif<\/em><\/a>, G\u00e9n\u00e9ration sans tabac (27 d\u00e9cembre 2020 &#8211; consult\u00e9 le 22 septembre 2020).<\/p>\n<p><span style=\"color: #e8e8e8;\"><strong><a style=\"color: #e8e8e8;\" href=\"http:\/\/dnf.asso.fr\/\/\" target=\"_blank\" rel=\"noopener noreferrer\">DNF &#8211; Pour un Monde ZeroTabac |<\/a><\/strong><\/span><\/p>\n","protected":false},"excerpt":{"rendered":"<p>4 ans apr\u00e8s son vote, la loi sur l&rsquo;interdiction de fumer en voiture est tr\u00e8s respect\u00e9e en \u00c9cosse.<\/p>\n","protected":false},"featured_media":10155,"template":"","tags":[],"thematique":[491,474],"class_list":["post-20051","actualites","type-actualites","status-publish","has-post-thumbnail","hentry","thematique-politiques-publiques","thematique-sante"],"acf":[],"_links":{"self":[{"href":"https:\/\/www.generationsanstabac.org\/fr\/wp-json\/wp\/v2\/actualites\/20051","targetHints":{"allow":["GET"]}}],"collection":[{"href":"https:\/\/www.generationsanstabac.org\/fr\/wp-json\/wp\/v2\/actualites"}],"about":[{"href":"https:\/\/www.generationsanstabac.org\/fr\/wp-json\/wp\/v2\/types\/actualites"}],"version-history":[{"count":0,"href":"https:\/\/www.generationsanstabac.org\/fr\/wp-json\/wp\/v2\/actualites\/20051\/revisions"}],"wp:featuredmedia":[{"embeddable":true,"href":"https:\/\/www.generationsanstabac.org\/fr\/wp-json\/wp\/v2\/media\/10155"}],"wp:attachment":[{"href":"https:\/\/www.generationsanstabac.org\/fr\/wp-json\/wp\/v2\/media?parent=20051"}],"wp:term":[{"taxonomy":"post_tag","embeddable":true,"href":"https:\/\/www.generationsanstabac.org\/fr\/wp-json\/wp\/v2\/tags?post=20051"},{"taxonomy":"thematique","embeddable":true,"href":"https:\/\/www.generationsanstabac.org\/fr\/wp-json\/wp\/v2\/thematique?post=20051"}],"curies":[{"name":"wp","href":"https:\/\/api.w.org\/{rel}","templated":true}]}}