{"id":20046,"date":"2020-09-22T09:07:39","date_gmt":"2020-09-22T07:07:39","guid":{"rendered":"https:\/\/www.generationsanstabac.org\/actualites\/alerte-de-loms-sur-les-maladies-non-transmissibles\/"},"modified":"2020-09-22T09:07:39","modified_gmt":"2020-09-22T07:07:39","slug":"alerte-de-loms-sur-les-maladies-non-transmissibles","status":"publish","type":"actualites","link":"https:\/\/www.generationsanstabac.org\/fr\/actualites\/alerte-de-loms-sur-les-maladies-non-transmissibles\/","title":{"rendered":"Alerte de l\u2019OMS sur les maladies non-transmissibles"},"content":{"rendered":"<p style=\"text-align: justify;\"><em>Les objectifs, qui sont de r\u00e9duire d\u2019un tiers le taux de mortalit\u00e9 due aux maladies non-transmissibles d\u2019ici deux ans, sont en retard dans le monde entier.\u202f<\/em><\/p>\n<p style=\"text-align: justify;\">Alors que le Danemark, le Luxembourg, la Nouvelle-Z\u00e9lande, la Norv\u00e8ge, Singapour et la\u202fCor\u00e9e-du-Sud\u202fmontrent l\u2019exemple, il est \u00e0 constater que l\u2019atteinte de ces objectifs recule ou prend beaucoup de retard dans les autres pays.\u202fCes constats ont \u00e9t\u00e9 publi\u00e9s en septembre 2020, dans le rapport de \u201cThe\u202fLancet\u201d, une revue m\u00e9dicale\u202fbritannique.\u202fEn p\u00e9riode \u00e9pid\u00e9mique de\u202fCovid-19, ces maladies repr\u00e9sentent un danger beaucoup plus important pour les personnes qui en sont atteintes.<\/p>\n<h2>A l\u2019agenda 2030 de l\u2019ONU<\/h2>\n<p style=\"text-align: justify;\">Tandis que le taux de mortalit\u00e9 \u00e9volue favorablement pour l&rsquo;AVC, les maladies cardiaques, le cancer de l\u2019estomac, il n\u2019en va pas de m\u00eame pour les maladies qui pourraient \u00eatre \u00e9vit\u00e9es telles que le diab\u00e8te, les cancers du poumon, du colon et du foie ainsi que les maladies cardiovasculaires. Elles repr\u00e9sentent pourtant un tiers des d\u00e9c\u00e8s pr\u00e9matur\u00e9s.<\/p>\n<p style=\"text-align: justify;\">L\u2019ONU a adopt\u00e9, dans le cadre de l\u2019agenda 2030, dix-sept objectifs de d\u00e9veloppement durable\u202f(ODD).\u202fL\u2019un de ces objectifs est l\u20190DD3\u202f\u201cDonner aux individus les moyens de vivre une vie saine et promouvoir le bien-\u00eatre \u00e0 tous les \u00e2ges\u201d.\u202fL\u2019une des cibles, les \u201cMaladies non-transmissibles\u201d, vise la r\u00e9duction d\u2019un tiers du taux de mortalit\u00e9 des d\u00e9c\u00e8s pr\u00e9matur\u00e9s, d\u2019ici 2030, et promeut \u00e9galement la sant\u00e9 mentale et le bien-\u00eatre.<\/p>\n<h2>Nouveau rapport<\/h2>\n<p style=\"text-align: justify;\">Les d\u00e9c\u00e8s dus aux maladies non transmissibles touchent les personnes entre 30 et 70 ans.<br \/>\nApr\u00e8s un premier bilan en 2018, le nouveau rapport de l\u2019Imperial\u202fCollege\u202fde Londres, de l\u2019OMS et de l\u2019ONG \u201cNCD Alliance\u201d met en \u00e9vidence l\u2019importance de combattre ces maladies\u202fafin de r\u00e9duire le taux de mortalit\u00e9.\u202fCe rapport liste des mesures \u00e0 appliquer telles que, par exemple, un contr\u00f4le renforc\u00e9 du tabac et de l\u2019alcool, l\u2019interdiction de leur publicit\u00e9, la hausse des taxes et la fabrication d\u2019emballages neutres.<\/p>\n<p style=\"text-align: justify;\">Il est \u00e9galement indispensable de produire des programmes pertinents pour inciter au d\u00e9pistage des cancers et garantir un meilleur acc\u00e8s aux m\u00e9dicaments appropri\u00e9s chez les patients \u00e0 risque.\u202fSelon un communiqu\u00e9 de\u202fBente\u202fMikkelsen, directrice du d\u00e9partement des maladies\u202fnon-transmissibles\u202f\u00e0 l\u2019OMS, \u201cOn ne peut pas permettre que les maladies non transmissibles deviennent une catastrophe g\u00e9n\u00e9rationnelle, synonyme de potentiel humain g\u00e2ch\u00e9 et d\u2019exacerbation des in\u00e9galit\u00e9s\u201d.<\/p>\n<p>&nbsp;<\/p>\n<p><strong>Mots-Cl\u00e9s : Organisation mondiale de la sant\u00e9, Maladies non-transmissibles, Retard.<\/strong><\/p>\n<p>&nbsp;<\/p>\n<p><span style=\"color: #666699;\"><a style=\"color: #666699;\" href=\"https:\/\/www.generationsanstabac.org\/\">\u00a9G\u00e9n\u00e9ration Sans Tabac<\/a><\/span><\/p>\n<hr \/>\n<p>[1] <a href=\"https:\/\/www.sudouest.fr\/2020\/09\/04\/le-monde-en-retard-sur-ses-objectifs-pour-reduire-les-maladies-non-transmissibles-selon-l-oms-7804663-10618.php\" target=\"_blank\" rel=\"noopener noreferrer\"><em>Le monde en retard sur ses objectifs pour r\u00e9duire les maladies non transmissibles, selon l\u2019OMS<\/em><\/a>, www.sudouest.fr (4 septembre 2020 &#8211; consult\u00e9 le 7 septembre 2020).<\/p>\n<p>[2] <a href=\"https:\/\/www.agenda-2030.fr\/odd\/odd3-donner-aux-individus-les-moyens-de-vivre-une-vie-saine-et-promouvoir-le-bien-etre-tous-les\" target=\"_blank\" rel=\"noopener noreferrer\"><em>ODD3 &#8211; Donner aux individus les moyens de vivre une vie saine et promouvoir le bien-\u00eatre \u00e0 tous les \u00e2ges<\/em><\/a>, www.agenda-2030.fr (consult\u00e9 le 7 septembre 2020).<\/p>\n<p>[3] <a href=\"https:\/\/www.who.int\/fr\/news-room\/detail\/01-06-2018-commission-calls-for-urgent-action-against-chronic-diseases\" target=\"_blank\" rel=\"noopener noreferrer\"><em>Une Commission de haut niveau appelle \u00e0 agir d\u2019urgence contre les maladies chroniques<\/em><\/a>, www.who.int (1er juin 2018 &#8211; consult\u00e9 le 7 septembre 2020).<\/p>\n<p><span style=\"color: #e8e8e8;\"><strong><a style=\"color: #e8e8e8;\" href=\"http:\/\/dnf.asso.fr\/\/\" target=\"_blank\" rel=\"noopener noreferrer\">DNF &#8211; Pour un Monde ZeroTabac |<\/a><\/strong><\/span><\/p>\n","protected":false},"excerpt":{"rendered":"<p>Les objectifs, qui sont de r\u00e9duire d\u2019un tiers le taux de mortalit\u00e9 due aux maladies non-transmissibles d\u2019ici deux ans, sont en retard dans le monde entier.<\/p>\n","protected":false},"featured_media":10412,"template":"","tags":[],"thematique":[474],"class_list":["post-20046","actualites","type-actualites","status-publish","has-post-thumbnail","hentry","thematique-sante"],"acf":[],"_links":{"self":[{"href":"https:\/\/www.generationsanstabac.org\/fr\/wp-json\/wp\/v2\/actualites\/20046","targetHints":{"allow":["GET"]}}],"collection":[{"href":"https:\/\/www.generationsanstabac.org\/fr\/wp-json\/wp\/v2\/actualites"}],"about":[{"href":"https:\/\/www.generationsanstabac.org\/fr\/wp-json\/wp\/v2\/types\/actualites"}],"version-history":[{"count":0,"href":"https:\/\/www.generationsanstabac.org\/fr\/wp-json\/wp\/v2\/actualites\/20046\/revisions"}],"wp:featuredmedia":[{"embeddable":true,"href":"https:\/\/www.generationsanstabac.org\/fr\/wp-json\/wp\/v2\/media\/10412"}],"wp:attachment":[{"href":"https:\/\/www.generationsanstabac.org\/fr\/wp-json\/wp\/v2\/media?parent=20046"}],"wp:term":[{"taxonomy":"post_tag","embeddable":true,"href":"https:\/\/www.generationsanstabac.org\/fr\/wp-json\/wp\/v2\/tags?post=20046"},{"taxonomy":"thematique","embeddable":true,"href":"https:\/\/www.generationsanstabac.org\/fr\/wp-json\/wp\/v2\/thematique?post=20046"}],"curies":[{"name":"wp","href":"https:\/\/api.w.org\/{rel}","templated":true}]}}