{"id":20042,"date":"2020-09-19T09:34:20","date_gmt":"2020-09-19T07:34:20","guid":{"rendered":"https:\/\/www.generationsanstabac.org\/actualites\/loms-deplore-une-baisse-du-tabagisme-insuffisante-en-europe\/"},"modified":"2020-09-19T09:34:20","modified_gmt":"2020-09-19T07:34:20","slug":"loms-deplore-une-baisse-du-tabagisme-insuffisante-en-europe","status":"publish","type":"actualites","link":"https:\/\/www.generationsanstabac.org\/fr\/actualites\/loms-deplore-une-baisse-du-tabagisme-insuffisante-en-europe\/","title":{"rendered":"L\u2019OMS\u202fd\u00e9plore une baisse du tabagisme insuffisante en Europe"},"content":{"rendered":"<p style=\"text-align: justify;\"><em>18 % des d\u00e9c\u00e8s dus \u00e0 des maladies non transmissibles (MNT) en Europe sont dus au tabagisme, et pr\u00e8s d&rsquo;un d\u00e9c\u00e8s pr\u00e9matur\u00e9 li\u00e9 aux maladies non transmissibles sur cinq pourrait \u00eatre \u00e9vit\u00e9 si le tabagisme \u00e9tait \u00e9limin\u00e9 de cette zone. Pourtant, m\u00eame si cette pratique d\u00e9cline en Europe, les actions et les efforts doivent se poursuivre pour atteindre l\u2019objectif que s\u2019est fix\u00e9 l\u2019Organisation mondiale de la sant\u00e9 (OMS).<\/em><\/p>\n<h2>Une r\u00e9duction plus forte chez les hommes<\/h2>\n<p style=\"text-align: justify;\">Dans la r\u00e9gion Europe de l\u2019OMS, la pr\u00e9valence du tabagisme chez les adultes est pass\u00e9e de 34,2 % en 2000 \u00e0 26,3 % en 2018, soit environ 227 millions de personnes en 2000 contre environ 186 millions en 2018. Cette baisse importante se r\u00e9v\u00e8le n\u00e9anmoins toujours insuffisante. Selon les mod\u00e9lisations, la r\u00e9gion europ\u00e9enne se dirige en effet vers une r\u00e9duction du tabagisme de 18 % entre 2010 et 2025, alors que le Plan d&rsquo;action mondial de l&rsquo;OMS pour la pr\u00e9vention et la lutte contre les maladies non transmissibles 2013-2020 visait une baisse de 30% \u00e0 travers le monde.<\/p>\n<p style=\"text-align: justify;\">L&rsquo;OMS estime qu&rsquo;environ un tiers des hommes (34%) de la r\u00e9gion Europe ont consomm\u00e9 du tabac en 2018, soit environ 119 millions de personnes, contre 150 millions (46%) en 2000. Ce nombre devrait continuer de baisser pour atteindre approximativement 107 millions (30%) d&rsquo;ici 2025.<\/p>\n<h2>Le fl\u00e9au du tabagisme chez les femmes dans la zone Europe<\/h2>\n<p style=\"text-align: justify;\">La r\u00e9gion europ\u00e9enne est la seule r\u00e9gion de l&rsquo;OMS qui ne devrait pas atteindre l&rsquo;objectif de r\u00e9duction de 30 % chez les femmes d&rsquo;ici 2025. En effet, selon l\u2019OMS, environ un cinqui\u00e8me des femmes (19 %) de la R\u00e9gion europ\u00e9enne ont consomm\u00e9 du tabac en 2018, soit environ 67 millions de personnes, contre environ 77 millions (23 %) en 2000 pour n\u2019atteindre qu\u2019environ 63 millions (18 % de r\u00e9gression) d&rsquo;ici 2025.<\/p>\n<h2>Des disparit\u00e9s selon les zones g\u00e9ographiques<\/h2>\n<p style=\"text-align: justify;\">Le taux moyen de tabagisme chez les hommes dans les pays du nord de l&rsquo;Europe en 2010 \u00e9tait le plus bas des quatre sous-r\u00e9gions d\u00e9finies. C\u2019est aussi celui qui devrait conna\u00eetre la plus forte baisse d&rsquo;ici 2025 (de 30 % \u00e0 17 %). Le taux moyen en Europe occidentale \u00e9tait l\u00e9g\u00e8rement plus \u00e9lev\u00e9 et devrait conna\u00eetre la r\u00e9duction la plus lente des quatre sous-r\u00e9gions (de 32 % \u00e0 26 %). Le taux moyen en Europe du Sud \u00e9tait encore plus \u00e9lev\u00e9 (de 38 % \u00e0 30 %), tandis que le taux de tabagisme le plus \u00e9lev\u00e9 chez les hommes est celui de l&rsquo;Europe de l&rsquo;Est. Il devrait rester le plus \u00e9lev\u00e9 des quatre sous-r\u00e9gions (de 44 % \u00e0 34 %).<\/p>\n<p style=\"text-align: justify;\">Le taux moyen de tabagisme chez les femmes en 2010 dans les pays d&rsquo;Europe orientale \u00e9tait le plus bas des quatre sous-r\u00e9gions et devrait conna\u00eetre une l\u00e9g\u00e8re baisse d&rsquo;ici 2025 (de 14 % \u00e0 12 %). Ce taux est plus \u00e9lev\u00e9 pour le sud de l&rsquo;Europe qui devrait enregistrer la plus faible baisse des quatre sous-r\u00e9gions (de 21 % \u00e0 19 %). Le taux moyen pour l&rsquo;Europe occidentale devrait quant \u00e0 lui passer de de 25 \u00e0 22 % d\u2019ici 2025. Le taux moyen le plus \u00e9lev\u00e9 chez les femmes concernait l&rsquo;Europe du Nord, mais cette sous-r\u00e9gion devrait enregistrer une tr\u00e8s forte r\u00e9duction d&rsquo;ici 2025, de 28 % \u00e0 17 %.<\/p>\n<h2>L\u2019impact du niveau d\u2019\u00e9ducation<\/h2>\n<p style=\"text-align: justify;\">Confirmant plusieurs \u00e9tudes ant\u00e9rieures, les travaux de l\u2019OMS montrent que dans presque tous les pays et pour les deux sexes, la pr\u00e9valence du tabagisme est plus \u00e9lev\u00e9e chez les personnes ayant fait peu d\u2019\u00e9tudes et plus faible parmi celles ayant fait plusieurs d&rsquo;ann\u00e9es d&rsquo;\u00e9tudes. Cette donn\u00e9e doit donc \u00eatre prise en compte dans l\u2019\u00e9laboration des actions de pr\u00e9vention et d\u2019information.<\/p>\n<h2>La sant\u00e9 des hommes davantage touch\u00e9e<\/h2>\n<p style=\"text-align: justify;\">La proportion de d\u00e9c\u00e8s dus aux MNT (maladies non transmissibles) attribuables au tabagisme est quatre fois plus \u00e9lev\u00e9e chez les hommes (28 %) que chez les femmes (7 %). Ainsi, la proportion de d\u00e9c\u00e8s dus aux maladies cardiovasculaires (maladies cardiaques, accidents vasculaires c\u00e9r\u00e9braux et autres) attribuables au tabagisme est de 25 % chez les hommes et 6% chez les femmes. La proportion globale de d\u00e9c\u00e8s par cancer attribu\u00e9s au tabac est de 27 % chez les hommes et 10% chez les femmes. Enfin, chez les hommes, 9 cancers du poumon sur 10 sont dus au tabac.<\/p>\n<h2>Les pr\u00e9conisations de l\u2019OMS<\/h2>\n<ul>\n<li style=\"text-align: justify;\">Davantage de pays doivent surveiller toutes les formes de tabagisme, y compris l&rsquo;utilisation de nouveaux produits du tabac, tels que les e-cigarettes avec nicotine (ENDS) ou sans nicotine (ENNDS) et les tabacs chauff\u00e9s ;<\/li>\n<li style=\"text-align: justify;\">Les pays sont encourag\u00e9s \u00e0 utiliser des normes et des protocoles scientifiques et factuels pour les enqu\u00eates sur le tabac ;<\/li>\n<li style=\"text-align: justify;\">Les capacit\u00e9s des pays \u00e0 mener, \u00e0 diffuser et utiliser leurs r\u00e9sultats devraient \u00eatre renforc\u00e9es ;<\/li>\n<li style=\"text-align: justify;\">Les pays devraient int\u00e9grer les programmes de surveillance du tabagisme dans les programmes nationaux, r\u00e9gionaux et mondiaux de surveillance de la sant\u00e9 afin que des donn\u00e9es comparables puissent \u00eatre analys\u00e9es aux niveaux r\u00e9gional et international.<\/li>\n<\/ul>\n<p>&nbsp;<\/p>\n<p><span style=\"color: #666699;\"><a style=\"color: #666699;\" href=\"https:\/\/www.generationsanstabac.org\/\">\u00a9G\u00e9n\u00e9ration Sans Tabac<\/a><\/span><\/p>\n<hr \/>\n<p>[1] Organisation mondiale de la sant\u00e9 (OMS), <a href=\"https:\/\/www.euro.who.int\/en\/media-centre\/sections\/fact-sheets\/2020\/factsheets-on-who-fctc-implementation-through-mpower-in-the-who-european-region-2020\/prevalence-of-tobacco-use-among-adults-in-the-who-european-region\" target=\"_blank\" rel=\"noopener noreferrer\"><em>Prevalence of tobacco use among adults in the WHO European Region<\/em><\/a>, www.euro.who.int (2020 &#8211; consult\u00e9 le 31 ao\u00fbt 2020).<\/p>\n<p><strong>Cet article pourrait \u00e9galement vous int\u00e9resser :<\/strong><\/p>\n<p>DNF, <a href=\"https:\/\/www.generationsanstabac.org\/actualites\/suede-bonne-eleve-union-europeenne\/\" target=\"_blank\" rel=\"noopener noreferrer\"><em>La Su\u00e8de, bonne \u00e9l\u00e8ve de l\u2019Union europ\u00e9enne ?<\/em><\/a>, G\u00e9n\u00e9ration sans tabac (23 juin 2020 &#8211; consult\u00e9 le 31 ao\u00fbt 2020).<\/p>\n<p><span style=\"color: #e8e8e8;\"><strong><a style=\"color: #e8e8e8;\" href=\"http:\/\/dnf.asso.fr\/\/\" target=\"_blank\" rel=\"noopener noreferrer\">DNF &#8211; Pour un Monde ZeroTabac |<\/a><\/strong><\/span><\/p>\n","protected":false},"excerpt":{"rendered":"<p>18 % des d\u00e9c\u00e8s dus \u00e0 des maladies non transmissibles (MNT) en Europe sont dus au tabagisme, et pr\u00e8s d&rsquo;un d\u00e9c\u00e8s pr\u00e9matur\u00e9 li\u00e9 aux maladies non transmissibles sur cinq pourrait \u00eatre \u00e9vit\u00e9 si le tabagisme \u00e9tait \u00e9limin\u00e9 de cette zone. Pourtant, m\u00eame si cette pratique d\u00e9cline en Europe, les actions et les efforts doivent se poursuivre pour atteindre l\u2019objectif que s\u2019est fix\u00e9 l\u2019Organisation mondiale de la sant\u00e9 (OMS).<\/p>\n","protected":false},"featured_media":19746,"template":"","tags":[],"thematique":[474],"class_list":["post-20042","actualites","type-actualites","status-publish","has-post-thumbnail","hentry","thematique-sante"],"acf":[],"_links":{"self":[{"href":"https:\/\/www.generationsanstabac.org\/fr\/wp-json\/wp\/v2\/actualites\/20042","targetHints":{"allow":["GET"]}}],"collection":[{"href":"https:\/\/www.generationsanstabac.org\/fr\/wp-json\/wp\/v2\/actualites"}],"about":[{"href":"https:\/\/www.generationsanstabac.org\/fr\/wp-json\/wp\/v2\/types\/actualites"}],"version-history":[{"count":0,"href":"https:\/\/www.generationsanstabac.org\/fr\/wp-json\/wp\/v2\/actualites\/20042\/revisions"}],"wp:featuredmedia":[{"embeddable":true,"href":"https:\/\/www.generationsanstabac.org\/fr\/wp-json\/wp\/v2\/media\/19746"}],"wp:attachment":[{"href":"https:\/\/www.generationsanstabac.org\/fr\/wp-json\/wp\/v2\/media?parent=20042"}],"wp:term":[{"taxonomy":"post_tag","embeddable":true,"href":"https:\/\/www.generationsanstabac.org\/fr\/wp-json\/wp\/v2\/tags?post=20042"},{"taxonomy":"thematique","embeddable":true,"href":"https:\/\/www.generationsanstabac.org\/fr\/wp-json\/wp\/v2\/thematique?post=20042"}],"curies":[{"name":"wp","href":"https:\/\/api.w.org\/{rel}","templated":true}]}}