{"id":20036,"date":"2020-09-16T13:24:35","date_gmt":"2020-09-16T11:24:35","guid":{"rendered":"https:\/\/www.generationsanstabac.org\/actualites\/nofilterplease-142-000-megots-ramasses-aux-pays-bas-en-un-week-end\/"},"modified":"2020-09-16T13:24:35","modified_gmt":"2020-09-16T11:24:35","slug":"nofilterplease-142-000-megots-ramasses-aux-pays-bas-en-un-week-end","status":"publish","type":"actualites","link":"https:\/\/www.generationsanstabac.org\/fr\/actualites\/nofilterplease-142-000-megots-ramasses-aux-pays-bas-en-un-week-end\/","title":{"rendered":"#Nofilterplease\u202f: 142\u202f000 m\u00e9gots ramass\u00e9s aux Pays-Bas en un week-end"},"content":{"rendered":"<p style=\"text-align: justify;\"><em>Les 5 et 6 septembre 2020, des militants anti plastique ont collect\u00e9 142\u202f000 m\u00e9gots de cigarette \u00e0 travers le pays. Un geste \u00e9cologique en m\u00eame temps qu\u2019un appel au gouvernement en place.<\/em><\/p>\n<h2>Une participation massive<\/h2>\n<p style=\"text-align: justify;\">Au total, ce sont 18 villes qui ont particip\u00e9 \u00e0 l\u2019op\u00e9ration. \u00c0 Amsterdam, 70 personnes ont collect\u00e9 56\u202f000 m\u00e9gots de cigarette en un apr\u00e8s-midi.<\/p>\n<h2 style=\"text-align: justify;\">Une source de pollution plastique fr\u00e9quente<\/h2>\n<p style=\"text-align: justify;\">\u00ab\u202fLes m\u00e9gots de cigarettes ne sont pratiquement jamais \u00e9voqu\u00e9s dans la discussion sur la pollution plastique, m\u00eame si c&rsquo;est l&rsquo;une des formes les plus courantes\u202f\u00bb, explique Karl Beerenfenger de By l&rsquo;Ocean we Unite, l&rsquo;un des fondateurs du collectif PlasticPeukMeuk. \u00ab Les campagnes de communication ne r\u00e9solvent pas le probl\u00e8me. Nous devons changer le produit lui-m\u00eame. Les filtres \u00e0 cigarettes servent uniquement d&rsquo;outil marketing pour vendre plus de cigarettes. Nous voulons nous d\u00e9barrasser compl\u00e8tement du filtre \u00e0 cigarettes en plastique \u00bb.<\/p>\n<h2>Nettoyer et interpeller<\/h2>\n<p style=\"text-align: justify;\">Si l\u2019action a bien \u00e9videmment particip\u00e9 \u00e0 d\u00e9polluer l\u2019environnement, elle visait \u00e9galement \u00e0 faire prendre conscience aux cigarettiers et aux politiques de l\u2019impact des m\u00e9gots, et donc \u00e0 faire interdire les filtres en plastique. Les militants esp\u00e8rent que ce ramassage fera prendre ses responsabilit\u00e9s \u00e0 l\u2019industrie du tabac, et que celle-ci r\u00e9fl\u00e9chira \u00e0 de nouvelles alternatives qui seraient moins polluantes<\/p>\n<h2>Un cadre juridique \u00e0 pr\u00e9ciser\u202f?<\/h2>\n<p style=\"text-align: justify;\">Selon l\u2019article 8 de la directive europ\u00e9enne sur les plastiques \u00e0 usage unique (SUPD), les cigarettiers doivent participer financi\u00e8rement au ramassage des m\u00e9gots de cigarettes contenant des filtres en plastique dans les rues. Aujourd\u2019hui, les militants souhaitent que le gouvernement fixe un objectif de r\u00e9duction de 70 % de la pollution par les m\u00e9gots de cigarettes d&rsquo;ici 2023. \u00ab\u202fNous demandons au gouvernement n\u00e9erlandais de comptabiliser le nombre de cigarettes vendues et de garantir un prix fixe par m\u00e9got, pour s&rsquo;assurer que les producteurs soient motiv\u00e9s \u00e0 agir\u202f\u00bb, a d\u00e9clar\u00e9 Rob Buurman, directeur de Recycling Netwerk Benelux.<\/p>\n<p>&nbsp;<\/p>\n<p><strong>Mots-cl\u00e9 : M\u00e9gots, Environnement, Pollution<\/strong><\/p>\n<p>&nbsp;<\/p>\n<p><span style=\"color: #666699;\"><a style=\"color: #666699;\" href=\"https:\/\/www.generationsanstabac.org\/\">\u00a9G\u00e9n\u00e9ration Sans Tabac<\/a><\/span><\/p>\n<hr \/>\n<p>[1] <a href=\"https:\/\/www.dutchnews.nl\/news\/2020\/09\/nofilterplease-anti-plastic-campaigners-pick-up-142000-cigarette-butts\/\" target=\"_blank\" rel=\"noopener noreferrer\"><em>#Nofilterplease: anti-plastic campaigners pick up 142,000 cigarette butts<\/em><\/a>, www.dutchnews.nl (7 septembre 2020 &#8211; consult\u00e9 le 7 septembre 2020).<\/p>\n<p><strong>Ces articles devraient \u00e9galement vous int\u00e9resser :<\/strong><\/p>\n<p>DNF,<em><a href=\"https:\/\/www.generationsanstabac.org\/actualites\/les-megots-du-pur-poison-pour-les-vegetaux\/\" target=\"_blank\" rel=\"noopener noreferrer\"> Les m\u00e9gots : du pur poison pour les v\u00e9g\u00e9taux<\/a><\/em>, G\u00e9n\u00e9ration sans tabac (8 juin 2020 &#8211; consult\u00e9 le 7 septembre 2020).<\/p>\n<p>CNCT, <a href=\"https:\/\/www.generationsanstabac.org\/actualites\/le-megots-gros-pollueur-des-mers-des-oceans\/\" target=\"_blank\" rel=\"noopener noreferrer\"><em>Les m\u00e9gots, gros pollueur des mers des oc\u00e9ans<\/em><\/a>, G\u00e9n\u00e9ration sans tabac (17 janvier 2020 &#8211; consult\u00e9 le 7 septembre 2020).<\/p>\n<p>DNF, <a href=\"https:\/\/www.generationsanstabac.org\/actualites\/les-megots-un-cout-important-pour-la-collectivite\/\" target=\"_blank\" rel=\"noopener noreferrer\"><em>Les m\u00e9gots, un co\u00fbt important pour la collectivit\u00e9<\/em><\/a>, G\u00e9n\u00e9ration sans tabac (27 d\u00e9cembre 2020 &#8211; consult\u00e9 le 7 septembre 2020).<\/p>\n<p><span style=\"color: #e8e8e8;\"><strong><a style=\"color: #e8e8e8;\" href=\"http:\/\/dnf.asso.fr\/\/\" target=\"_blank\" rel=\"noopener noreferrer\">DNF &#8211; Pour un Monde ZeroTabac |<\/a><\/strong><\/span><\/p>\n","protected":false},"excerpt":{"rendered":"<p>Les 5 et 6 septembre 2020, des militants anti plastique ont collect\u00e9 142\u202f000 m\u00e9gots de cigarette \u00e0 travers le pays. Un geste \u00e9cologique en m\u00eame temps qu\u2019un appel au gouvernement en place.<\/p>\n","protected":false},"featured_media":20037,"template":"","tags":[],"thematique":[480],"class_list":["post-20036","actualites","type-actualites","status-publish","has-post-thumbnail","hentry","thematique-environnement"],"acf":[],"_links":{"self":[{"href":"https:\/\/www.generationsanstabac.org\/fr\/wp-json\/wp\/v2\/actualites\/20036","targetHints":{"allow":["GET"]}}],"collection":[{"href":"https:\/\/www.generationsanstabac.org\/fr\/wp-json\/wp\/v2\/actualites"}],"about":[{"href":"https:\/\/www.generationsanstabac.org\/fr\/wp-json\/wp\/v2\/types\/actualites"}],"version-history":[{"count":0,"href":"https:\/\/www.generationsanstabac.org\/fr\/wp-json\/wp\/v2\/actualites\/20036\/revisions"}],"wp:featuredmedia":[{"embeddable":true,"href":"https:\/\/www.generationsanstabac.org\/fr\/wp-json\/wp\/v2\/media\/20037"}],"wp:attachment":[{"href":"https:\/\/www.generationsanstabac.org\/fr\/wp-json\/wp\/v2\/media?parent=20036"}],"wp:term":[{"taxonomy":"post_tag","embeddable":true,"href":"https:\/\/www.generationsanstabac.org\/fr\/wp-json\/wp\/v2\/tags?post=20036"},{"taxonomy":"thematique","embeddable":true,"href":"https:\/\/www.generationsanstabac.org\/fr\/wp-json\/wp\/v2\/thematique?post=20036"}],"curies":[{"name":"wp","href":"https:\/\/api.w.org\/{rel}","templated":true}]}}