{"id":20034,"date":"2020-09-16T13:08:47","date_gmt":"2020-09-16T11:08:47","guid":{"rendered":"https:\/\/www.generationsanstabac.org\/actualites\/nouveau-mexique-les-etudiants-fument-moins-mais-vapotent-plus\/"},"modified":"2020-09-16T13:08:47","modified_gmt":"2020-09-16T11:08:47","slug":"nouveau-mexique-les-etudiants-fument-moins-mais-vapotent-plus","status":"publish","type":"actualites","link":"https:\/\/www.generationsanstabac.org\/fr\/actualites\/nouveau-mexique-les-etudiants-fument-moins-mais-vapotent-plus\/","title":{"rendered":"Nouveau-Mexique\u202f: les \u00e9tudiants fument moins mais vapotent plus"},"content":{"rendered":"<p style=\"text-align: justify;\"><em>La bonne nouvelle\u202f: dans cet \u00e9tat, les \u00e9tudiants du secondaire consomment moins de cigarettes et de tabac \u00e0 chiquer. La mauvaise\u202f: le vapotage y est en forte augmentation. C\u2019est ce qu\u2019a r\u00e9v\u00e9l\u00e9 une \u00e9tude de 2019 men\u00e9e par le Minist\u00e8re de la sant\u00e9 du Nouveau-Mexique.<\/em><\/p>\n<h2>Des effets qui s\u2019annulent<\/h2>\n<p style=\"text-align: justify;\">L&rsquo;enqu\u00eate est due au DOH et au D\u00e9partement de l&rsquo;\u00e9ducation publique de l&rsquo;\u00c9tat. Elle est r\u00e9alis\u00e9e une fois tous les deux ans et la plus r\u00e9cente a pr\u00e9c\u00e9d\u00e9 une nouvelle loi d&rsquo;\u00c9tat adopt\u00e9e en 2020 pour interdire la vente de tous les produits du tabac \u00e0 toute personne de moins de 21 ans, a rappel\u00e9 Dan Green, \u00e9pid\u00e9miologiste du DOH. Elle montre que l\u2019usage global des produits de tabac a augment\u00e9 de 23 % depuis 2009 et que plus d\u2019un tiers des \u00e9l\u00e8ves du secondaire utilise du tabac sous plusiers formes (37,8 %). Pourtant, l&rsquo;utilisation de tous les produits du tabac autres que les cigarettes \u00e9lectroniques a diminu\u00e9. Ainsi, de 2011 \u00e0 2019, l\u2019utilisation du narguil\u00e9 a diminu\u00e9 de 59 %. Il semblerait donc que le recours au vapotage annule en quelque sorte la diminution de la consommation des autres produits de tabac.<\/p>\n<h2>Une pratique \u00e0 risques<\/h2>\n<p style=\"text-align: justify;\">Pourtant, comme le rappelle James Padilla, \u00e9pid\u00e9miologiste du DOH, le vapotage n\u2019est pas d\u00e9nu\u00e9 de dangers\u202f: \u00ab Nous nous inqui\u00e9tons de la d\u00e9pendance \u00e0 la nicotine, car de nombreux e-liquides contiennent de la nicotine, m\u00eame lorsque les gens pensent que ce n\u2019est pas le cas\u202f\u00bb. Il pr\u00e9cise en outre que le vapotage d\u00e9bute souvent lors d\u2019une p\u00e9riode de fragilit\u00e9 physique chez les jeunes\u202f: \u00ab\u202fla nicotine est dangereuse pour les femmes enceintes et les f\u0153tus, ainsi que pour les jeunes dont le cerveau est en d\u00e9veloppement. C&rsquo;est donc un moment important o\u00f9 vous ne voulez pas que les enfants et les jeunes adultes soient expos\u00e9s au pouvoir addictif de la nicotine.\u00a0\u00bb<\/p>\n<h2>Pr\u00e9venir la d\u00e9pendance<\/h2>\n<p style=\"text-align: justify;\">Autre risque du vapotage\u202f: qu\u2019il devienne une porte d\u2019entr\u00e9e vers la consommation de cigarettes, m\u00eame si les jeunes consid\u00e8rent globalement le vapotage comme plus sain. En effet, si les lyc\u00e9ens du Nouveau-Mexique semblent avoir cern\u00e9 les dangers de la cigarette, ceux du vapotage ne leur semblent pas encore \u00e9vidents. Cette r\u00e9putation plus \u00ab\u202fsaine\u202f\u00bb de la cigarette \u00e9lectronique, ajout\u00e9e \u00e0 l\u2019attrait de ses saveurs et \u00e0 son c\u00f4t\u00e9 technologique, expliquent en partie ce constat. Pour James Padilla, cela pourrait \u00e9galement \u00eatre d\u00fb \u00e0 la communication, somme toute r\u00e9cente sur le sujet, tandis que les mises en garde sur les m\u00e9faits de la cigarette classique sont en place depuis des d\u00e9cennies. D\u2019o\u00f9 l\u2019importance de maintenir et multiplier les missions de pr\u00e9vention, de sensibilisation, d\u2019information.<\/p>\n<h2>Un facteur social\u202f?<\/h2>\n<p style=\"text-align: justify;\">Enfin, il semblerait selon Green que \u00ab les enfants qui ont des liens \u00e9troits avec leur \u00e9cole, de bonnes relations avec leurs parents, leurs enseignants, leurs pairs et d&rsquo;autres personnes de la communaut\u00e9 qui se soucient d&rsquo;eux, sont beaucoup moins susceptibles de s&rsquo;engager dans des pratiques \u00e0 risque\u00bb. Une piste d\u00e9j\u00e0 \u00e9voqu\u00e9e et \u00e0 laquelle il conviendrait de consacrer de nouvelles \u00e9tudes.<\/p>\n<p>&nbsp;<\/p>\n<p><strong>Mots-cl\u00e9s : Vapotage, Jeunes, Nouveau-Mexique.<\/strong><\/p>\n<p>&nbsp;<\/p>\n<p><span style=\"color: #666699;\"><a style=\"color: #666699;\" href=\"https:\/\/www.generationsanstabac.org\/\">\u00a9G\u00e9n\u00e9ration Sans Tabac<\/a><\/span><\/p>\n<hr \/>\n<p>[1] <span class=\"FieldRange BCX2 SCXW265693284\"><span class=\"TextRun BCX2 SCXW265693284\" lang=\"EN-US\" xml_lang=\"EN-US\" data-contrast=\"none\"><span class=\"NormalTextRun BCX2 SCXW265693284\" data-ccp-charstyle=\"Hyperlink\">Rick Nathanson, <\/span><\/span><span class=\"TextRun BCX2 SCXW265693284\" lang=\"EN-US\" xml_lang=\"EN-US\" data-contrast=\"none\"><span class=\"NormalTextRun BCX2 SCXW265693284\" data-ccp-charstyle=\"Hyperlink\"><a href=\"https:\/\/www.abqjournal.com\/1477470\/high-school-students-smoking-less-vaping-more.html?utm_source=abqjournal.com&amp;utm_medium=sidebar+-+post+list+-+health&amp;utm_campaign=post+list\" target=\"_blank\" rel=\"noopener noreferrer\"><em>High school students smoking less, vaping more<\/em><\/a>, www.abqjournal.com, 19 juillet 2020 (consult\u00e9 le 20 juillet 2020).<\/span><\/span><\/span><\/p>\n<p><strong>Cet article pourrait \u00e9galement vous int\u00e9resser :<\/strong><\/p>\n<p>CNCT, <a href=\"https:\/\/www.generationsanstabac.org\/actualites\/la-desinformation-sur-le-tabac-et-les-produits-du-vapotage-explose-sur-youtube\/\" target=\"_blank\" rel=\"noopener noreferrer\"><em>La d\u00e9sinformation sur le tabac et les produits du vapotage explose sur YouTube<\/em><\/a>, G\u00e9n\u00e9ration sans tabac (11 mars 2020 &#8211; consult\u00e9 le 20 juillet 2020).<\/p>\n<p><span style=\"color: #e8e8e8;\"><strong><a style=\"color: #e8e8e8;\" href=\"http:\/\/dnf.asso.fr\/\/\" target=\"_blank\" rel=\"noopener noreferrer\">DNF &#8211; Pour un Monde ZeroTabac |<\/a><\/strong><\/span><\/p>\n","protected":false},"excerpt":{"rendered":"<p>La bonne nouvelle\u202f: dans cet \u00e9tat, les \u00e9tudiants du secondaire consomment moins de cigarettes et de tabac \u00e0 chiquer. La mauvaise\u202f: le vapotage y est en forte augmentation. C\u2019est ce qu\u2019a r\u00e9v\u00e9l\u00e9 une \u00e9tude de 2019 men\u00e9e par le Minist\u00e8re de la sant\u00e9 du Nouveau-Mexique.<\/p>\n","protected":false},"featured_media":20035,"template":"","tags":[],"thematique":[516,474],"class_list":["post-20034","actualites","type-actualites","status-publish","has-post-thumbnail","hentry","thematique-nouveaux-produits","thematique-sante"],"acf":[],"_links":{"self":[{"href":"https:\/\/www.generationsanstabac.org\/fr\/wp-json\/wp\/v2\/actualites\/20034","targetHints":{"allow":["GET"]}}],"collection":[{"href":"https:\/\/www.generationsanstabac.org\/fr\/wp-json\/wp\/v2\/actualites"}],"about":[{"href":"https:\/\/www.generationsanstabac.org\/fr\/wp-json\/wp\/v2\/types\/actualites"}],"version-history":[{"count":0,"href":"https:\/\/www.generationsanstabac.org\/fr\/wp-json\/wp\/v2\/actualites\/20034\/revisions"}],"wp:featuredmedia":[{"embeddable":true,"href":"https:\/\/www.generationsanstabac.org\/fr\/wp-json\/wp\/v2\/media\/20035"}],"wp:attachment":[{"href":"https:\/\/www.generationsanstabac.org\/fr\/wp-json\/wp\/v2\/media?parent=20034"}],"wp:term":[{"taxonomy":"post_tag","embeddable":true,"href":"https:\/\/www.generationsanstabac.org\/fr\/wp-json\/wp\/v2\/tags?post=20034"},{"taxonomy":"thematique","embeddable":true,"href":"https:\/\/www.generationsanstabac.org\/fr\/wp-json\/wp\/v2\/thematique?post=20034"}],"curies":[{"name":"wp","href":"https:\/\/api.w.org\/{rel}","templated":true}]}}