{"id":20030,"date":"2020-09-16T09:11:34","date_gmt":"2020-09-16T07:11:34","guid":{"rendered":"https:\/\/www.generationsanstabac.org\/actualites\/pakistan-culture-tabac\/"},"modified":"2020-09-16T09:11:34","modified_gmt":"2020-09-16T07:11:34","slug":"pakistan-culture-tabac","status":"publish","type":"actualites","link":"https:\/\/www.generationsanstabac.org\/fr\/actualites\/pakistan-culture-tabac\/","title":{"rendered":"Le tabac au Pakistan : une situation probl\u00e9matique"},"content":{"rendered":"<p style=\"text-align: justify;\"><em>Au Pakistan, les producteurs de tabac ont obtenu la suppression d\u2019une taxe, permettant de doper les exportations. Pr\u00e9sent\u00e9e comme un progr\u00e8s \u00e9conomique par ces premiers, cette d\u00e9cision souligne que les int\u00e9r\u00eats de la sant\u00e9 ne sont pas encore prioritaires sur la question du tabac<a href=\"#_ftn1\" name=\"_ftnref1\"><strong>[1]<\/strong><\/a>.  <\/em><\/p>\n<p style=\"text-align: justify;\">La d\u00e9cision du pr\u00e9sident de l\u2019Assembl\u00e9e nationale pakistanaise de supprimer une taxe anticip\u00e9e sur les feuilles de tabac a conduit \u00e0 une explosion des exportations. En effet, les quantit\u00e9s de tabac vendues \u00e0 l\u2019international  ont bondi  de 151,9% entre juillet 2019 et juillet 2020, passant de 268 tonnes \u00e0 675 tonnes. En valeur et sur la m\u00eame p\u00e9riode, cette hausse a \u00e9t\u00e9 estim\u00e9e \u00e0 137%, passant de 910 000 dollars \u00e0 2,17 millions.<\/p>\n<h3 style=\"text-align: justify;\"><strong>La proximit\u00e9 de l\u2019industrie et des cercles d\u00e9cisionnaires au Pakistan<br \/>\n<\/strong><\/h3>\n<p style=\"text-align: justify;\">Le retrait de la taxe anticip\u00e9e est survenue \u00e0 la suite d\u2019un travail de lobbying de la part des producteurs de tabac pakistanais aupr\u00e8s du pr\u00e9sident de l\u2019Assembl\u00e9e nationale, \u00e9galement chef du Comit\u00e9 sp\u00e9cial de l&rsquo;Assembl\u00e9e nationale sur les produits agricoles. La mission de ce dernier est d\u2019\u00e9laborer des politiques viables pour stimuler le secteur agricole ainsi que les revenus des agriculteurs.<\/p>\n<p style=\"text-align: justify;\">La d\u00e9l\u00e9gation d\u2019agriculteurs a notamment d\u00e9fendu cette mesure aupr\u00e8s du pr\u00e9sident de l\u2019Assembl\u00e9e nationale en soulignant la capacit\u00e9 de d\u00e9veloppement \u00e9conomique de la fili\u00e8re, \u00e0 m\u00eame de faire rentrer des devises \u00e9trang\u00e8res au Pakistan.<\/p>\n<h3 style=\"text-align: justify;\"><strong>Un axe de d\u00e9veloppement court-termiste <\/strong><\/h3>\n<p style=\"text-align: justify;\">Cette d\u00e9cision, bien qu\u2019elle puisse se concr\u00e9tiser \u00e0 court-terme par une hausse des revenus pour un certain nombre d\u2019exploitants, traduit un manque de vision en perspective sur la question du tabac. Celle-ci n\u2019est en effet appr\u00e9hend\u00e9e que par sa dimension \u00e9conomique, et non comme un enjeu de sant\u00e9 publique majeur et comme un obstacle au d\u00e9veloppement pour le pays. Le tabac est un facteur global de paup\u00e9risation et la culture du tabac, par les quantit\u00e9s de bois et de pesticides qu\u2019elle n\u00e9cessite, est un axe de d\u00e9veloppement non-durable \u00e0 l\u2019origine d\u2019une d\u00e9forestation massive, d\u2019une pollution des terres et des nappes phr\u00e9atiques, alors que le pays conna\u00eet d\u00e9j\u00e0 de graves probl\u00e8mes pour s\u2019approvisionner en eau potable.<\/p>\n<h3 style=\"text-align: justify;\"><strong>Poursuivre les efforts de lutte contre le tabagisme <\/strong><\/h3>\n<p style=\"text-align: justify;\">De leur c\u00f4t\u00e9, les organisations de sant\u00e9 publique appellent le gouvernement \u00e0 poursuivre les efforts en mati\u00e8re de lutte contre le tabagisme. Le directeur g\u00e9n\u00e9ral de la Fondation pour le d\u00e9veloppement humain, Azhar Saleem, a notamment d\u00e9clar\u00e9 que la consommation tabagique \u00e9tait en hausse dans le pays.<\/p>\n<p style=\"text-align: justify;\">Au Pakistan, plus de 163 000 personnes meurent chaque ann\u00e9e en raison du tabagisme. L\u2019\u00e9pid\u00e9mie industrielle se paye \u00e9galement au prix fort par les pouvoirs publics : le co\u00fbt annuel du tabagisme est \u00e9valu\u00e9 \u00e0 143,2 milliards de roupies, soit plus de 720 millions d\u2019euros.<\/p>\n<p style=\"text-align: justify;\"><strong>Mots cl\u00e9s : Pakistan, culture du tabac<br \/>\n<\/strong><\/p>\n<p style=\"text-align: justify;\"><a href=\"https:\/\/www.generationsanstabac.org\/\">\u00a9G\u00e9n\u00e9ration Sans Tabac<\/a><\/p>\n<hr \/>\n<p style=\"text-align: justify;\"><a href=\"#_ftnref1\" name=\"_ftn1\">[1]<\/a> <a href=\"https:\/\/www.dawn.com\/news\/1579740\/activists-urge-govt-to-increase-tax-on-tobacco-products\"><em>Activists urge govt to increase tax on tobacco products<\/em><\/a>, <a href=\"https:\/\/www.dawn.com\/authors\/397\/the-newspaper-s-staff-reporter\">The Newspaper&rsquo;s Staff Reporter<\/a>, 15 septembre 2020, consult\u00e9 le jour m\u00eame<\/p>\n<p style=\"text-align: justify;\"><strong><a href=\"http:\/\/www.cnct.fr\/\" target=\"_blank\" rel=\"noopener noreferrer\">Comit\u00e9 National Contre le Tabagisme |<\/a><\/strong><\/p>\n","protected":false},"excerpt":{"rendered":"<p>Au Pakistan, les producteurs de tabac ont obtenu la suppression d\u2019une taxe, permettant de doper les exportations. Pr\u00e9sent\u00e9e comme un progr\u00e8s \u00e9conomique par ces premiers, cette d\u00e9cision souligne que les int\u00e9r\u00eats de la sant\u00e9 ne sont pas encore prioritaires sur la question du tabac. <\/p>\n","protected":false},"featured_media":20031,"template":"","tags":[],"thematique":[499,474],"class_list":["post-20030","actualites","type-actualites","status-publish","has-post-thumbnail","hentry","thematique-lobby","thematique-sante"],"acf":[],"_links":{"self":[{"href":"https:\/\/www.generationsanstabac.org\/fr\/wp-json\/wp\/v2\/actualites\/20030","targetHints":{"allow":["GET"]}}],"collection":[{"href":"https:\/\/www.generationsanstabac.org\/fr\/wp-json\/wp\/v2\/actualites"}],"about":[{"href":"https:\/\/www.generationsanstabac.org\/fr\/wp-json\/wp\/v2\/types\/actualites"}],"version-history":[{"count":0,"href":"https:\/\/www.generationsanstabac.org\/fr\/wp-json\/wp\/v2\/actualites\/20030\/revisions"}],"wp:featuredmedia":[{"embeddable":true,"href":"https:\/\/www.generationsanstabac.org\/fr\/wp-json\/wp\/v2\/media\/20031"}],"wp:attachment":[{"href":"https:\/\/www.generationsanstabac.org\/fr\/wp-json\/wp\/v2\/media?parent=20030"}],"wp:term":[{"taxonomy":"post_tag","embeddable":true,"href":"https:\/\/www.generationsanstabac.org\/fr\/wp-json\/wp\/v2\/tags?post=20030"},{"taxonomy":"thematique","embeddable":true,"href":"https:\/\/www.generationsanstabac.org\/fr\/wp-json\/wp\/v2\/thematique?post=20030"}],"curies":[{"name":"wp","href":"https:\/\/api.w.org\/{rel}","templated":true}]}}