{"id":20028,"date":"2020-09-15T15:10:17","date_gmt":"2020-09-15T13:10:17","guid":{"rendered":"https:\/\/www.generationsanstabac.org\/actualites\/le-togo-recompense-pour-sa-lutte-contre-le-tabagisme\/"},"modified":"2020-09-15T15:10:17","modified_gmt":"2020-09-15T13:10:17","slug":"le-togo-recompense-pour-sa-lutte-contre-le-tabagisme","status":"publish","type":"actualites","link":"https:\/\/www.generationsanstabac.org\/fr\/actualites\/le-togo-recompense-pour-sa-lutte-contre-le-tabagisme\/","title":{"rendered":"Le Togo r\u00e9compens\u00e9 pour sa lutte contre le tabagisme"},"content":{"rendered":"<p>Chaque ann\u00e9e, l\u2019Organisation mondiale de la Sant\u00e9 (OMS) d\u00e9cerne un prix honorifique \u00e0 un pays, lors de la Journ\u00e9e mondiale sans tabac. Ce prix est attribu\u00e9 \u00e0 des personnalit\u00e9s ayant men\u00e9 des actions contre le tabagisme, dans le cadre de la Convention-cadre de l\u2019OMS. Cette ann\u00e9e, le Togo est mis \u00e0 l\u2019honneur.<\/p>\n<h2>Pour un Togo respectueux des mesures de lutte contre le tabac, en conformit\u00e9 avec la Convention-cadre<\/h2>\n<p style=\"text-align: justify;\">Le Professeur Vinyo Kumako, chef du Programme anti-tabac au minist\u00e8re de la Sant\u00e9 et de l\u2019Hygi\u00e8ne Publique, est la sixi\u00e8me personnalit\u00e9 africaine \u00e0 recevoir le prix honorifique de l\u2019OMS. Organis\u00e9e par le minist\u00e8re de la Sant\u00e9 et l\u2019OMS, la c\u00e9r\u00e9monie s\u2019est d\u00e9roul\u00e9e le 13 ao\u00fbt 2020. Le Togo a d\u00fb relever beaucoup de d\u00e9fis et mener diverses actions, durant plusieurs ann\u00e9es, pour \u00eatre en conformit\u00e9 avec la Convention-cadre :<\/p>\n<p style=\"text-align: justify;\">&#8211; En 2005, le Togo est l\u2019un des premiers pays \u00e0 ratifier la Convention-cadre de l\u2019OMS.<\/p>\n<p style=\"text-align: justify;\">&#8211; En 2010, le Togo cr\u00e9e une loi N\u00b02010-017 en rapport \u00e0 la production, \u00e0 la commercialisation, \u00e0 la consommation des cigarettes et autres produits d\u00e9riv\u00e9s du tabac. Cinq d\u00e9crets ont \u00e9t\u00e9 mis en application dont le d\u00e9cret N\u00b02012-046\/PR du 11 juillet 2012. Ce dernier concerne l\u2019interdiction de fumer dans les lieux publics.<\/p>\n<p style=\"text-align: justify;\">&#8211; En 2015, l\u2019OMS estime que les actions du Togo sont non concluantes et insuffisantes. Elles manquent de conformit\u00e9 \u00e0 la Convention-cadre pour la lutte anti-tabac (CCLAT). Le tabagisme est en recrudescence depuis deux ans. L\u2019OMS demande au Togo de mettre en \u0153uvre des avertissements sanitaires en illustrant les paquets de cigarettes et en cr\u00e9ant des zones 100 % sans tabac.<\/p>\n<p style=\"text-align: justify;\">&#8211; En 2018, le Togo adh\u00e8re au Protocole sur le commerce illicite du tabac.<\/p>\n<p style=\"text-align: justify;\">L\u2019obtention du prix honorifique de l\u2019OMS est donc une r\u00e9compense qui souligne tous les efforts du Togo dans sa lutte anti-tabac.<\/p>\n<h2>La Convention-cadre de l\u2019OMS : un cadre juridique international<\/h2>\n<p style=\"text-align: justify;\">Premier trait\u00e9 international, la Convention-cadre pose un nouveau cadre juridique pour une coop\u00e9ration internationale en termes de promotion de la sant\u00e9 publique et de la lutte anti-tabac. Elle a \u00e9t\u00e9 adopt\u00e9e par l\u2019Assembl\u00e9e mondiale de la Sant\u00e9 le 21 mai 2003. Elle est entr\u00e9e en vigueur le 27 f\u00e9vrier 2005. Une page historique s\u2019est ouverte dans l\u2019histoire des Nations-Unies, c\u2019est l\u2019un des trait\u00e9s qui a r\u00e9uni rapidement le plus grand nombre de pays pour la lutte anti-tabac.<\/p>\n<p style=\"text-align: justify;\">Le Protocole sur le commerce illicite du tabac enrichit l\u2019article 15 de la Convention-cadre de l\u2019OMS. Il a \u00e9t\u00e9 adopt\u00e9 par consensus le 12 novembre 2012. C\u2019est le premier Protocole \u00e0 la Convention pour la lutte contre le tabagisme. Il fonde un nouveau trait\u00e9 international. Il aborde les moyens de contrer le commerce illicite des produits du tabac qui permet l\u2019acc\u00e8s \u00e0 celui-ci \u00e0 moindre co\u00fbt et d\u2019\u00e9tendre ainsi ses ravages.<\/p>\n<p><span style=\"color: #666699;\"><a style=\"color: #666699;\" href=\"https:\/\/www.generationsanstabac.org\/\">\u00a9G\u00e9n\u00e9ration Sans Tabac<\/a><\/span><\/p>\n<hr \/>\n<p>[1] Togo First, <a href=\"https:\/\/www.togofirst.com\/fr\/sante\/1708-6055-lutte-contre-le-tabac-loms-met-le-togo-a-lhonneur-et-distingue-le-prof-vinyo-kumako\" target=\"_blank\" rel=\"noopener noreferrer\"><em>Lutte contre le tabac : l&rsquo;OMS met le Togo \u00e0 l&rsquo;honneur et distingue le Prof Vinyo Kumako<\/em><\/a>, www.togofirst.com (17 ao\u00fbt 2020 &#8211; consult\u00e9 le 10 septembre 2020).<\/p>\n<p>[2] OMS,<a href=\"https:\/\/www.who.int\/fctc\/protocol\/illicit_trade\/protocol-publication\/fr\/\" target=\"_blank\" rel=\"noopener noreferrer\"><em> Protocole pour \u00e9liminer le commerce illicite des produits du tabac<\/em><\/a>, www.who.int (consult\u00e9 le 10 septembre 2020).<\/p>\n<p>[3] OMS, <a href=\"https:\/\/www.who.int\/fctc\/about\/fr\/\" target=\"_blank\" rel=\"noopener noreferrer\"><em>\u00c0 propos de la Convention-cadre de l\u2019OMS pour la lutte antitabac<\/em><\/a>, www.who.int (consult\u00e9 le 10 septembre 2020).<\/p>\n<p>[4] OMS, <a href=\"https:\/\/www.who.int\/fctc\/WHO-FCTC-summary_jul-2018-fr.pdf?ua=1\" target=\"_blank\" rel=\"noopener noreferrer\"><em>La Convention-cadre de l\u2019OMS pour la lutte antitabac: pr\u00e9sentation g\u00e9n\u00e9rale<\/em><\/a>, www.who.int (consult\u00e9 le 10 septembre 2020).<\/p>\n<p><span style=\"color: #e8e8e8;\"><strong><a style=\"color: #e8e8e8;\" href=\"http:\/\/dnf.asso.fr\/\/\" target=\"_blank\" rel=\"noopener noreferrer\">DNF &#8211; Pour un Monde ZeroTabac |<\/a><\/strong><\/span><\/p>\n","protected":false},"excerpt":{"rendered":"<p>Chaque ann\u00e9e, l\u2019Organisation mondiale de la Sant\u00e9 (OMS) d\u00e9cerne un prix honorifique \u00e0 un pays, lors de la Journ\u00e9e mondiale sans tabac. Ce prix est attribu\u00e9 \u00e0 des personnalit\u00e9s ayant men\u00e9 des actions contre le tabagisme, dans le cadre de la Convention-cadre de l\u2019OMS. Cette ann\u00e9e, le Togo est mis \u00e0 l\u2019honneur.<\/p>\n","protected":false},"featured_media":20029,"template":"","tags":[],"thematique":[491],"class_list":["post-20028","actualites","type-actualites","status-publish","has-post-thumbnail","hentry","thematique-politiques-publiques"],"acf":[],"_links":{"self":[{"href":"https:\/\/www.generationsanstabac.org\/fr\/wp-json\/wp\/v2\/actualites\/20028","targetHints":{"allow":["GET"]}}],"collection":[{"href":"https:\/\/www.generationsanstabac.org\/fr\/wp-json\/wp\/v2\/actualites"}],"about":[{"href":"https:\/\/www.generationsanstabac.org\/fr\/wp-json\/wp\/v2\/types\/actualites"}],"version-history":[{"count":0,"href":"https:\/\/www.generationsanstabac.org\/fr\/wp-json\/wp\/v2\/actualites\/20028\/revisions"}],"wp:featuredmedia":[{"embeddable":true,"href":"https:\/\/www.generationsanstabac.org\/fr\/wp-json\/wp\/v2\/media\/20029"}],"wp:attachment":[{"href":"https:\/\/www.generationsanstabac.org\/fr\/wp-json\/wp\/v2\/media?parent=20028"}],"wp:term":[{"taxonomy":"post_tag","embeddable":true,"href":"https:\/\/www.generationsanstabac.org\/fr\/wp-json\/wp\/v2\/tags?post=20028"},{"taxonomy":"thematique","embeddable":true,"href":"https:\/\/www.generationsanstabac.org\/fr\/wp-json\/wp\/v2\/thematique?post=20028"}],"curies":[{"name":"wp","href":"https:\/\/api.w.org\/{rel}","templated":true}]}}