{"id":20026,"date":"2020-09-14T15:13:49","date_gmt":"2020-09-14T13:13:49","guid":{"rendered":"https:\/\/www.generationsanstabac.org\/actualites\/philip-morris-produrable-rse\/"},"modified":"2020-09-14T15:13:49","modified_gmt":"2020-09-14T13:13:49","slug":"philip-morris-produrable-rse","status":"publish","type":"actualites","link":"https:\/\/www.generationsanstabac.org\/fr\/actualites\/philip-morris-produrable-rse\/","title":{"rendered":"Philip Morris s\u2019invite au Salon Produrable"},"content":{"rendered":"<p style=\"text-align: justify;\"><em>Les 7 et 8 septembre s\u2019est tenu au Palais des Congr\u00e8s \u00e0 Paris le Salon Produrable<a href=\"#_ftn1\" name=\"_ftnref1\"><strong>[1]<\/strong><\/a>, organis\u00e9 en partenariat avec le Minist\u00e8re de la Transition Ecologique et Solidaire. Le cigarettier Philip Morris, leader mondial de la cigarette, \u00e9tait pr\u00e9sent pour faire la promotion de son \u00ab avenir sans fum\u00e9e \u00bb. <\/em><\/p>\n<p style=\"text-align: justify;\">L\u2019\u00e9v\u00e9nement se pr\u00e9sente comme \u00ab le plus grand rendez-vous europ\u00e9en des Acteurs et des Solutions de l&rsquo;Economie Durable \u00bb. Les organisateurs proposent une r\u00e9flexion sur le r\u00f4le et l\u2019engagement de l\u2019entreprise, d\u00e9crite comme le moteur d\u2019une transition vers un nouveau mod\u00e8le soci\u00e9tal, organis\u00e9 autour de trois mots d\u2019ordre : sobri\u00e9t\u00e9, solidarit\u00e9, prosp\u00e9rit\u00e9.<\/p>\n<h3 style=\"text-align: justify;\"><strong>Un bilan environnemental et humain d\u00e9sastreux<\/strong><\/h3>\n<p style=\"text-align: justify;\">La pr\u00e9sence de Philip Morris est \u00e0 ce titre surprenante. <a href=\"https:\/\/www.generationsanstabac.org\/article\/fiche-dinformations-environnement-et-tabac\/\">L\u2019impact environnemental du secteur du tabac<\/a> est particuli\u00e8rement lourd en mati\u00e8re d\u2019environnement. En effet, l\u2019activit\u00e9 de l\u2019industrie du tabac est directement responsable de 5% de la d\u00e9forestation mondiale. La culture du tabac, extr\u00eamement consommatrice en pesticides, participe activement \u00e0 la pollution des eaux, des sols, ainsi qu\u2019\u00e0 la r\u00e9duction de la biodiversit\u00e9. La composition plastique des filtres en font un probl\u00e8me environnemental majeur : les m\u00e9gots, particuli\u00e8rement toxiques, constituent 40% des d\u00e9chets de la mer M\u00e9diterran\u00e9e. L\u2019industrie est par ailleurs loin d\u2019\u00eatre un mod\u00e8le en termes de responsabilit\u00e9 sociale, en \u00e9tant une cause directe d\u2019analphab\u00e9tisme et de pauvret\u00e9 multig\u00e9n\u00e9rationnelle dans les pays \u00e0 faibles et moyens niveaux de revenus.<\/p>\n<h3 style=\"text-align: justify;\"><strong>Une op\u00e9ration publicitaire et de blanchiment moral<\/strong><\/h3>\n<p style=\"text-align: justify;\">Comme le souligne Milton Friedman, \u00ab la responsabilit\u00e9 sociale d\u2019une entreprise (RSE) vise \u00e0 accro\u00eetre ses profits \u00bb. Par ailleurs, la publicit\u00e9 directe ou indirecte pour les produits du tabac \u00e9tant interdite, le cigarettier instrumentalise la strat\u00e9gie RSE dans le but de redorer son image, ternie par des d\u00e9cennies de scandales sanitaires mondiaux. La RSE est du reste consid\u00e9r\u00e9e comme une forme de publicit\u00e9 indirecte par la Convention Cadre pour la lutte Antitabac de l\u2019OMS. De m\u00eame que la pr\u00e9sence d\u2019un fabricant de tabac \u00e0 un \u00e9v\u00e9nement organis\u00e9 en partenariat avec un minist\u00e8re est contraire aux obligations de ce m\u00eame trait\u00e9. Cette derni\u00e8re vise en effet, notamment, \u00e0 limiter au maximum les interactions entre pouvoirs publics et cigarettiers.<\/p>\n<p style=\"text-align: justify;\"><strong>Mots cl\u00e9s : Philip-Morris, Produrable, RSE<br \/>\n<\/strong><\/p>\n<p style=\"text-align: justify;\"><a href=\"https:\/\/www.generationsanstabac.org\/\">\u00a9G\u00e9n\u00e9ration Sans Tabac<\/a><\/p>\n<hr \/>\n<p style=\"text-align: justify;\"><a href=\"#_ftnref1\" name=\"_ftn1\">[1]<\/a> <em><a href=\"https:\/\/reporterre.net\/Au-Salon-Produrable-on-prone-l-ecologie-des-petits-pas\">Au Salon Produrable, on pr\u00f4ne l\u2019\u00e9cologie des petits pas, Reporterre<\/a><\/em>, 8 septembre 2020, consult\u00e9 le 14 octobre 2020<\/p>\n<p style=\"text-align: justify;\"><span style=\"color: #999999;\"><strong><a style=\"color: #999999;\" href=\"http:\/\/www.cnct.fr\/\" target=\"_blank\" rel=\"noopener noreferrer\">Comit\u00e9 National Contre le Tabagisme |<\/a><\/strong><\/span><\/p>\n","protected":false},"excerpt":{"rendered":"<p>Les 7 et 8 septembre s\u2019est tenu au Palais des Congr\u00e8s \u00e0 Paris le Salon Produrable, organis\u00e9 en partenariat avec le Minist\u00e8re de la Transition Ecologique et Solidaire. Le cigarettier Philip Morris, leader mondial de la cigarette, \u00e9tait pr\u00e9sent pour faire la promotion de son \u00ab avenir sans fum\u00e9e \u00bb.<\/p>\n","protected":false},"featured_media":20027,"template":"","tags":[],"thematique":[499,507],"class_list":["post-20026","actualites","type-actualites","status-publish","has-post-thumbnail","hentry","thematique-lobby","thematique-marketing-publicite"],"acf":[],"_links":{"self":[{"href":"https:\/\/www.generationsanstabac.org\/fr\/wp-json\/wp\/v2\/actualites\/20026","targetHints":{"allow":["GET"]}}],"collection":[{"href":"https:\/\/www.generationsanstabac.org\/fr\/wp-json\/wp\/v2\/actualites"}],"about":[{"href":"https:\/\/www.generationsanstabac.org\/fr\/wp-json\/wp\/v2\/types\/actualites"}],"version-history":[{"count":0,"href":"https:\/\/www.generationsanstabac.org\/fr\/wp-json\/wp\/v2\/actualites\/20026\/revisions"}],"wp:featuredmedia":[{"embeddable":true,"href":"https:\/\/www.generationsanstabac.org\/fr\/wp-json\/wp\/v2\/media\/20027"}],"wp:attachment":[{"href":"https:\/\/www.generationsanstabac.org\/fr\/wp-json\/wp\/v2\/media?parent=20026"}],"wp:term":[{"taxonomy":"post_tag","embeddable":true,"href":"https:\/\/www.generationsanstabac.org\/fr\/wp-json\/wp\/v2\/tags?post=20026"},{"taxonomy":"thematique","embeddable":true,"href":"https:\/\/www.generationsanstabac.org\/fr\/wp-json\/wp\/v2\/thematique?post=20026"}],"curies":[{"name":"wp","href":"https:\/\/api.w.org\/{rel}","templated":true}]}}