{"id":20021,"date":"2020-09-08T16:02:55","date_gmt":"2020-09-08T14:02:55","guid":{"rendered":"https:\/\/www.generationsanstabac.org\/actualites\/a-port-vendres-on-ne-fume-plus-devant-lecole\/"},"modified":"2020-09-08T16:02:55","modified_gmt":"2020-09-08T14:02:55","slug":"a-port-vendres-on-ne-fume-plus-devant-lecole","status":"publish","type":"actualites","link":"https:\/\/www.generationsanstabac.org\/fr\/actualites\/a-port-vendres-on-ne-fume-plus-devant-lecole\/","title":{"rendered":"\u00c0 Port-Vendres, on ne fume plus devant l\u2019\u00e9cole"},"content":{"rendered":"<p style=\"text-align: justify;\"><em>Dans cette commune des Pyr\u00e9n\u00e9es-Orientales (66), un arr\u00eat\u00e9 a \u00e9t\u00e9 pris par le maire afin de mettre en place d\u00e8s la rentr\u00e9e scolaire l\u2019interdiction de fumer devant les \u00e9coles primaire et maternelle.<\/em><\/p>\n<h2>Une mesure bien accept\u00e9e<\/h2>\n<p style=\"text-align: justify;\">Aux alentours de ces \u00e9coles de Port-Vendres, des panneaux ont \u00e9t\u00e9 r\u00e9cemment install\u00e9s afin d\u2019informer la population du nouvel arr\u00eat\u00e9. Fumer devant l\u2019\u00e9cole est d\u00e9sormais passible d\u2019une amende de 35 \u20ac, m\u00eame si le maire de Port-Vendres, Gr\u00e9gory Marty, esp\u00e8re bien ne pas avoir \u00e0 en arriver l\u00e0. Selon lui\u202f: \u00ab\u202fC&rsquo;est du bon sens pour lutter contre le tabagisme. Les entr\u00e9es des \u00e9coles ne sont clairement pas un lieu pour fumer\u202f\u00bb. La nouvelle a d\u2019ailleurs \u00e9t\u00e9 globalement bien accueillie, m\u00eame par les parents fumeurs.<\/p>\n<h2>Prot\u00e9ger les enfants du tabagisme passif<\/h2>\n<p style=\"text-align: justify;\">\u00ab\u202fIl y a toujours quelques opposants qui vont me traiter de dictateur, mais il en va de l&rsquo;int\u00e9r\u00eat de nos enfants\u202f\u00bb. Le tabagisme passif, s\u2019il est plus n\u00e9faste en milieu ferm\u00e9, n\u2019est en effet pas d\u00e9nu\u00e9 de cons\u00e9quences en milieu ouvert. Les dangers li\u00e9s \u00e0 cette exposition existent et les r\u00e9percussions sur la sant\u00e9 des plus jeunes sont clairement visibles\u202f: sympt\u00f4mes respiratoires fr\u00e9quents \u2013 toux, \u00e9ternuements et essoufflement \u2013, crises d\u2019asthme plus fr\u00e9quentes et plus s\u00e9v\u00e8res, infections respiratoires plus fr\u00e9quentes \u2013 otites, sinusites, bronchites et pneumonies \u2013, d\u00e9veloppement alt\u00e9r\u00e9 des poumons avec perte de capacit\u00e9 respiratoire jusqu\u2019\u00e0 l\u2019\u00e2ge adulte. On observe \u00e9galement un risque d\u2019ob\u00e9sit\u00e9 et la survenue de probl\u00e8mes cardiaques comme la fibrillation atriale. Dans le monde, plus de 60\u202f000\u202fenfants de moins de 5\u202fans d\u00e9c\u00e8dent chaque ann\u00e9e d\u2019infections des voies respiratoires inf\u00e9rieures dues au tabagisme passif.<\/p>\n<h2>Des initiatives locales<\/h2>\n<p style=\"text-align: justify;\">Si \u00e0 ce jour les lois relatives \u00e0 l\u2019interdiction de fumer en ext\u00e9rieur ne concernent que les espaces couverts, des d\u00e9cisions restent possibles au niveau local. En juillet 2017, la Ligue contre le cancer recensait ainsi 820 espaces sans tabac labellis\u00e9s (dont 53 plages) dans 282 communes et 27 d\u00e9partements.<\/p>\n<p><span style=\"color: #666699;\"><a style=\"color: #666699;\" href=\"https:\/\/www.generationsanstabac.org\/\">\u00a9G\u00e9n\u00e9ration Sans Tabac<\/a><\/span><\/p>\n<hr \/>\n<p>[1] S\u00e9bastien Berriot, <a href=\"https:\/\/www.francebleu.fr\/infos\/sante-sciences\/la-cigarette-interdite-desormais-devant-les-grilles-de-l-ecole-de-port-vendres-1599234845\" target=\"_blank\" rel=\"noopener noreferrer\"><em>La cigarette d\u00e9sormais interdite devant les grilles de l&rsquo;\u00e9cole de Port-Vendres<\/em><\/a>, www.francebleu.fr (6 septembre 2020 &#8211; consult\u00e9 le 7 septembre 2020).<\/p>\n<p>[2] CNCT, <a href=\"https:\/\/www.generationsanstabac.org\/actualites\/tabagisme-passif-et-maladies-respiratoires-de-lenfant\/\"><em>Tabagisme passif et maladies respiratoires de l\u2019enfant<\/em><\/a>, G\u00e9n\u00e9ration sans tabac (26 d\u00e9cembre 2019 &#8211; consult\u00e9 le 7 septembre 2020).<\/p>\n<p>[3] OMS, <a href=\"https:\/\/www.who.int\/fr\/news-room\/detail\/29-05-2019-who-highlights-huge-scale-of-tobacco-related-lung-disease-deaths\" target=\"_blank\" rel=\"noopener noreferrer\">L\u2019OMS attire l\u2019attention sur l\u2019ampleur des d\u00e9c\u00e8s imputables \u00e0 des maladies pulmonaires li\u00e9es au tabac<\/a>, www.who.int (29 mai 2020 &#8211; consult\u00e9 le 7 septembre 2020).<\/p>\n<p>[4] BIENVAULT Pierre, <a href=\"https:\/\/www.la-croix.com\/Sciences-et-ethique\/Sante\/villes-interdisent-fumer-lexterieur-2018-08-20-1200962889\" target=\"_blank\" rel=\"noopener noreferrer\"><em>Tabagisme : de plus en plus de villes interdisent de fumer \u00e0 l\u2019ext\u00e9rieur<\/em><\/a>, www.la-croix.com (20 ao\u00fbt 2018 &#8211; consult\u00e9 le 7 septembre 2020).<\/p>\n<p><strong>Ces articles pourraient \u00e9galement vous int\u00e9resser :<\/strong><\/p>\n<p>DNF, <a href=\"https:\/\/www.generationsanstabac.org\/actualites\/fribrillation-atriale-comment-le-tabagisme-passif-touche-coeur-enfants\/\" target=\"_blank\" rel=\"noopener noreferrer\"><em>Fibrillation atriale\u202f: comment le tabagisme passif touche aussi le c\u0153ur des enfants<\/em><\/a>, G\u00e9n\u00e9ration sans tabac (9 juin 2020 &#8211; consult\u00e9 le 7 septembre 2020).<br \/>\nDNF,<a href=\"https:\/\/www.generationsanstabac.org\/actualites\/exposition-au-tabagisme-obesite-infantile-liens-averes\/\" target=\"_blank\" rel=\"noopener noreferrer\"><em> Exposition au tabagisme et ob\u00e9sit\u00e9 infantile : des liens av\u00e9r\u00e9s<\/em><\/a>, G\u00e9n\u00e9ration sans tabac (2 juillet 2020 &#8211; consult\u00e9 le 7 septembre 2020).<\/p>\n<p><span style=\"color: #e8e8e8;\"><strong><a style=\"color: #e8e8e8;\" href=\"http:\/\/dnf.asso.fr\/\/\" target=\"_blank\" rel=\"noopener noreferrer\">DNF &#8211; Pour un Monde ZeroTabac |<\/a><\/strong><\/span><\/p>\n","protected":false},"excerpt":{"rendered":"<p>Dans cette commune des Pyr\u00e9n\u00e9es-Orientales (66), un arr\u00eat\u00e9 a \u00e9t\u00e9 pris par le maire afin de mettre en place d\u00e8s la rentr\u00e9e scolaire l\u2019interdiction de fumer devant les \u00e9coles primaire et maternelle.<\/p>\n","protected":false},"featured_media":20022,"template":"","tags":[],"thematique":[491,474],"class_list":["post-20021","actualites","type-actualites","status-publish","has-post-thumbnail","hentry","thematique-politiques-publiques","thematique-sante"],"acf":[],"_links":{"self":[{"href":"https:\/\/www.generationsanstabac.org\/fr\/wp-json\/wp\/v2\/actualites\/20021","targetHints":{"allow":["GET"]}}],"collection":[{"href":"https:\/\/www.generationsanstabac.org\/fr\/wp-json\/wp\/v2\/actualites"}],"about":[{"href":"https:\/\/www.generationsanstabac.org\/fr\/wp-json\/wp\/v2\/types\/actualites"}],"version-history":[{"count":0,"href":"https:\/\/www.generationsanstabac.org\/fr\/wp-json\/wp\/v2\/actualites\/20021\/revisions"}],"wp:featuredmedia":[{"embeddable":true,"href":"https:\/\/www.generationsanstabac.org\/fr\/wp-json\/wp\/v2\/media\/20022"}],"wp:attachment":[{"href":"https:\/\/www.generationsanstabac.org\/fr\/wp-json\/wp\/v2\/media?parent=20021"}],"wp:term":[{"taxonomy":"post_tag","embeddable":true,"href":"https:\/\/www.generationsanstabac.org\/fr\/wp-json\/wp\/v2\/tags?post=20021"},{"taxonomy":"thematique","embeddable":true,"href":"https:\/\/www.generationsanstabac.org\/fr\/wp-json\/wp\/v2\/thematique?post=20021"}],"curies":[{"name":"wp","href":"https:\/\/api.w.org\/{rel}","templated":true}]}}