{"id":20007,"date":"2020-09-01T08:07:53","date_gmt":"2020-09-01T06:07:53","guid":{"rendered":"https:\/\/www.generationsanstabac.org\/actualites\/impact-consommation-de-tabac-menages-pauvres-pakistan\/"},"modified":"2020-09-01T08:07:53","modified_gmt":"2020-09-01T06:07:53","slug":"impact-consommation-de-tabac-menages-pauvres-pakistan","status":"publish","type":"actualites","link":"https:\/\/www.generationsanstabac.org\/fr\/actualites\/impact-consommation-de-tabac-menages-pauvres-pakistan\/","title":{"rendered":"Etude. L&rsquo;impact de la consommation de tabac dans les m\u00e9nages pauvres du Pakistan"},"content":{"rendered":"<p style=\"text-align: justify;\"><em>Le Pakistan a des taux \u00e9lev\u00e9s de consommation de tabac et de maladies li\u00e9es au tabac. En outre, la consommation de tabac constitue une part importante des d\u00e9penses des m\u00e9nages. Des d\u00e9penses de tabac \u00e9lev\u00e9es entra\u00eenent une r\u00e9duction des d\u00e9penses pour d&rsquo;autres besoins essentiels des m\u00e9nages (logement, sant\u00e9, \u00e9ducation) et ont une incidence directe sur le bien-\u00eatre et la r\u00e9duction de la pauvret\u00e9.<\/em><\/p>\n<p style=\"text-align: justify;\">Une \u00e9tude<a href=\"#_ftn1\" name=\"_ftnref1\">[1]<\/a> men\u00e9e par le <a href=\"https:\/\/www.spdc.org.pk\/\">Centre des politiques sociales et de d\u00e9veloppement<\/a> du Pakistan analyse pour la premi\u00e8re dans ce pays l\u2019incidence des d\u00e9penses de tabac dans l\u2019affectation des ressources au sein des m\u00e9nages. L&rsquo;\u00e9tude s\u2019appuie sur les donn\u00e9es issues <a href=\"http:\/\/www.pbs.gov.pk\/content\/household-integrated-economic-survey-hies-2015-16#:~:text=The%20current%20round%20of%20the,level%20with%20urban%2Frural%20breakdown.\">des enqu\u00eates quantitatives de consommation des m\u00e9nages<\/a> au Pakistan de 2015-2016. Sur les 24 238 m\u00e9nages retenus pour l\u2019\u00e9tude, 13 403 ne consommait pas de tabac et disposait d\u2019un revenu mensuel de 34 284Rs (173<sup>e<\/sup>). Chez les consommateurs de tabac, 7 627 m\u00e9nages les plus pauvres disposaient d\u2019un revenu mensuel de 26 318Rs (132<sup>e<\/sup>).<\/p>\n<p style=\"text-align: justify;\"><strong>Principales conclusions de cette \u00e9tude<\/strong> :<\/p>\n<ul style=\"text-align: justify;\">\n<li>La consommation de tabac \u00e9tait associ\u00e9e \u00e0 des parts plus faibles du budget allou\u00e9 aux d\u00e9penses de sant\u00e9, d&rsquo;\u00e9ducation et de logement, en particulier pour les m\u00e9nages les plus pauvres. La non-consommation de tabac \u00e9tait associ\u00e9e jusqu\u2019\u00e0 80% de d\u00e9pense suppl\u00e9mentaire pour l\u2019\u00e9ducation.<\/li>\n<li>Les m\u00e9nages pauvres consommant du tabac alloue autant, voire l\u00e9g\u00e8rement plus de budget au tabac qu\u2019\u00e0 l\u2019\u00e9ducation ou \u00e0 la sant\u00e9.<\/li>\n<li>Une r\u00e9duction des d\u00e9penses de tabac entra\u00eene une augmentation des d\u00e9penses des m\u00e9nages en produits alimentaires de base, sant\u00e9, \u00e9ducation, logement, biens m\u00e9nagers durables ou encore loisirs.<\/li>\n<li>L\u2019analyse de simulations sugg\u00e8re qu\u2019une r\u00e9duction des d\u00e9penses de tabac de 50% en moyenne induirait une augmentation moyenne de 18 des d\u00e9penses en biens et services essentiels (sant\u00e9, \u00e9ducation, logement), biens de consommations durables et loisirs.<\/li>\n<\/ul>\n<p style=\"text-align: justify;\">Les r\u00e9sultats de cette \u00e9tude soulignent l&rsquo;importance des politiques de lutte antitabac au Pakistan pour r\u00e9duire la consommation de tabac et r\u00e9duire la pauvret\u00e9 dans le pays. Selon les auteurs, l\u2019int\u00e9gration des politiques de lutte contre le tabagisme sont parties int\u00e9grantes des politiques et programmes de r\u00e9duction de la pauvret\u00e9.<\/p>\n<p>&nbsp;<\/p>\n<p><strong>Mots cl\u00e9s : Tabac, pauvret\u00e9, Pakistan<\/strong><\/p>\n<p><span style=\"color: #800080;\"><a style=\"color: #800080;\" href=\"https:\/\/www.generationsanstabac.org\/\">\u00a9G\u00e9n\u00e9ration Sans Tabac<\/a><\/span><\/p>\n<hr \/>\n<p><a href=\"#_ftnref1\" name=\"_ftn1\">[1]<\/a> <a href=\"https:\/\/www.spdc.org.pk\/assets\/upload\/5f47591b30d3f-The%20Impact%20of%20Tobacco%20Use%20on%20Household%20Consumption%20Patterns%20in%20Pakistan-RR-2020.pdf\"><em>The Impact of Tobacco Use on Household Consumption Patterns in Pakistan<\/em><\/a>, Social Policy and Development Centre, 2020<\/p>\n<p><span style=\"color: #999999;\"><strong><a style=\"color: #999999;\" href=\"http:\/\/www.cnct.fr\/\" target=\"_blank\" rel=\"noopener noreferrer\">Comit\u00e9 National Contre le Tabagisme |<\/a><\/strong><\/span><\/p>\n","protected":false},"excerpt":{"rendered":"<p>Le Pakistan a des taux \u00e9lev\u00e9s de consommation de tabac et de maladies li\u00e9es au tabac. En outre, la consommation de tabac constitue une part importante des d\u00e9penses des m\u00e9nages. Des d\u00e9penses de tabac \u00e9lev\u00e9es entra\u00eenent une r\u00e9duction des d\u00e9penses pour d&rsquo;autres besoins essentiels des m\u00e9nages (logement, sant\u00e9, \u00e9ducation) et ont une incidence directe sur le bien-\u00eatre et la r\u00e9duction de la pauvret\u00e9.<\/p>\n","protected":false},"featured_media":19693,"template":"","tags":[],"thematique":[474],"class_list":["post-20007","actualites","type-actualites","status-publish","has-post-thumbnail","hentry","thematique-sante"],"acf":[],"_links":{"self":[{"href":"https:\/\/www.generationsanstabac.org\/fr\/wp-json\/wp\/v2\/actualites\/20007","targetHints":{"allow":["GET"]}}],"collection":[{"href":"https:\/\/www.generationsanstabac.org\/fr\/wp-json\/wp\/v2\/actualites"}],"about":[{"href":"https:\/\/www.generationsanstabac.org\/fr\/wp-json\/wp\/v2\/types\/actualites"}],"version-history":[{"count":0,"href":"https:\/\/www.generationsanstabac.org\/fr\/wp-json\/wp\/v2\/actualites\/20007\/revisions"}],"wp:featuredmedia":[{"embeddable":true,"href":"https:\/\/www.generationsanstabac.org\/fr\/wp-json\/wp\/v2\/media\/19693"}],"wp:attachment":[{"href":"https:\/\/www.generationsanstabac.org\/fr\/wp-json\/wp\/v2\/media?parent=20007"}],"wp:term":[{"taxonomy":"post_tag","embeddable":true,"href":"https:\/\/www.generationsanstabac.org\/fr\/wp-json\/wp\/v2\/tags?post=20007"},{"taxonomy":"thematique","embeddable":true,"href":"https:\/\/www.generationsanstabac.org\/fr\/wp-json\/wp\/v2\/thematique?post=20007"}],"curies":[{"name":"wp","href":"https:\/\/api.w.org\/{rel}","templated":true}]}}