{"id":20001,"date":"2020-08-27T09:37:12","date_gmt":"2020-08-27T07:37:12","guid":{"rendered":"https:\/\/www.generationsanstabac.org\/actualites\/royaume-uni-fumer-pourrait-etre-associe-a-un-risque-plus-eleve-dinfection-par-la-covid-19\/"},"modified":"2020-08-27T09:37:12","modified_gmt":"2020-08-27T07:37:12","slug":"royaume-uni-fumer-pourrait-etre-associe-a-un-risque-plus-eleve-dinfection-par-la-covid-19","status":"publish","type":"actualites","link":"https:\/\/www.generationsanstabac.org\/fr\/actualites\/royaume-uni-fumer-pourrait-etre-associe-a-un-risque-plus-eleve-dinfection-par-la-covid-19\/","title":{"rendered":"Royaume-Uni : fumer pourrait \u00eatre associ\u00e9 \u00e0 un risque plus \u00e9lev\u00e9 d\u2019infection par la covid 19"},"content":{"rendered":"<p style=\"text-align: justify;\"><em>Une \u00e9tude du \u00ab Department of Behavioural Science and Health, University College \u00bb de Londres montre que les fumeurs actuels ont un risque sup\u00e9rieur d\u2019\u00eatre infect\u00e9s par la covid 19 que les non-fumeurs, et que ce risque est plus \u00e9lev\u00e9 parmi les fumeurs appartenant aux classes socio-\u00e9conomiques d\u00e9favoris\u00e9es<a href=\"#_ftn1\" name=\"_ftnref1\"><strong>[1]<\/strong><\/a>.  De fa\u00e7on paradoxale, l\u2019observation par les fumeurs des recommandations sanitaires est plus faible que celle des non-fumeurs, alors qu\u2019ils craignent plus d\u2019\u00eatre infect\u00e9s par la covid 19 et plus s\u00e9rieusement malades.<\/em><\/p>\n<p style=\"text-align: justify;\"><strong>M\u00e9thode : <\/strong><\/p>\n<p style=\"text-align: justify;\">Cette \u00e9tude transversale r\u00e9alis\u00e9e \u00e0 partir du suivi longitudinal en ligne d\u2019une cohorte de 53 002 adultes (18 ans et plus, avec une bonne repr\u00e9sentation des diff\u00e9rents groupes socio-\u00e9conomiques du Royaume Uni) a port\u00e9 sur : la consommation de tabac, le statut socio-\u00e9conomique, l\u2019\u00e9tat de sant\u00e9, une infection COVID-19 confirm\u00e9e ou suspect\u00e9e, la crainte d\u2019\u00eatre infect\u00e9 par le virus Covid-19 et de pr\u00e9senter une forme grave, le respect des gestes de pr\u00e9vention, et une \u00e9ventuelle modification r\u00e9cente du tabagisme. S\u2019agissant d\u2019un \u00e9chantillon non-randomis\u00e9, les donn\u00e9es ont \u00e9t\u00e9 pond\u00e9r\u00e9es en fonction de l\u2019\u00e2ge, du sexe, l\u2019appartenance ethnique, le niveau d\u2019\u00e9ducation, et le lieu de r\u00e9sidence.<\/p>\n<p style=\"text-align: justify;\"><strong>R\u00e9sultats : <\/strong><\/p>\n<p style=\"text-align: justify;\">Globalement, la pr\u00e9valence d\u2019une infection confirm\u00e9e par la Covid-19 chez les ex-fumeurs n\u2019\u00e9tait pas diff\u00e9rente de celle des jamais-fumeurs, alors qu\u2019elle \u00e9tait multipli\u00e9e par 1,8 chez les fumeurs actuels. De plus, chez les fumeurs actuels ayant le plus faible statut socio-\u00e9conomique cette pr\u00e9valence \u00e9tait 3,5 fois plus \u00e9lev\u00e9e que chez les non-fumeurs.<\/p>\n<p style=\"text-align: justify;\">Les fumeurs actuels et les ex-fumeurs d\u00e9claraient plus fr\u00e9quemment \u00eatre stress\u00e9s \u00e0 l\u2019id\u00e9e de contracter la Covid-19 que les jamais-fumeurs (respectivement : x 1,34 et x 1,22). Cette crainte \u00e9tait plus \u00e9lev\u00e9e chez les fumeurs actuels ayant les plus faibles niveaux socio-\u00e9conomiques. De m\u00eame, la peur de d\u00e9velopper une forme grave de la maladie \u00e9tait davantage pr\u00e9sente chez les fumeurs actuels (environ 30%) que chez les jamais-fumeurs (environ 20%).<\/p>\n<p style=\"text-align: justify;\">Environ 96 % de l\u2019ensemble des personnes interrog\u00e9es d\u00e9claraient observer les mesures de protection contre la transmission du virus ; ce % \u00e9tait l\u00e9g\u00e8rement plus faible chez les fumeurs actuels, et en particulier parmi les fumeurs actuels non qualifi\u00e9s.<\/p>\n<p style=\"text-align: justify;\">Enfin, les modifications en lien avec la covid-19 de la consommation tabagique des fumeurs actuels \u00e9taient ind\u00e9pendantes de leur statut socio-\u00e9conomique : 44% n\u2019ayant pas modifi\u00e9 celle-ci, 42% l\u2019ayant augment\u00e9e, et 13% diminu\u00e9e.<\/p>\n<p style=\"text-align: justify;\"><strong>Conclusion : <\/strong><\/p>\n<p style=\"text-align: justify;\">Cette \u00e9tude sur une large \u00e9chelle ne confirme pas les observations pr\u00e9c\u00e9demment publi\u00e9es qui sugg\u00e9raient un taux d\u2019infection par la covid-19 plus faible chez les fumeurs actuels. D\u2019autres recherches sont donc n\u00e9cessaires avant de pouvoir conclure sur l\u2019existence d\u2019un \u00e9ventuel effet protecteur ou fragilisant du statut de fumeur sur le risque de contracter la covid-19.<\/p>\n<p><span style=\"color: #800080;\"><a style=\"color: #800080;\" href=\"https:\/\/www.generationsanstabac.org\/\">\u00a9G\u00e9n\u00e9ration Sans Tabac<\/a><\/span><\/p>\n<p>&nbsp;<\/p>\n<p><a href=\"#_ftnref1\" name=\"_ftn1\">[1]<\/a> Jackson, Sarah &amp; Brown, Jamie &amp; Shahab, Lion &amp; Steptoe, Andrew &amp; Fancourt, Daisy. (2020). <a href=\"https:\/\/tobaccocontrol.bmj.com\/content\/early\/2020\/08\/20\/tobaccocontrol-2020-055933\"><em>COVID-19, smoking and inequalities: a study of 53 002 adults in the UK.<\/em><\/a> Tobacco Control. tobaccocontrol-2020. 10.1136\/tobaccocontrol-2020-055933.<\/p>\n<p><span style=\"color: #999999;\"><strong><a style=\"color: #999999;\" href=\"http:\/\/www.cnct.fr\/\" target=\"_blank\" rel=\"noopener noreferrer\">Comit\u00e9 National Contre le Tabagisme |<\/a><\/strong><\/span><\/p>\n","protected":false},"excerpt":{"rendered":"<p>Une \u00e9tude du \u00ab Department of Behavioural Science and Health, University College \u00bb de Londres montre que les fumeurs actuels ont un risque sup\u00e9rieur d\u2019\u00eatre infect\u00e9s par la covid 19 que les non-fumeurs, et que ce risque est plus \u00e9lev\u00e9 parmi les fumeurs appartenant aux classes socio-\u00e9conomiques d\u00e9favoris\u00e9es.  <\/p>\n","protected":false},"featured_media":20002,"template":"","tags":[],"thematique":[474],"class_list":["post-20001","actualites","type-actualites","status-publish","has-post-thumbnail","hentry","thematique-sante"],"acf":[],"_links":{"self":[{"href":"https:\/\/www.generationsanstabac.org\/fr\/wp-json\/wp\/v2\/actualites\/20001","targetHints":{"allow":["GET"]}}],"collection":[{"href":"https:\/\/www.generationsanstabac.org\/fr\/wp-json\/wp\/v2\/actualites"}],"about":[{"href":"https:\/\/www.generationsanstabac.org\/fr\/wp-json\/wp\/v2\/types\/actualites"}],"version-history":[{"count":0,"href":"https:\/\/www.generationsanstabac.org\/fr\/wp-json\/wp\/v2\/actualites\/20001\/revisions"}],"wp:featuredmedia":[{"embeddable":true,"href":"https:\/\/www.generationsanstabac.org\/fr\/wp-json\/wp\/v2\/media\/20002"}],"wp:attachment":[{"href":"https:\/\/www.generationsanstabac.org\/fr\/wp-json\/wp\/v2\/media?parent=20001"}],"wp:term":[{"taxonomy":"post_tag","embeddable":true,"href":"https:\/\/www.generationsanstabac.org\/fr\/wp-json\/wp\/v2\/tags?post=20001"},{"taxonomy":"thematique","embeddable":true,"href":"https:\/\/www.generationsanstabac.org\/fr\/wp-json\/wp\/v2\/thematique?post=20001"}],"curies":[{"name":"wp","href":"https:\/\/api.w.org\/{rel}","templated":true}]}}