{"id":19999,"date":"2020-08-27T09:33:27","date_gmt":"2020-08-27T07:33:27","guid":{"rendered":"https:\/\/www.generationsanstabac.org\/actualites\/webinaire-surmonter-ingerence-industrie-du-tabac-odd\/"},"modified":"2020-08-27T09:33:27","modified_gmt":"2020-08-27T07:33:27","slug":"webinaire-surmonter-ingerence-industrie-du-tabac-odd","status":"publish","type":"actualites","link":"https:\/\/www.generationsanstabac.org\/fr\/actualites\/webinaire-surmonter-ingerence-industrie-du-tabac-odd\/","title":{"rendered":"Webinaire. Surmonter l&rsquo;ing\u00e9rence de l&rsquo;industrie du tabac pour atteindre les objectifs de d\u00e9veloppement durable"},"content":{"rendered":"<p style=\"text-align: justify;\">Le jeudi 10 septembre 2020, \u00e0 12h30 (heure de Paris), se tiendra un webinaire en anglais sur les <strong>solutions pour surmonter l\u2019interf\u00e9rence de l\u2019industrie du tabac pour atteindre les objectifs de d\u00e9veloppement durable (ODD).<\/strong> Ce webinaire est organis\u00e9 conjointement par le <a href=\"https:\/\/ggtc.world\/\">Global Center for Good Governance in Tobacco Control (GGTC)<\/a> et <a href=\"https:\/\/exposetobacco.org\/\">l\u2019organisme de surveillance STOP<\/a>.<\/p>\n<p style=\"text-align: justify;\">Le webinaire permettra d\u2019\u00e9changer sur de nouvelles opportunit\u00e9s pour favoriser la r\u00e9alisation des objectifs de d\u00e9veloppement durable. Sur la base de <a href=\"https:\/\/www.who.int\/fctc\/text_download\/fr\/\">la Convention-Cadre (CCLAT)<\/a> de l\u2019Organisation mondiale de la sant\u00e9 (OMS), il abordera \u00e9galement comment prot\u00e9ger les politiques publiques de l\u2019ing\u00e9rence du lobby du tabac.<\/p>\n<p style=\"text-align: justify;\">Les objectifs de d\u00e9veloppement durable des Nations Unies (ONU) sont inconciliables avec ceux de l\u2019industrie du tabac. Les produits de cette industrie continuent de tuer jusqu\u2019\u00e0 8 millions de personnes par an, et le commerce du tabac entra\u00eene une perte nette pour l\u2019\u00e9conomie mondiale. L&rsquo;industrie du tabac reste le plus grand obstacle \u00e0 l&rsquo;adoption de mesures essentielles pour r\u00e9duire la consommation de tabac dans le cadre de la CCLAT, dont la mise en \u0153uvre est inscrite dans <a href=\"https:\/\/www.un.org\/sustainabledevelopment\/fr\/health\/\">l\u2019objectif 3 des ODD.<\/a><\/p>\n<p style=\"text-align: justify;\"><img fetchpriority=\"high\" decoding=\"async\" class=\"aligncenter size-full wp-image-2630\" src=\"https:\/\/www.generationsanstabac.org\/wp-content\/uploads\/2024\/07\/odd-ingerence-industrie-tabac.png\" alt=\"odd-ingerence-industrie-tabac\" width=\"603\" height=\"440\" \/><\/p>\n<p style=\"text-align: justify;\">Des partenariats ou coop\u00e9ration nou\u00e9s entre l\u2019industrie du tabac et des acteurs politiques, de sant\u00e9 ou acteurs de la soci\u00e9t\u00e9 civile permettent \u00e0 l&rsquo;industrie du tabac de blanchir son image, de gagner en l\u00e9gitimit\u00e9 et en cr\u00e9dibilit\u00e9 pour influencer les politiques publiques et faire pr\u00e9valoir ses int\u00e9r\u00eats. De telles pratiques d\u00e9tournent \u00e9galement l\u2019attention des dommages majeurs caus\u00e9s \u00e0 la sant\u00e9 et au d\u00e9veloppement durable par celle-ci.<\/p>\n<p style=\"text-align: justify;\">Reconnaissant l&rsquo;importance de renforcer la mise en \u0153uvre de la CCLAT afin d&rsquo;atteindre les ODD et l&rsquo;ODD 3A en particulier, les d\u00e9fenseurs de la sant\u00e9 publique encouragent tous les acteurs \u00e0 refuser tout rapprochement avec l\u2019industrie et \u00e0 appliquer les mesures de protection des politiques publiques, conform\u00e9ment \u00e0 l&rsquo;article 5.3 de la CCLAT.<\/p>\n<p><strong>La date limite d&rsquo;inscription est le 7 septembre.<\/strong><\/p>\n<p>Pour s\u2019inscrire,<a href=\"https:\/\/docs.google.com\/forms\/d\/e\/1FAIpQLSeysKd-kwA-kC8sM2WOKOXwjtHDZXQwpmPuoFi4S15ocSR91g\/viewform\" target=\"_blank\" rel=\"noopener noreferrer\"> cliquez sur ce lien.<\/a><\/p>\n<p><strong>Mots cl\u00e9s : Webinaire, Ing\u00e9rence, Industrie du tabac, ODD<\/strong><\/p>\n<p><span style=\"color: #800080;\"><a style=\"color: #800080;\" href=\"https:\/\/www.generationsanstabac.org\/\">\u00a9G\u00e9n\u00e9ration Sans Tabac<\/a><\/span><\/p>\n<hr \/>\n<p><span style=\"color: #999999;\"><strong><a style=\"color: #999999;\" href=\"http:\/\/www.cnct.fr\/\" target=\"_blank\" rel=\"noopener noreferrer\">Comit\u00e9 National Contre le Tabagisme |<\/a><\/strong><\/span><\/p>\n","protected":false},"excerpt":{"rendered":"<p>Le jeudi 10 septembre 2020, \u00e0 12h30 (heure de Paris), se tiendra un webinaire en anglais sur les solutions pour surmonter l\u2019interf\u00e9rence de l\u2019industrie du tabac pour atteindre les objectifs de d\u00e9veloppement durable (ODD). Ce webinaire est organis\u00e9 conjointement par le Global Center for Good Governance in Tobacco Control (GGTC) et l\u2019organisme de surveillance STOP.<\/p>\n","protected":false},"featured_media":15333,"template":"","tags":[],"thematique":[499],"class_list":["post-19999","actualites","type-actualites","status-publish","has-post-thumbnail","hentry","thematique-lobby"],"acf":[],"_links":{"self":[{"href":"https:\/\/www.generationsanstabac.org\/fr\/wp-json\/wp\/v2\/actualites\/19999","targetHints":{"allow":["GET"]}}],"collection":[{"href":"https:\/\/www.generationsanstabac.org\/fr\/wp-json\/wp\/v2\/actualites"}],"about":[{"href":"https:\/\/www.generationsanstabac.org\/fr\/wp-json\/wp\/v2\/types\/actualites"}],"version-history":[{"count":0,"href":"https:\/\/www.generationsanstabac.org\/fr\/wp-json\/wp\/v2\/actualites\/19999\/revisions"}],"wp:featuredmedia":[{"embeddable":true,"href":"https:\/\/www.generationsanstabac.org\/fr\/wp-json\/wp\/v2\/media\/15333"}],"wp:attachment":[{"href":"https:\/\/www.generationsanstabac.org\/fr\/wp-json\/wp\/v2\/media?parent=19999"}],"wp:term":[{"taxonomy":"post_tag","embeddable":true,"href":"https:\/\/www.generationsanstabac.org\/fr\/wp-json\/wp\/v2\/tags?post=19999"},{"taxonomy":"thematique","embeddable":true,"href":"https:\/\/www.generationsanstabac.org\/fr\/wp-json\/wp\/v2\/thematique?post=19999"}],"curies":[{"name":"wp","href":"https:\/\/api.w.org\/{rel}","templated":true}]}}