{"id":19996,"date":"2020-08-26T09:33:36","date_gmt":"2020-08-26T07:33:36","guid":{"rendered":"https:\/\/www.generationsanstabac.org\/actualites\/lobby-sante-publique-pays-bas\/"},"modified":"2020-08-26T09:33:36","modified_gmt":"2020-08-26T07:33:36","slug":"lobby-sante-publique-pays-bas","status":"publish","type":"actualites","link":"https:\/\/www.generationsanstabac.org\/fr\/actualites\/lobby-sante-publique-pays-bas\/","title":{"rendered":"Pays-Bas. Le lobby du tabac mine les politiques de sant\u00e9"},"content":{"rendered":"<p style=\"text-align: justify;\"><em>Aux Pays-Bas, le lobby du tabac a r\u00e9ussi \u00e0 vider d\u2019une partie de sa substance l\u2019accord national portant sur la sant\u00e9 publique. Les efforts de lobbying d\u00e9ploy\u00e9s par les cigarettier conduisent notamment \u00e0 retarder et \u00e0 alt\u00e8rer la mise en application de mesures antitabac \u00e9prouv\u00e9es<a href=\"#_ftn1\" name=\"_ftnref1\"><strong>[1]<\/strong><\/a>. <\/em><\/p>\n<p style=\"text-align: justify;\">L\u2019accord, datant de 2018, s\u2019engageait dans une d\u00e9marche de sant\u00e9 publique ambitieuse et visait \u00e0 r\u00e9duire le taux de fumeurs \u00e0 5% \u00e0 l\u2019horizon 2040. Pour ce faire, un certain nombre de mesures avaient \u00e9t\u00e9s d\u00e9cid\u00e9es, comme l\u2019augmentation r\u00e9guli\u00e8re du prix du tabac, avec comme objectif de franchir la barre symbolique du paquet \u00e0 dix euros d\u2019ici 2023.<\/p>\n<p style=\"text-align: justify;\"><strong>Objectif de l\u2019industrie du tabac : gagner du temps <\/strong><\/p>\n<p style=\"text-align: justify;\">Toutefois, sous l\u2019influence des lobbyistes du tabac, cette hausse automatique des taxes a \u00e9t\u00e9 remplac\u00e9e par un engagement \u00e0 mener une \u00e9valuation de l\u2019impact du prix actuel sur la consommation (8 euros). En r\u00e9alit\u00e9, les effets des hausses de taxes r\u00e9p\u00e9t\u00e9es sur la consommation sont largement document\u00e9s, et sont la mesure la plus efficace pour r\u00e9duire la pr\u00e9valence tabagique au sein d\u2019une population, \u00e0 commencer par les cat\u00e9gories sociales les plus pr\u00e9caires. Cette disposition d\u2019\u00e9valuation appara\u00eet ainsi comme une strat\u00e9gie pour retarder la mise en application de mesures allant \u00e0 l\u2019encontre des int\u00e9r\u00eats de l\u2019industrie du tabac.<\/p>\n<p style=\"text-align: justify;\"><strong>La n\u00e9cessit\u00e9 de se prot\u00e9ger de l\u2019interf\u00e9rence des cigarettiers <\/strong><\/p>\n<p style=\"text-align: justify;\">De cette fa\u00e7on, les Pays-Bas, Partie de la Convention-Cadre de l\u2019Organisation Mondiale de la Sant\u00e9 pour la Lutte Antitabac, sont en inad\u00e9quation avec les obligations g\u00e9n\u00e9rales de ce trait\u00e9 de l\u2019OMS : faire pr\u00e9valoir les consid\u00e9rations sanitaires dans toute politique publique relative au tabac et prot\u00e9ger les politiques publiques du lobby du tabac. Selon les principes directeurs du trait\u00e9, ceci passe par limiter au maximum et dans la plus grande transparence les interactions entre les pouvoirs publics et les cigarettiers. Cette situation d\u00e9montre que le secteur du tabac continue d\u2019adopter des strat\u00e9gies pr\u00e9datrices \u00e0 l\u2019encontre des Etats et des populations, incompatibles avec l\u2019\u00e9laboration de politiques publiques durables.<\/p>\n<p style=\"text-align: justify;\"><strong>Mots cl\u00e9s : Pays-Bas, Sant\u00e9 Publique, Lobby<\/strong><\/p>\n<p style=\"text-align: justify;\"><span style=\"color: #800080;\"><a style=\"color: #800080;\" href=\"https:\/\/www.generationsanstabac.org\/\">\u00a9G\u00e9n\u00e9ration Sans Tabac<\/a><\/span><\/p>\n<hr \/>\n<p style=\"text-align: justify;\"><a href=\"#_ftnref1\" name=\"_ftn1\">[1]<\/a> <a href=\"https:\/\/www.dutchnews.nl\/news\/2020\/08\/tobacco-lobby-influenced-ministers-won-possible-delay-in-cigarette-price-rise-ftm\/\"><em>Tobacco lobby influenced ministers, won possible delay in cigarette price rise: FTM<\/em><\/a>, Dutch News, 24\/08\/2020, (consult\u00e9 le 26\/08\/2020)<\/p>\n<p style=\"text-align: justify;\"><span style=\"color: #999999;\"><strong><a style=\"color: #999999;\" href=\"http:\/\/www.cnct.fr\/\" target=\"_blank\" rel=\"noopener noreferrer\">Comit\u00e9 National Contre le Tabagisme |<\/a><\/strong><\/span><\/p>\n<p style=\"text-align: justify;\">\n","protected":false},"excerpt":{"rendered":"<p>Aux Pays-Bas, le lobby du tabac a r\u00e9ussi \u00e0 vider d\u2019une partie de sa substance l\u2019accord national portant sur la sant\u00e9 publique. Les efforts de lobbying d\u00e9ploy\u00e9s par les cigarettier conduisent notamment \u00e0 retarder et \u00e0 alt\u00e8rer la mise en application de mesures antitabac \u00e9prouv\u00e9es.<\/p>\n","protected":false},"featured_media":15330,"template":"","tags":[],"thematique":[499,474],"class_list":["post-19996","actualites","type-actualites","status-publish","has-post-thumbnail","hentry","thematique-lobby","thematique-sante"],"acf":[],"_links":{"self":[{"href":"https:\/\/www.generationsanstabac.org\/fr\/wp-json\/wp\/v2\/actualites\/19996","targetHints":{"allow":["GET"]}}],"collection":[{"href":"https:\/\/www.generationsanstabac.org\/fr\/wp-json\/wp\/v2\/actualites"}],"about":[{"href":"https:\/\/www.generationsanstabac.org\/fr\/wp-json\/wp\/v2\/types\/actualites"}],"version-history":[{"count":0,"href":"https:\/\/www.generationsanstabac.org\/fr\/wp-json\/wp\/v2\/actualites\/19996\/revisions"}],"wp:featuredmedia":[{"embeddable":true,"href":"https:\/\/www.generationsanstabac.org\/fr\/wp-json\/wp\/v2\/media\/15330"}],"wp:attachment":[{"href":"https:\/\/www.generationsanstabac.org\/fr\/wp-json\/wp\/v2\/media?parent=19996"}],"wp:term":[{"taxonomy":"post_tag","embeddable":true,"href":"https:\/\/www.generationsanstabac.org\/fr\/wp-json\/wp\/v2\/tags?post=19996"},{"taxonomy":"thematique","embeddable":true,"href":"https:\/\/www.generationsanstabac.org\/fr\/wp-json\/wp\/v2\/thematique?post=19996"}],"curies":[{"name":"wp","href":"https:\/\/api.w.org\/{rel}","templated":true}]}}