{"id":19994,"date":"2020-08-25T13:04:48","date_gmt":"2020-08-25T11:04:48","guid":{"rendered":"https:\/\/www.generationsanstabac.org\/actualites\/megots-environnement-opportunite-communication-cigarettiers\/"},"modified":"2020-08-25T13:04:48","modified_gmt":"2020-08-25T11:04:48","slug":"megots-environnement-opportunite-communication-cigarettiers","status":"publish","type":"actualites","link":"https:\/\/www.generationsanstabac.org\/fr\/actualites\/megots-environnement-opportunite-communication-cigarettiers\/","title":{"rendered":"M\u00e9gots et environnement : une opportunit\u00e9 de communication pour les cigarettiers"},"content":{"rendered":"<p style=\"text-align: justify;\"><em>Dans le cadre le la loi pour une Economie Circulaire et contre le gaspillage, l\u2019Assembl\u00e9e nationale avait vot\u00e9, fin 2019, l\u2019instauration de fili\u00e8res REP (Responsabilit\u00e9 Elargie du Producteur). Cette disposition, qui exige de l\u2019industrie du tabac de participer, y compris financi\u00e8rement, \u00e0 la r\u00e9duction des d\u00e9chets, est vue par les cigarettiers comme une opportunit\u00e9 de communication. <\/em><\/p>\n<p style=\"text-align: justify;\">British American Tobacco (BAT), la Seita, Philip Morris et Japan Tobacco, ont ainsi cr\u00e9\u00e9 le collectif Mission M\u00e9gots, officiellement destin\u00e9 \u00e0 mener des campagnes de sensibilisation, de financement d\u2019actions ponctuelles de collectivit\u00e9s locales (nettoyage de plages, distribution de cendriers portables), voire une aide au nettoiement de la voirie.<\/p>\n<h3 style=\"text-align: justify;\"><strong>Objectif : r\u00e9int\u00e9grer la table des n\u00e9gociations<\/strong><\/h3>\n<p style=\"text-align: justify;\">Dans un communiqu\u00e9 datant du 3 ao\u00fbt 2020, le collectif explicite davantage sa d\u00e9marche, en faisant de l\u2019industrie du tabac \u00ab <em>une fili\u00e8re engag\u00e9e qui place la concertation au c\u0153ur de sa d\u00e9marche<\/em> \u00bb. En particulier, le collectif annonce vouloir pr\u00e9parer d\u2019 \u00ab <em>\u00e9ventuels partenariats nationaux et locaux<a href=\"#_ftn1\" name=\"_ftnref1\"><strong>[1]<\/strong><\/a><\/em> \u00bb. Cette op\u00e9ration t\u00e9moigne de la capacit\u00e9 de l\u2019industrie du tabac \u00e0 faire de chaque obstacle une opportunit\u00e9 de communication : alors que le principe du pollueur-payeur vise simplement \u00e0 faire participer les compagnies \u00e0 prendre en charge une partie des d\u00e9g\u00e2ts que leur activit\u00e9 occasionne, l\u2019industrie du tabac, une des plus polluantes au monde, cherche \u00e0 passer, aux yeux de l\u2019opinion publique, pour une fili\u00e8re responsable, l\u00e9gitime pour participer \u00e0 l\u2019\u00e9laboration de politiques publiques. Or la Convention-Cadre de l\u2019OMS pour la Lutte AntiTabac exclut formellement cette possibilit\u00e9<a href=\"#_ftn2\" name=\"_ftnref2\">[2]<\/a> et la l\u00e9gislation fran\u00e7aise interdit explicitement \u00e0 l\u2019industrie du tabac ce type de partenariats.<\/p>\n<h3 style=\"text-align: justify;\"><strong>Le filtre, un non-sens sanitaire et \u00e9cologique<\/strong><\/h3>\n<p style=\"text-align: justify;\">On peut d\u2019autant plus douter de l\u2019engagement de l\u2019industrie dans l\u2019\u00e9cologie que la question des m\u00e9gots appara\u00eet comme un probl\u00e8me environnemental majeur, organis\u00e9 par les cigarettiers eux-m\u00eames. Le filtre, en effet, est une invention de l\u2019industrie du tabac, destin\u00e9e \u00e0 faire croire qu\u2019il permet une r\u00e9duction de la nocivit\u00e9 de la cigarette<a href=\"#_ftn3\" name=\"_ftnref3\">[3]<\/a>. En r\u00e9alit\u00e9, il permet au fumeur de prendre de plus grandes bouff\u00e9es, plus profondes et plus prolong\u00e9es, augmentant la nocivit\u00e9 et l\u2019addiction au tabac. Ainsi, le filtre n\u2019ayant aucune justification sanitaire, une avanc\u00e9e environnementale n\u00e9cessiterait sa suppression.<\/p>\n<p style=\"text-align: justify;\"><span style=\"color: #800080;\"><a style=\"color: #800080;\" href=\"https:\/\/www.generationsanstabac.org\/\">\u00a9G\u00e9n\u00e9ration Sans Tabac<\/a><\/span><\/p>\n<p style=\"text-align: justify;\"><a href=\"#_ftnref1\" name=\"_ftn1\">[1]<\/a> <a href=\"http:\/\/www.lemondedutabac.com\/megots-la-mission-megots-se-prepare-a-la-mise-en-place-de-leco-organisme\/\"><em>M\u00e9gots : la Mission M\u00e9gots se pr\u00e9pare \u00e0 la mise en place de l\u2019\u00e9co-organisme<\/em><\/a>, Le Monde du Tabac, 3 ao\u00fbt 2020, (consult\u00e9 le 25\/08\/2020)<\/p>\n<p style=\"text-align: justify;\"><a href=\"#_ftnref2\" name=\"_ftn2\">[2]<\/a> <a href=\"https:\/\/apps.who.int\/iris\/bitstream\/handle\/10665\/42812\/9242591017.pdf;jsessionid=842418FDE93245F2D13540209F08304A?sequence=1\"><em>Convention Cadre de l\u2019Organisation Mondiale de la Sant\u00e9 pour la Lutte Antitabac, Texte Int\u00e9gral, Fran\u00e7ais<\/em><\/a><\/p>\n<p style=\"text-align: justify;\"><a href=\"#_ftnref3\" name=\"_ftn3\">[3]<\/a> <a href=\"https:\/\/www.spiegel.de\/wissenschaft\/zigarettenfilter-sind-ein-globales-umweltproblem-die-kippenflut-a-00000000-0002-0001-0000-000167093505\">Was tun gegen die Kippen? <\/a>\u00bb, Der Spiegel, 22 novembre 2019, (consult\u00e9 le 25\/08\/2020)<\/p>\n<p style=\"text-align: justify;\"><strong>Mots cl\u00e9s : M\u00e9gots, environnement<\/strong><\/p>\n<p style=\"text-align: justify;\"><span style=\"color: #999999;\"><strong><a style=\"color: #999999;\" href=\"http:\/\/www.cnct.fr\/\" target=\"_blank\" rel=\"noopener noreferrer\">Comit\u00e9 National Contre le Tabagisme |<\/a><\/strong><\/span><\/p>\n","protected":false},"excerpt":{"rendered":"<p>Dans le cadre le la loi pour une Economie Circulaire et contre le gaspillage, l\u2019Assembl\u00e9e nationale avait vot\u00e9, fin 2019, l\u2019instauration de fili\u00e8res REP (Responsabilit\u00e9 Elargie du Producteur). Cette disposition, qui exige de l\u2019industrie du tabac de participer, y compris financi\u00e8rement, \u00e0 la r\u00e9duction des d\u00e9chets, est vue par les cigarettiers comme une opportunit\u00e9 de communication.<\/p>\n","protected":false},"featured_media":19995,"template":"","tags":[],"thematique":[480,507],"class_list":["post-19994","actualites","type-actualites","status-publish","has-post-thumbnail","hentry","thematique-environnement","thematique-marketing-publicite"],"acf":[],"_links":{"self":[{"href":"https:\/\/www.generationsanstabac.org\/fr\/wp-json\/wp\/v2\/actualites\/19994","targetHints":{"allow":["GET"]}}],"collection":[{"href":"https:\/\/www.generationsanstabac.org\/fr\/wp-json\/wp\/v2\/actualites"}],"about":[{"href":"https:\/\/www.generationsanstabac.org\/fr\/wp-json\/wp\/v2\/types\/actualites"}],"version-history":[{"count":0,"href":"https:\/\/www.generationsanstabac.org\/fr\/wp-json\/wp\/v2\/actualites\/19994\/revisions"}],"wp:featuredmedia":[{"embeddable":true,"href":"https:\/\/www.generationsanstabac.org\/fr\/wp-json\/wp\/v2\/media\/19995"}],"wp:attachment":[{"href":"https:\/\/www.generationsanstabac.org\/fr\/wp-json\/wp\/v2\/media?parent=19994"}],"wp:term":[{"taxonomy":"post_tag","embeddable":true,"href":"https:\/\/www.generationsanstabac.org\/fr\/wp-json\/wp\/v2\/tags?post=19994"},{"taxonomy":"thematique","embeddable":true,"href":"https:\/\/www.generationsanstabac.org\/fr\/wp-json\/wp\/v2\/thematique?post=19994"}],"curies":[{"name":"wp","href":"https:\/\/api.w.org\/{rel}","templated":true}]}}