{"id":19969,"date":"2020-08-03T14:20:16","date_gmt":"2020-08-03T12:20:16","guid":{"rendered":"https:\/\/www.generationsanstabac.org\/actualites\/nigeria-rejet-du-projet-de-lindustrie-du-tabac-sur-les-alternatives-aux-cigarettes\/"},"modified":"2020-08-03T14:20:16","modified_gmt":"2020-08-03T12:20:16","slug":"nigeria-rejet-du-projet-de-lindustrie-du-tabac-sur-les-alternatives-aux-cigarettes","status":"publish","type":"actualites","link":"https:\/\/www.generationsanstabac.org\/fr\/actualites\/nigeria-rejet-du-projet-de-lindustrie-du-tabac-sur-les-alternatives-aux-cigarettes\/","title":{"rendered":"Nig\u00e9ria : Rejet du projet de l\u2019industrie du tabac sur les alternatives aux cigarettes"},"content":{"rendered":"<p style=\"text-align: justify;\"><em>La soci\u00e9t\u00e9 civile et les groupes de sant\u00e9 publique sous l&rsquo;\u00e9gide de la <\/em><a href=\"https:\/\/ntcang.org\/\" target=\"_blank\" rel=\"noopener noreferrer\"><em>Nigeria Tobacco Control Alliance<\/em><\/a><em> (NTCA) se sont oppos\u00e9s au \u00ab projet de politique sur le tabac conventionnel et les alternatives non combustibles au tabagisme \u00bb avanc\u00e9 par l&rsquo;industrie du tabac.<\/em><\/p>\n<p style=\"text-align: justify;\">Selon la NTCA, la proposition de l&rsquo;industrie du tabac, actuellement examin\u00e9e par le minist\u00e8re f\u00e9d\u00e9ral de l&rsquo;Industrie, du Commerce et des Investissements, vise \u00e0 d\u00e9velopper un cadre r\u00e9glementaire pour encourager les fumeurs \u00e0 passer des cigarettes conventionnelles aux produits du tabac chauff\u00e9s. La NTCA et des groupes de sant\u00e9 publique exhortent le minist\u00e8re de rejeter la proposition et les faux discours de l\u2019industrie du tabac qui sont utilis\u00e9s pour la justifier.<\/p>\n<p style=\"text-align: justify;\">La NTCA, dans une lettre adress\u00e9e au ministre Niyi Adebayo, dat\u00e9e du 28 juillet, a d\u00e9clar\u00e9 que le projet de politique de l&rsquo;industrie du tabac contrevient \u00e0 <a href=\"https:\/\/www.tobaccocontrollaws.org\/files\/live\/Nigeria\/Nigeria%20-%20TCA%20-%20national.pdf\" target=\"_blank\" rel=\"noopener noreferrer\">la loi de 2015 sur le contr\u00f4le national du tabac<\/a> , <a href=\"https:\/\/www.tobaccocontrollaws.org\/files\/live\/Nigeria\/Nigeria%20-%202019%20Regulations%20-%20national.pdf\" target=\"_blank\" rel=\"noopener noreferrer\">aux r\u00e8glements nationaux de contr\u00f4le du tabac de 2019<\/a>, mais aussi \u00e0 la <a href=\"https:\/\/www.who.int\/fctc\/text_download\/fr\/\" target=\"_blank\" rel=\"noopener noreferrer\">Convention-cadre<\/a> de l&rsquo;Organisation mondiale de la sant\u00e9 pour la lutte antitabac (CCLAT) que le Nig\u00e9ria a ratifi\u00e9e en 2005.<\/p>\n<p style=\"text-align: justify;\">Dans la lettre intitul\u00e9e \u00ab tentatives de l&rsquo;industrie du tabac pour cr\u00e9er une crise constitutionnelle au Nig\u00e9ria et les probl\u00e8mes de sant\u00e9 publique qui en d\u00e9coulent \u00bb, sign\u00e9e par le pr\u00e9sident du conseil d&rsquo;administration de la NTCA, Akinbode Oluwafemi, l\u2019organisme a fait r\u00e9f\u00e9rence \u00e0 la section 1(m) de la loi nationale sur le contr\u00f4le du tabac. Cette loi oblige le Nig\u00e9ria, au titre de l&rsquo;article 5.3 de la CCLAT, \u00e0 veiller \u00e0 ce que les politiques de lutte antitabac soient mises en \u0153uvre au-del\u00e0 de tout int\u00e9r\u00eat contraire des int\u00e9r\u00eats commerciaux de l&rsquo;industrie du tabac.<\/p>\n<p style=\"text-align: justify;\">L\u2019association a insist\u00e9 sur le fait que les fausses all\u00e9gations de l&rsquo;industrie du tabac sur les alternatives au tabac traditionnel ont \u00e9t\u00e9 d\u00e9mystifi\u00e9es par l&rsquo;OMS, qui a r\u00e9p\u00e9t\u00e9 \u00e0 plusieurs reprises que les produits du tabac chauff\u00e9s sont nocifs.<\/p>\n<p style=\"text-align: justify;\">La NTCA appelle le ministre \u00e0 noter que la Food and Drug Administration (FDA) des \u00c9tats-Unis a ni\u00e9 l&rsquo;affirmation de Philip Morris selon laquelle le passage des cigarettes combustibles \u00e0 la marque de produits du tabac chauff\u00e9 de la soci\u00e9t\u00e9, IQOS, r\u00e9duirait le risque de maladie. <a href=\"https:\/\/tobaccoatlas.org\/country\/nigeria\/\" target=\"_blank\" rel=\"noopener noreferrer\">Tobacco Atlas<\/a> rappelle qu\u2019environ  16 000 Nig\u00e9rians meurent chaque ann\u00e9e de causes li\u00e9es au tabac.<\/p>\n<p style=\"text-align: justify;\"><a href=\"https:\/\/www.premiumtimesng.com\/news\/more-news\/405753-reject-tobacco-industry-sponsored-draft-policy-on-cigarettes-alternatives-groups-urge-minister-of-industry.html\" target=\"_blank\" rel=\"noopener noreferrer\">Article traduit et adapt\u00e9 du Premium Times<\/a><\/p>\n<p style=\"text-align: justify;\"><strong>Mots cl\u00e9s : Nig\u00e9ria, tabac chauff\u00e9, ing\u00e9rence, industrie du tabac<\/strong><\/p>\n<p><span style=\"color: #800080;\"><a style=\"color: #800080;\" href=\"https:\/\/www.generationsanstabac.org\/\">\u00a9G\u00e9n\u00e9ration Sans Tabac<\/a><\/span><\/p>\n<hr \/>\n<p><span style=\"color: #999999;\"><strong><a style=\"color: #999999;\" href=\"http:\/\/www.cnct.fr\/\" target=\"_blank\" rel=\"noopener noreferrer\">Comit\u00e9 National Contre le Tabagisme |<\/a><\/strong><\/span><\/p>\n","protected":false},"excerpt":{"rendered":"<p>La soci\u00e9t\u00e9 civile et les groupes de sant\u00e9 publique sous l&rsquo;\u00e9gide de la Nigeria Tobacco Control Alliance (NTCA) se sont oppos\u00e9s au \u00ab projet de politique sur le tabac conventionnel et les alternatives non combustibles au tabagisme \u00bb avanc\u00e9 par l&rsquo;industrie du tabac.<\/p>\n","protected":false},"featured_media":19923,"template":"","tags":[],"thematique":[499,516],"class_list":["post-19969","actualites","type-actualites","status-publish","has-post-thumbnail","hentry","thematique-lobby","thematique-nouveaux-produits"],"acf":[],"_links":{"self":[{"href":"https:\/\/www.generationsanstabac.org\/fr\/wp-json\/wp\/v2\/actualites\/19969","targetHints":{"allow":["GET"]}}],"collection":[{"href":"https:\/\/www.generationsanstabac.org\/fr\/wp-json\/wp\/v2\/actualites"}],"about":[{"href":"https:\/\/www.generationsanstabac.org\/fr\/wp-json\/wp\/v2\/types\/actualites"}],"version-history":[{"count":0,"href":"https:\/\/www.generationsanstabac.org\/fr\/wp-json\/wp\/v2\/actualites\/19969\/revisions"}],"wp:featuredmedia":[{"embeddable":true,"href":"https:\/\/www.generationsanstabac.org\/fr\/wp-json\/wp\/v2\/media\/19923"}],"wp:attachment":[{"href":"https:\/\/www.generationsanstabac.org\/fr\/wp-json\/wp\/v2\/media?parent=19969"}],"wp:term":[{"taxonomy":"post_tag","embeddable":true,"href":"https:\/\/www.generationsanstabac.org\/fr\/wp-json\/wp\/v2\/tags?post=19969"},{"taxonomy":"thematique","embeddable":true,"href":"https:\/\/www.generationsanstabac.org\/fr\/wp-json\/wp\/v2\/thematique?post=19969"}],"curies":[{"name":"wp","href":"https:\/\/api.w.org\/{rel}","templated":true}]}}