{"id":19960,"date":"2020-07-27T18:37:45","date_gmt":"2020-07-27T16:37:45","guid":{"rendered":"https:\/\/www.generationsanstabac.org\/actualites\/a-edmonton-fin-du-narguile-dans-les-espaces-clos\/"},"modified":"2020-07-27T18:37:45","modified_gmt":"2020-07-27T16:37:45","slug":"a-edmonton-fin-du-narguile-dans-les-espaces-clos","status":"publish","type":"actualites","link":"https:\/\/www.generationsanstabac.org\/fr\/actualites\/a-edmonton-fin-du-narguile-dans-les-espaces-clos\/","title":{"rendered":"A Edmonton, fin du narguil\u00e9 dans les espaces clos"},"content":{"rendered":"<p style=\"text-align: justify;\"><em>Longtemps consid\u00e9r\u00e9e comme presque inoffensive, la chicha est d\u00e9sormais reconnue \u00e0 sa juste dangerosit\u00e9. Son attractivit\u00e9 pour les plus jeunes en est encore plus pr\u00e9occupante. Edmonton en a r\u00e9cemment interdit l\u2019usage dans les lieux clos accueillant du public<\/em>.<\/p>\n<p style=\"text-align: justify;\">Apr\u00e8s la ville d\u2019Amherstburg c\u2019est \u00e0 Edmonton, au Canada, d\u2019interdire la consommation de narguil\u00e9 &#8211; ou chicha &#8211; dans les espaces clos accueillant du public. L&rsquo;objectif poursuivi n\u2019est autre que la multiplication d\u2019espaces int\u00e9rieurs accueillant du public sans tabac afin, non seulement de permettre de prot\u00e9ger la sant\u00e9, mais \u00e9galement de d\u00e9normaliser l\u2019usage des produits du tabac, et notamment des nouveaux produits.<\/p>\n<h2>L\u2019interdiction de la chicha, une urgence sanitaire<\/h2>\n<p style=\"text-align: justify;\">Depuis le 1er juillet\u202f2020, Edmonton interdit toute consommation de chicha dans les lieux clos accueillant du public avec pour double objectif d\u2019en r\u00e9duire la consommation et d\u2019\u00e9viter l\u2019exposition \u00e0 la fum\u00e9e.<\/p>\n<p style=\"text-align: justify;\">En effet, fumer la chicha pendant une heure revient \u00e0 fumer l\u2019\u00e9quivalent de 100 cigarettes. En outre, il serait plus dangereux d\u2019\u00eatre expos\u00e9 \u00e0 la fum\u00e9e de chicha qu\u2019\u00e0 celle de cigarette car pour le m\u00eame temps, la chicha produit environ 125 fois plus de fum\u00e9e que la cigarette. Au m\u00eame titre que la fum\u00e9e de cigarette, la fum\u00e9e de chicha se compose de milliers de substances dont certaines sont toxiques et peuvent induire des pathologies. Ainsi, une s\u00e9ance de chicha lib\u00e8re 25 fois plus de goudron et 10 fois plus de monoxyde de carbone qu\u2019une cigarette.<\/p>\n<p style=\"text-align: justify;\">De plus, l\u2019utilisation du narguil\u00e9 en groupe \u2013 comme il est commun de le faire \u2013 suppose de partager la m\u00eame pipe \u00e0 eau. Hormis le risque de contracter des maladies infectieuses comme l\u2019\u00e9closion d\u2019influenza, la tuberculose, l\u2019herp\u00e8s, le contexte actuel accentue \u00e9galement le risque de contracter la Covid-19.<\/p>\n<h2>Le conseil municipal privil\u00e9gie la protection de la sant\u00e9 au travail<\/h2>\n<p style=\"text-align: justify;\">Selon la Ville, l\u2019objectif de la d\u00e9marche est d&rsquo;assurer \u00e0 tous un espace clos d\u00e9pourvu de fum\u00e9e dangereuse pour la sant\u00e9. En cas de non-respect du r\u00e8glement, les entreprises encourent une amende pouvant aller de 500\u202f$ jusqu\u2019\u00e0 la perte de leur licence d\u2019exploitation. Les individus, quant \u00e0 eux, s&rsquo;exposent \u00e0 250\u202f$ d&rsquo;amende.<\/p>\n<p style=\"text-align: justify;\">Pour aller plus loin, Action on Smoking &amp; Health (ASH) demande au gouvernement de l\u2019Alberta de voir plus grand et d&rsquo;uniformiser cette mesure \u00e0 l\u2019\u00e9chelle de la province pour prot\u00e9ger les citoyens et tout particuli\u00e8rement les travailleurs de l\u2019exposition au tabagisme passif sur leur lieu de travail.<\/p>\n<p>&nbsp;<\/p>\n<p><span style=\"color: #666699;\"><a style=\"color: #666699;\" href=\"https:\/\/www.generationsanstabac.org\/\">\u00a9G\u00e9n\u00e9ration Sans Tabac<\/a><\/span><\/p>\n<hr \/>\n<p>[1] KADJO Danielle,<a href=\"https:\/\/ici.radio-canada.ca\/nouvelle\/1716465\/chicha-narguile-interdiction-edmonton-bars-salon-tabagisme\" target=\"_blank\" rel=\"noopener noreferrer\"><em> Fini le narguil\u00e9 dans les lieux publics \u00e0 Edmonton ou jusqu&rsquo;\u00e0 500 $ d\u2019amende<\/em><\/a>, ICI Alberta (2 juillet 2020 &#8211; consult\u00e9 le 6 juillet 2020).<\/p>\n<p><span style=\"color: #e8e8e8;\"><strong><a style=\"color: #e8e8e8;\" href=\"http:\/\/dnf.asso.fr\/\/\" target=\"_blank\" rel=\"noopener noreferrer\">DNF &#8211; Pour un Monde ZeroTabac | AMK<\/a><\/strong><\/span><\/p>\n","protected":false},"excerpt":{"rendered":"<p>Longtemps consid\u00e9r\u00e9e comme presque inoffensive, la chicha est d\u00e9sormais reconnue \u00e0 sa juste dangerosit\u00e9. Son attractivit\u00e9 pour les plus jeunes en est encore plus pr\u00e9occupante. Edmonton en a r\u00e9cemment interdit l\u2019usage dans les lieux clos accueillant du public.<\/p>\n","protected":false},"featured_media":19789,"template":"","tags":[],"thematique":[474],"class_list":["post-19960","actualites","type-actualites","status-publish","has-post-thumbnail","hentry","thematique-sante"],"acf":[],"_links":{"self":[{"href":"https:\/\/www.generationsanstabac.org\/fr\/wp-json\/wp\/v2\/actualites\/19960","targetHints":{"allow":["GET"]}}],"collection":[{"href":"https:\/\/www.generationsanstabac.org\/fr\/wp-json\/wp\/v2\/actualites"}],"about":[{"href":"https:\/\/www.generationsanstabac.org\/fr\/wp-json\/wp\/v2\/types\/actualites"}],"version-history":[{"count":0,"href":"https:\/\/www.generationsanstabac.org\/fr\/wp-json\/wp\/v2\/actualites\/19960\/revisions"}],"wp:featuredmedia":[{"embeddable":true,"href":"https:\/\/www.generationsanstabac.org\/fr\/wp-json\/wp\/v2\/media\/19789"}],"wp:attachment":[{"href":"https:\/\/www.generationsanstabac.org\/fr\/wp-json\/wp\/v2\/media?parent=19960"}],"wp:term":[{"taxonomy":"post_tag","embeddable":true,"href":"https:\/\/www.generationsanstabac.org\/fr\/wp-json\/wp\/v2\/tags?post=19960"},{"taxonomy":"thematique","embeddable":true,"href":"https:\/\/www.generationsanstabac.org\/fr\/wp-json\/wp\/v2\/thematique?post=19960"}],"curies":[{"name":"wp","href":"https:\/\/api.w.org\/{rel}","templated":true}]}}