{"id":19957,"date":"2020-07-24T13:23:27","date_gmt":"2020-07-24T11:23:27","guid":{"rendered":"https:\/\/www.generationsanstabac.org\/actualites\/inscriptions-au-webinaire-sur-la-responsabilite-de-lindustrie-du-tabac-face-a-la-covid-19\/"},"modified":"2020-07-24T13:23:27","modified_gmt":"2020-07-24T11:23:27","slug":"inscriptions-au-webinaire-sur-la-responsabilite-de-lindustrie-du-tabac-face-a-la-covid-19","status":"publish","type":"actualites","link":"https:\/\/www.generationsanstabac.org\/fr\/actualites\/inscriptions-au-webinaire-sur-la-responsabilite-de-lindustrie-du-tabac-face-a-la-covid-19\/","title":{"rendered":"Inscriptions au webinaire sur la responsabilit\u00e9 de l\u2019industrie du tabac face \u00e0 la COVID-19"},"content":{"rendered":"<p style=\"text-align: justify;\">Mercredi 29 juillet 2020 se tiendra \u00e0 14h30 (heure de Paris) un webinaire sur la question de la responsabilit\u00e9 de l\u2019industrie du tabac dans sa r\u00e9ponse face \u00e0 l\u2019\u00e9pid\u00e9mie de coronavirus. Cet \u00e9v\u00e9nement est organis\u00e9 en partenariat avec le secr\u00e9tariat de la Convention Cadre de l\u2019Organisation Mondiale de la Sant\u00e9 pour la Lutte Antitabac (CCLAT), le Global Center for Good Governance in Tobacco Control (GGTC), ainsi que la Stopping Tobacco Organizations and Products (STOP).<\/p>\n<p style=\"text-align: justify;\">Ce webinaire, en anglais, abordera notamment deux th\u00e8mes : comment les gouvernements peuvent s\u2019appuyer sur les trait\u00e9s pour r\u00e9duire les co\u00fbts associ\u00e9s au tabagisme et les solutions possibles pour financer une solution \u00e0 la pand\u00e9mie.<\/p>\n<p style=\"text-align: justify;\">Le webinaire b\u00e9n\u00e9ficiera de la participation de :<\/p>\n<ul style=\"text-align: justify;\">\n<li><em>Mary Assunta, de la plateforme de coordination, centre de ressources de la CCLAT pour l\u2019article 5.3<a href=\"#_ftn1\" name=\"_ftnref1\"><strong>[1]<\/strong><\/a><a href=\"#_ftn2\" name=\"_ftnref2\"><strong>[2]<\/strong><\/a>;  <\/em><\/li>\n<li><em>Douglas Bettcher, directeur de l\u2019OMS du d\u00e9partement des maladies non-transmissibles ;<\/em><\/li>\n<li><em>Yoni Dekker, en charge de la lutte contre le commerce illicite des produits du tabac et de la mise en \u0153uvre du protocole au secr\u00e9tariat de la CCLAT ;<\/em><\/li>\n<li><em>Davi Bressler, du bureau du procureur g\u00e9n\u00e9ral de la R\u00e9publique F\u00e9d\u00e9rale du Br\u00e9sil ; <\/em><\/li>\n<li><em>Chris Bostic, de Action on Smoking and Health (ASH), USA ;<\/em><\/li>\n<li><em>Yussuf Saloojee, expert dans le contr\u00f4le du tabac en Afrique du Sud ;<\/em><\/li>\n<li><em>Deborah Sy, du Global Center for Good Governance in Tobacco Control (GGTC) ;<\/em><\/li>\n<li><em>Patricia Lambert, directrice de l\u2019International Legal Consortium, Campaign for Tobacco-Free Kids (CTFK) ;<\/em><\/li>\n<li><em>Michel Legendre, Directeur associ\u00e9 de l\u2019organisation Corporate Accountability sur la Responsabilit\u00e9 des Entreprises. <\/em><\/li>\n<\/ul>\n<p style=\"text-align: justify;\">Pour s\u2019inscrire, veuillez <a href=\"https:\/\/forms.gle\/yfaGzWrSmhRsS7Bo6\">cliquer sur ce lien<\/a>.<\/p>\n<p><span style=\"color: #800080;\"><a style=\"color: #800080;\" href=\"https:\/\/www.generationsanstabac.org\/\">\u00a9G\u00e9n\u00e9ration Sans Tabac<\/a><\/span><\/p>\n<hr \/>\n<p style=\"text-align: justify;\"><a href=\"#_ftnref1\" name=\"_ftn1\">[1]<\/a> <a href=\"https:\/\/www.generationsanstabac.org\/application-de-la-cclat-par-les-parties\/\">https:\/\/www.generationsanstabac.org\/application-de-la-cclat-par-les-parties\/<\/a><\/p>\n<p style=\"text-align: justify;\"><a href=\"#_ftnref2\" name=\"_ftn2\">[2]<\/a> L\u2019article 5.3 de la CCLAT concerne la protection des politiques publiques \u00e0 l\u2019\u00e9gard de l\u2019interf\u00e9rence de l\u2019industrie du tabac<\/p>\n<p><span style=\"color: #999999;\"><strong><a style=\"color: #999999;\" href=\"http:\/\/www.cnct.fr\/\" target=\"_blank\" rel=\"noopener noreferrer\">\u00a9Comit\u00e9 National Contre le Tabagisme |<\/a><\/strong><\/span><\/p>\n","protected":false},"excerpt":{"rendered":"<p>Mercredi 29 juillet 2020 se tiendra \u00e0 14h30 (heure de Paris) un webinaire sur la question de la responsabilit\u00e9 de l\u2019industrie du tabac dans sa r\u00e9ponse face \u00e0 l\u2019\u00e9pid\u00e9mie de coronavirus. Cet \u00e9v\u00e9nement est organis\u00e9 en partenariat avec le secr\u00e9tariat de la Convention Cadre de l\u2019Organisation Mondiale de la Sant\u00e9 pour la Lutte Antitabac (CCLAT), le Global Center for Good Governance in Tobacco Control (GGTC), ainsi que la Stopping Tobacco Organizations and Products (STOP).<\/p>\n","protected":false},"featured_media":10054,"template":"","tags":[],"thematique":[474],"class_list":["post-19957","actualites","type-actualites","status-publish","has-post-thumbnail","hentry","thematique-sante"],"acf":[],"_links":{"self":[{"href":"https:\/\/www.generationsanstabac.org\/fr\/wp-json\/wp\/v2\/actualites\/19957","targetHints":{"allow":["GET"]}}],"collection":[{"href":"https:\/\/www.generationsanstabac.org\/fr\/wp-json\/wp\/v2\/actualites"}],"about":[{"href":"https:\/\/www.generationsanstabac.org\/fr\/wp-json\/wp\/v2\/types\/actualites"}],"version-history":[{"count":0,"href":"https:\/\/www.generationsanstabac.org\/fr\/wp-json\/wp\/v2\/actualites\/19957\/revisions"}],"wp:featuredmedia":[{"embeddable":true,"href":"https:\/\/www.generationsanstabac.org\/fr\/wp-json\/wp\/v2\/media\/10054"}],"wp:attachment":[{"href":"https:\/\/www.generationsanstabac.org\/fr\/wp-json\/wp\/v2\/media?parent=19957"}],"wp:term":[{"taxonomy":"post_tag","embeddable":true,"href":"https:\/\/www.generationsanstabac.org\/fr\/wp-json\/wp\/v2\/tags?post=19957"},{"taxonomy":"thematique","embeddable":true,"href":"https:\/\/www.generationsanstabac.org\/fr\/wp-json\/wp\/v2\/thematique?post=19957"}],"curies":[{"name":"wp","href":"https:\/\/api.w.org\/{rel}","templated":true}]}}