{"id":19934,"date":"2020-07-17T15:22:47","date_gmt":"2020-07-17T13:22:47","guid":{"rendered":"https:\/\/www.generationsanstabac.org\/actualites\/reglement-sur-la-promotion-des-produits-de-vapotage-la-coalition-decue\/"},"modified":"2020-07-17T15:22:47","modified_gmt":"2020-07-17T13:22:47","slug":"reglement-sur-la-promotion-des-produits-de-vapotage-la-coalition-decue","status":"publish","type":"actualites","link":"https:\/\/www.generationsanstabac.org\/fr\/actualites\/reglement-sur-la-promotion-des-produits-de-vapotage-la-coalition-decue\/","title":{"rendered":"R\u00e8glement sur la promotion des produits de vapotage\u202f: la Coalition d\u00e9\u00e7ue"},"content":{"rendered":"<p style=\"text-align: justify;\"><em>Le R\u00e8glement sur la promotion des produits de vapotage, r\u00e9cemment publi\u00e9 dans la partie II de La Gazette du Canada, a fortement interpell\u00e9 la Coalition, qui a enjoint les partis d\u2019opposition \u00e0 d\u00e9poser un projet de loi priv\u00e9. L\u2019objectif\u202f: une meilleure protection des jeunes.<\/em><\/p>\n<h2 style=\"text-align: justify;\">Le vapotage chez les jeunes sujets au Canada<\/h2>\n<p style=\"text-align: justify;\">Les donn\u00e9es de Statistique Canada montrent que la grande majorit\u00e9 des consommateurs des produits de vapotage sont des jeunes (qui n&rsquo;ont jamais fum\u00e9) ou des fumeurs qui vapotent et qui continuent de fumer. Selon l&rsquo;Enqu\u00eate canadienne sur le tabac, l&rsquo;alcool et les drogues chez les \u00e9l\u00e8ves<a href=\"https:\/\/www.canada.ca\/fr\/sante-canada\/services\/enquete-canadienne-tabac-alcool-et-drogues-eleves\/2018-2019-sommaire.html\">[1]<\/a>, la proportion de jeunes qui ont vapot\u00e9 dans les 30 derniers jours a plus que doubl\u00e9 entre 2016\/17 et 2018\/19 (passant de 10 \u00e0 20 %), la plupart d&rsquo;entre eux n&rsquo;ayant quasiment jamais fum\u00e9 auparavant.<\/p>\n<h2 style=\"text-align: justify;\">De nouvelles mesures<\/h2>\n<p style=\"text-align: justify;\">Dans le cadre du r\u00e8glement, la publicit\u00e9 en faveur des produits de vapotage pouvant \u00eatre vue par les jeunes dans lieux publics sera interdite \u00e0 partir du 7 ao\u00fbt, et \u00e0 partir du 6 septembre dans les points de vente qui leur sont accessibles. Toutefois, les vid\u00e9os promotionnelles restent autoris\u00e9es dans les bars, ainsi que sur les sites Internet et r\u00e9seaux sociaux limit\u00e9s aux adultes. Malheureusement, ces contenus sont facilement accessibles aux adolescents, et associent fr\u00e9quemment vapotage et \u00ab\u202fbranchitude\u202f\u00bb. La Coalition et d&rsquo;autres groupes de sant\u00e9 avaient d\u00e9j\u00e0 signal\u00e9 ce probl\u00e8me \u00e0 la ministre Patty Hadju et \u00e0 Sant\u00e9 Canada en janvier dernier.<\/p>\n<h2 style=\"text-align: justify;\">Un r\u00e8glement et des correctifs insuffisants<\/h2>\n<p style=\"text-align: justify;\">Selon Flory Doucas, porte-parole et codirectrice de la Coalition, \u00ab Ce r\u00e8glement t\u00e9moigne du laissez-faire habituel du gouvernement f\u00e9d\u00e9ral face \u00e0 l\u2019enjeu du vapotage chez les jeunes et les non-fumeurs de fa\u00e7on g\u00e9n\u00e9rale. La loi de 2018 l\u00e9galisant les produits de vapotage \u00e9tait trop faible, et les correctifs r\u00e9glementaires d\u2019aujourd&rsquo;hui le sont aussi, en plus d\u2019arriver 18 mois en retard. Le gouvernement aurait d\u00fb agir d&rsquo;urgence en 2019 alors qu\u2019il \u00e9tait \u00e9vident que l\u2019industrie d\u00e9ployait des strat\u00e9gies de promotion agressives et abusives et que le vapotage nicotinique augmentait en fl\u00e8che chez les jeunes. En fait, les nouvelles mesures existent essentiellement d\u00e9j\u00e0 au Qu\u00e9bec depuis 2016, mais n\u2019ont pas \u00e9t\u00e9 suffisantes pour renverser la tendance \u00e0 la hausse du vapotage chez les jeunes \u00bb.<\/p>\n<h2 style=\"text-align: justify;\">Combler les lacunes de la r\u00e9glementation<\/h2>\n<p style=\"text-align: justify;\">Pour Flory Doucas, il est urgent de rendre les produits de vapotage\u202f:<\/p>\n<p style=\"text-align: justify;\">&#8211; moins attractifs, en interdisant l\u2019ajout de saveurs,<\/p>\n<p style=\"text-align: justify;\">&#8211; moins addictifs, en limitant leur taux de nicotine.<\/p>\n<p style=\"text-align: justify;\">Elle ajoute que \u00ab\u202fle f\u00e9d\u00e9ral continue de permettre l\u2019aromatisation des liquides de vapotage all\u00e9chants pour les jeunes comme les saveurs de fruits. Les inspecteurs f\u00e9d\u00e9raux saisissent d\u2019innombrables produits non-conformes &#8211; comme des saveurs de bonbons &#8211; mais n\u2019\u00e9mettent jamais d&rsquo;amendes. Le f\u00e9d\u00e9ral continue aussi de permettre des taux de nicotine trois fois plus \u00e9lev\u00e9s (66 mg\/ml) que ceux permis par l\u2019Union Europ\u00e9enne (20 mg\/ml) \u00bb.<\/p>\n<p>&nbsp;<\/p>\n<p><span style=\"color: #666699;\"><a style=\"color: #666699;\" href=\"https:\/\/www.generationsanstabac.org\/\">\u00a9G\u00e9n\u00e9ration Sans Tabac<\/a><\/span><\/p>\n<hr \/>\n<p>[1] <a href=\"https:\/\/www.canada.ca\/fr\/sante-canada\/services\/enquete-canadienne-tabac-alcool-et-drogues-eleves\/2018-2019-sommaire.html\" target=\"_blank\" rel=\"noopener noreferrer\"><em>R\u00e9sum\u00e9 des r\u00e9sultats de L\u2019Enqu\u00eate canadienne sur le tabac, l\u2019alcool et les drogues chez les \u00e9l\u00e8ves 2018-2019<\/em><\/a>, Sant\u00e9 Canada (consult\u00e9 le 16 juillet 2020).<\/p>\n<p>[2] <a href=\"https:\/\/www.lelezard.com\/communique-19328448.html\" target=\"_blank\" rel=\"noopener noreferrer\"><em>Promotion des produits de vapotage : D\u00e9sesp\u00e9r\u00e9e par les lacunes de la nouvelle r\u00e9glementation f\u00e9d\u00e9rale, la Coalition appelle les partis d&rsquo;opposition \u00e0 d\u00e9poser un projet de loi priv\u00e9 pour mieux prot\u00e9ger les jeunes<\/em><\/a>, www.lelezard.com (Montr\u00e9al : 8 juillet 2020 &#8211; consult\u00e9 le 16 juillet 2020).<\/p>\n<p>Ces articles pourraient \u00e9galement vous int\u00e9resser :<\/p>\n<p><a href=\"https:\/\/www.generationsanstabac.org\/actualites\/canada-jeunes-vapoteurs-ont-double-en-deux-ans\/\" target=\"_blank\" rel=\"noopener noreferrer\"><em>Canada : les jeunes vapoteurs ont plus que doubl\u00e9 en l\u2019espace de deux ans<\/em><\/a>, G\u00e9n\u00e9ration sans tabac (5 mai 2020 &#8211; consult\u00e9 le 16 juillet 2020).<\/p>\n<p>CNCT, <a href=\"https:\/\/www.generationsanstabac.org\/actualites\/durcissement-legislation-vapotage-canadav\/\" target=\"_blank\" rel=\"noopener noreferrer\"><em>Vers un durcissement de la l\u00e9gislation sur le vapotage au Canada<\/em><\/a>, G\u00e9n\u00e9ration sans tabac (24 avril 2020 &#8211; consult\u00e9 le 16 juillet 2020).<\/p>\n<p><span style=\"color: #e8e8e8;\"><strong><a style=\"color: #e8e8e8;\" href=\"http:\/\/dnf.asso.fr\/\/\" target=\"_blank\" rel=\"noopener noreferrer\">DNF &#8211; Pour un Monde ZeroTabac | CF<\/a><\/strong><\/span><\/p>\n","protected":false},"excerpt":{"rendered":"<p>Le R\u00e8glement sur la promotion des produits de vapotage, r\u00e9cemment publi\u00e9 dans la partie II de La Gazette du Canada, a fortement interpell\u00e9 la Coalition, qui a enjoint les partis d\u2019opposition \u00e0 d\u00e9poser un projet de loi priv\u00e9. L\u2019objectif\u202f: une meilleure protection des jeunes.<\/p>\n","protected":false},"featured_media":19935,"template":"","tags":[],"thematique":[516],"class_list":["post-19934","actualites","type-actualites","status-publish","has-post-thumbnail","hentry","thematique-nouveaux-produits"],"acf":[],"_links":{"self":[{"href":"https:\/\/www.generationsanstabac.org\/fr\/wp-json\/wp\/v2\/actualites\/19934","targetHints":{"allow":["GET"]}}],"collection":[{"href":"https:\/\/www.generationsanstabac.org\/fr\/wp-json\/wp\/v2\/actualites"}],"about":[{"href":"https:\/\/www.generationsanstabac.org\/fr\/wp-json\/wp\/v2\/types\/actualites"}],"version-history":[{"count":0,"href":"https:\/\/www.generationsanstabac.org\/fr\/wp-json\/wp\/v2\/actualites\/19934\/revisions"}],"wp:featuredmedia":[{"embeddable":true,"href":"https:\/\/www.generationsanstabac.org\/fr\/wp-json\/wp\/v2\/media\/19935"}],"wp:attachment":[{"href":"https:\/\/www.generationsanstabac.org\/fr\/wp-json\/wp\/v2\/media?parent=19934"}],"wp:term":[{"taxonomy":"post_tag","embeddable":true,"href":"https:\/\/www.generationsanstabac.org\/fr\/wp-json\/wp\/v2\/tags?post=19934"},{"taxonomy":"thematique","embeddable":true,"href":"https:\/\/www.generationsanstabac.org\/fr\/wp-json\/wp\/v2\/thematique?post=19934"}],"curies":[{"name":"wp","href":"https:\/\/api.w.org\/{rel}","templated":true}]}}