{"id":19930,"date":"2020-07-16T20:04:24","date_gmt":"2020-07-16T18:04:24","guid":{"rendered":"https:\/\/www.generationsanstabac.org\/actualites\/suisse-linterdiction-de-la-cigarette-na-pas-affecte-la-restauration\/"},"modified":"2020-07-16T20:04:24","modified_gmt":"2020-07-16T18:04:24","slug":"suisse-linterdiction-de-la-cigarette-na-pas-affecte-la-restauration","status":"publish","type":"actualites","link":"https:\/\/www.generationsanstabac.org\/fr\/actualites\/suisse-linterdiction-de-la-cigarette-na-pas-affecte-la-restauration\/","title":{"rendered":"Suisse\u202f: l\u2019interdiction de la cigarette n\u2019a pas affect\u00e9 la restauration"},"content":{"rendered":"<p style=\"text-align: justify;\"><em>L\u2019interdiction de fumer dans les bars et les restaurants, instaur\u00e9e en Suisse le 1er mai 2010, a pu provoquer des inqui\u00e9tudes chez les professionnels de la gastronomie. Pourtant, le nombre d\u2019\u00e9tablissements comme les recettes du secteur montrent que cette mesure sanitaire n\u2019a pas d\u00e9courag\u00e9 les consommateurs.<\/em><\/p>\n<h2 style=\"text-align: justify;\">La sant\u00e9 prot\u00e9g\u00e9e<\/h2>\n<p style=\"text-align: justify;\">L\u2019interdiction vise avant tout \u00e0 pr\u00e9server la sant\u00e9 publique. Un an apr\u00e8s sa mise en place, la Suisse enregistrait effectivement une baisse de 22 % des cas de crise cardiaque. La sant\u00e9 du personnel en place dans les bars et restaurants a \u00e9galement \u00e9t\u00e9 prot\u00e9g\u00e9e. En effet, il avait \u00e9t\u00e9 prouv\u00e9 que ces personnes inhalaient autant de polluants en 15 minutes que s\u2019ils avaient fum\u00e9 5 cigarettes. Apr\u00e8s le 1er mai 2010, la charge toxique \u2013 enregistr\u00e9e par des badges \u2013 est devenue 16 fois plus faible.<\/p>\n<p style=\"text-align: justify;\">Aujourd\u2019hui, les acteurs de la lutte anti-tabac aimeraient aller plus loin. Le probl\u00e8me\u202f? 27 % de la population suisse fumait toujours en 2017, et le tabagisme cause dans ce pays 8 600 d\u00e9c\u00e8s par an. Il repr\u00e9sente \u00e9galement un co\u00fbt financier de plus de 10 milliards de francs suisses (incluant les d\u00e9penses de sant\u00e9 et les pertes de productivit\u00e9).<\/p>\n<h2 style=\"text-align: justify;\">La Suisse \u00ab\u202f\u00e0 la tra\u00eene\u202f\u00bb\u202f?<\/h2>\n<p style=\"text-align: justify;\">L\u2019association des ligues europ\u00e9ennes contre le cancer a publi\u00e9 un rapport sur les politiques publiques antitabac\u202fmen\u00e9es dans 35 pays europ\u00e9ens ainsi qu\u2019en Isra\u00ebl. La Suisse, dernier pays europ\u00e9en \u00e0 ne pas avoir ratifi\u00e9 la Convention-cadre de l\u2019Organisation Mondiale de la Sant\u00e9 pour la lutte antitabac (CCLAT), y appara\u00eet comme une mauvaise \u00e9l\u00e8ve. Consid\u00e9r\u00e9 par beaucoup comme l\u2019\u00ab\u202feldorado du tabac\u202f\u00bb, le pays h\u00e9berge effectivement les si\u00e8ges sociaux des plus grandes compagnies de tabac\u202f: Philip Morris International (PMI), British American Tobacco (BAT) et Japan Tobacco International (JTI). De plus, le fait que les politiques en place soient propres \u00e0 chaque canton ouvre plus facilement la porte \u00e0 l\u2019ing\u00e9rence.<\/p>\n<p style=\"text-align: justify;\">Pour faire baisser le taux de tabagisme en Suisse, le recours au paquet neutre, largement d\u00e9velopp\u00e9 en Europe, ou \u00e0 l\u2019augmentation du prix du tabac pourraient pourtant constituer des solutions qui prot\u00e8geraient la sant\u00e9 des citoyens.<\/p>\n<p><span style=\"color: #666699;\"><a style=\"color: #666699;\" href=\"https:\/\/www.generationsanstabac.org\/\">\u00a9G\u00e9n\u00e9ration Sans Tabac<\/a><\/span><\/p>\n<hr \/>\n<p>[1] <a href=\"https:\/\/www.tdg.ch\/suisse\/restauration-survecu-10-ans-tabac\/story\/20145112\" target=\"_blank\" rel=\"noopener noreferrer\"><em>La restauration a surv\u00e9cu \u00e0 10 ans sans tabac<\/em><\/a>, www.tdg.ch (30 avril 2020 &#8211; consult\u00e9 le 16 juillet 2020).<\/p>\n<p><strong>Ces articles pourraient \u00e9galement vous int\u00e9resser :<\/strong><\/p>\n<p>CNCT, <a href=\"https:\/\/www.generationsanstabac.org\/actualites\/la-suisse-est-la-patrie-des-multinationales-du-tabac\/\" target=\"_blank\" rel=\"noopener noreferrer\"><em>La Suisse est la patrie des multinationales du tabac<\/em><\/a>, G\u00e9n\u00e9ration sans tabac (7 janvier 2020 &#8211; consult\u00e9 le 16 juillet 2020).<\/p>\n<p>CNCT, <a href=\"https:\/\/www.generationsanstabac.org\/actualites\/la-suisse-mauvais-eleve-europeen-de-la-lutte-anti-tabac\/\" target=\"_blank\" rel=\"noopener noreferrer\"><em>La Suisse, mauvais \u00e9l\u00e8ve europ\u00e9en de la lutte anti-tabac<\/em><\/a>, G\u00e9n\u00e9ration sans tabac (26 f\u00e9vrier 2020 &#8211; consult\u00e9 le 16 juillet 2020).<\/p>\n<p>DNF, <a href=\"https:\/\/www.generationsanstabac.org\/actualites\/produits-tabac-aromatises-addictifs-motion-deposee-suisse\/\" target=\"_blank\" rel=\"noopener noreferrer\"><em>Produits de tabac aromatis\u00e9s et additifs : une motion d\u00e9pos\u00e9e en Suisse<\/em><\/a>, G\u00e9n\u00e9ration sans tabac (26 juin 2020 &#8211; consult\u00e9 le 16 juillet 2020).<\/p>\n<p><span style=\"color: #e8e8e8;\"><strong><a style=\"color: #e8e8e8;\" href=\"http:\/\/dnf.asso.fr\/\/\" target=\"_blank\" rel=\"noopener noreferrer\">DNF &#8211; Pour un Monde ZeroTabac | CF<\/a><\/strong><\/span><\/p>\n","protected":false},"excerpt":{"rendered":"<p>L\u2019interdiction de fumer dans les bars et les restaurants, instaur\u00e9e en Suisse le 1er mai 2010, a pu provoquer des inqui\u00e9tudes chez les professionnels de la gastronomie. Pourtant, le nombre d\u2019\u00e9tablissements comme les recettes du secteur montrent que cette mesure sanitaire n\u2019a pas d\u00e9courag\u00e9 les consommateurs.<\/p>\n","protected":false},"featured_media":19931,"template":"","tags":[],"thematique":[491,474],"class_list":["post-19930","actualites","type-actualites","status-publish","has-post-thumbnail","hentry","thematique-politiques-publiques","thematique-sante"],"acf":[],"_links":{"self":[{"href":"https:\/\/www.generationsanstabac.org\/fr\/wp-json\/wp\/v2\/actualites\/19930","targetHints":{"allow":["GET"]}}],"collection":[{"href":"https:\/\/www.generationsanstabac.org\/fr\/wp-json\/wp\/v2\/actualites"}],"about":[{"href":"https:\/\/www.generationsanstabac.org\/fr\/wp-json\/wp\/v2\/types\/actualites"}],"version-history":[{"count":0,"href":"https:\/\/www.generationsanstabac.org\/fr\/wp-json\/wp\/v2\/actualites\/19930\/revisions"}],"wp:featuredmedia":[{"embeddable":true,"href":"https:\/\/www.generationsanstabac.org\/fr\/wp-json\/wp\/v2\/media\/19931"}],"wp:attachment":[{"href":"https:\/\/www.generationsanstabac.org\/fr\/wp-json\/wp\/v2\/media?parent=19930"}],"wp:term":[{"taxonomy":"post_tag","embeddable":true,"href":"https:\/\/www.generationsanstabac.org\/fr\/wp-json\/wp\/v2\/tags?post=19930"},{"taxonomy":"thematique","embeddable":true,"href":"https:\/\/www.generationsanstabac.org\/fr\/wp-json\/wp\/v2\/thematique?post=19930"}],"curies":[{"name":"wp","href":"https:\/\/api.w.org\/{rel}","templated":true}]}}