{"id":19924,"date":"2020-07-13T11:06:40","date_gmt":"2020-07-13T09:06:40","guid":{"rendered":"https:\/\/www.generationsanstabac.org\/actualites\/coronavirus-jordanie-le-tabagisme-totalement-interdit-dans-les-lieux-clos\/"},"modified":"2020-07-13T11:06:40","modified_gmt":"2020-07-13T09:06:40","slug":"coronavirus-jordanie-le-tabagisme-totalement-interdit-dans-les-lieux-clos","status":"publish","type":"actualites","link":"https:\/\/www.generationsanstabac.org\/fr\/actualites\/coronavirus-jordanie-le-tabagisme-totalement-interdit-dans-les-lieux-clos\/","title":{"rendered":"Coronavirus en Jordanie\u202f: le tabagisme totalement interdit dans les lieux clos"},"content":{"rendered":"<p style=\"text-align: justify;\"><em>La Jordanie recensait au 2 juillet 2020 1\u202f133 cas d\u2019infection au Covid-19, et d\u00e9plorait 9 morts. Afin de prot\u00e9ger la sant\u00e9 de la population, fumer cigarettes \u00e9lectroniques et narguil\u00e9s dans des espaces publics clos y est d\u00e9sormais interdit.<\/em><\/p>\n<h2 style=\"text-align: justify;\">Tout acte de fumer concern\u00e9<\/h2>\n<p style=\"text-align: justify;\">Fumer des cigarettes dans des espaces publics clos \u00e9tait d\u00e9j\u00e0 interdit depuis 2008 en Jordanie, mais d\u00e9sormais,\u202f\u00ab\u202fafin de prot\u00e9ger la sant\u00e9 et la s\u00e9curit\u00e9 de nos citoyens, notamment dans le contexte de la pand\u00e9mie de Covid-19 et ses cons\u00e9quences, tout acte de fumer (cigarettes, \u00e9lectroniques ou non, narguil\u00e9s) est interdit dans les espaces publics clos\u202f\u00bb, a d\u00e9clar\u00e9 la Minist\u00e8re de la sant\u00e9.<\/p>\n<p style=\"text-align: justify;\">En effet, \u00ab\u202fLes fumeurs et les fumeurs passifs risquent plus d&rsquo;\u00eatre infect\u00e9s par la maladie Covid-19, avec des sympt\u00f4mes plus graves\u202f\u00bb. Cette mesure est in\u00e9dite dans le pays, o\u00f9 le narguil\u00e9 est particuli\u00e8rement pris\u00e9.<\/p>\n<h2 style=\"text-align: justify;\">Un tabagisme \u00e9lev\u00e9<\/h2>\n<p style=\"text-align: justify;\">L\u2019OMS (Organisation Mondiale de la Sant\u00e9) indique depuis longtemps que la Jordanie figure parmi les pays comptant le plus de fumeurs. Selon le quotidien britannique <em>The Guardian<\/em>, qui cite une enqu\u00eate men\u00e9e en collaboration avec l\u2019OMS, la Jordanie d\u00e9tiendrait le plus haut taux de mortalit\u00e9 due au tabagisme. Et pour cause, 8 hommes sur 10 y consomment r\u00e9guli\u00e8rement de la nicotine. Si l\u2019on exclut les vaporettes et les produits \u00ab\u202fsans fum\u00e9e\u202f\u00bb, il appara\u00eet que 66 % des hommes et 17 % des femmes fument en Jordanie. Selon une \u00e9tude nationale de 2019, la consommation moyenne pour un fumeur adulte d\u00e9passe un paquet de cigarettes par jour (21,3). Les mesures d\u2019interdiction peineraient \u00e9galement \u00e0 \u00eatre appliqu\u00e9es.<\/p>\n<p style=\"text-align: justify;\">En cause\u202f? L\u2019ing\u00e9rence de l\u2019industrie du tabac et des strat\u00e9gies tr\u00e8s agressives de la part des cigarettiers, qui rendent difficile la l\u00e9gif\u00e9ration sur le sujet. Un probl\u00e8me sanitaire de taille lorsque l\u2019on conna\u00eet l\u2019impact des tabagismes primaire, secondaire et tertiaire sur la sant\u00e9.<\/p>\n<p><span style=\"color: #666699;\"><a style=\"color: #666699;\" href=\"https:\/\/www.generationsanstabac.org\/\">\u00a9G\u00e9n\u00e9ration Sans Tabac<\/a><\/span><\/p>\n<hr \/>\n<p>[1] AFP, <a href=\"https:\/\/www.lorientlejour.com\/article\/1224463\/lutte-contre-le-coronavirus-la-jordanie-bannit-la-cigarette-des-lieux-clos.html\" target=\"_blank\" rel=\"noopener noreferrer\"><em>Lutte contre le coronavirus: la Jordanie bannit la cigarette des lieux clos<\/em><\/a>, www.lorientlejour.com (2 juillet 2020 &#8211; consult\u00e9 le 10 juillet 2020).<\/p>\n<p>&nbsp;<\/p>\n<p><strong>Ces articles pourraient \u00e9galement vous int\u00e9resser :<\/strong><\/p>\n<p>CNCT, <a href=\"https:\/\/www.generationsanstabac.org\/actualites\/jordanie-le-desastre-sanitaire-du-tabagisme\/\" target=\"_blank\" rel=\"noopener noreferrer\"><em>Jordanie. Le d\u00e9sastre sanitaire du tabagisme<\/em><\/a>, G\u00e9n\u00e9ration sans tabac (25 juin 2020 &#8211; consult\u00e9 le 10 juillet 2020).<br \/>\nCNCT, <a href=\"https:\/\/www.generationsanstabac.org\/actualites\/covid-19-et-nicotine-lalliance-contre-le-tabac-remet-les-pendules-a-lheure\/\" target=\"_blank\" rel=\"noopener noreferrer\"><em>Covid 19 et Nicotine, l\u2019Alliance Contre le Tabac remet les pendules \u00e0 l\u2018heure<\/em><\/a>, G\u00e9n\u00e9ration sans tabac (20 avril 2020 &#8211; consult\u00e9 le 10 juillet 2020).<\/p>\n<p><span style=\"color: #e8e8e8;\"><strong><a style=\"color: #e8e8e8;\" href=\"http:\/\/dnf.asso.fr\/\/\" target=\"_blank\" rel=\"noopener noreferrer\">DNF &#8211; Pour un Monde ZeroTabac | CF<\/a><\/strong><\/span><\/p>\n","protected":false},"excerpt":{"rendered":"<p>La Jordanie recensait au 2 juillet 2020 1\u202f133 cas d\u2019infection au Covid-19, et d\u00e9plorait 9 morts. Afin de prot\u00e9ger la sant\u00e9 de la population, fumer cigarettes \u00e9lectroniques et narguil\u00e9s dans des espaces publics clos y est d\u00e9sormais interdit.<\/p>\n","protected":false},"featured_media":19850,"template":"","tags":[],"thematique":[474],"class_list":["post-19924","actualites","type-actualites","status-publish","has-post-thumbnail","hentry","thematique-sante"],"acf":[],"_links":{"self":[{"href":"https:\/\/www.generationsanstabac.org\/fr\/wp-json\/wp\/v2\/actualites\/19924","targetHints":{"allow":["GET"]}}],"collection":[{"href":"https:\/\/www.generationsanstabac.org\/fr\/wp-json\/wp\/v2\/actualites"}],"about":[{"href":"https:\/\/www.generationsanstabac.org\/fr\/wp-json\/wp\/v2\/types\/actualites"}],"version-history":[{"count":0,"href":"https:\/\/www.generationsanstabac.org\/fr\/wp-json\/wp\/v2\/actualites\/19924\/revisions"}],"wp:featuredmedia":[{"embeddable":true,"href":"https:\/\/www.generationsanstabac.org\/fr\/wp-json\/wp\/v2\/media\/19850"}],"wp:attachment":[{"href":"https:\/\/www.generationsanstabac.org\/fr\/wp-json\/wp\/v2\/media?parent=19924"}],"wp:term":[{"taxonomy":"post_tag","embeddable":true,"href":"https:\/\/www.generationsanstabac.org\/fr\/wp-json\/wp\/v2\/tags?post=19924"},{"taxonomy":"thematique","embeddable":true,"href":"https:\/\/www.generationsanstabac.org\/fr\/wp-json\/wp\/v2\/thematique?post=19924"}],"curies":[{"name":"wp","href":"https:\/\/api.w.org\/{rel}","templated":true}]}}